{"id":15544,"date":"2023-11-28T14:08:32","date_gmt":"2023-11-28T17:08:32","guid":{"rendered":"https:\/\/pc.sc.gov.br\/?p=15544"},"modified":"2023-11-28T14:10:11","modified_gmt":"2023-11-28T17:10:11","slug":"policial-civil-de-core-pcsc-participa-da-iv-semana-do-sniper-em-brasilia","status":"publish","type":"post","link":"https:\/\/pc.sc.gov.br\/?p=15544","title":{"rendered":"Policial civil de CORE\/PCSC participa da IV Semana do Sniper em Bras\u00edlia"},"content":{"rendered":"\t\t<div data-elementor-type=\"wp-post\" data-elementor-id=\"15544\" class=\"elementor elementor-15544\" data-elementor-post-type=\"post\">\n\t\t\t\t\t\t<section class=\"elementor-section elementor-top-section elementor-element elementor-element-6e81654 elementor-section-boxed elementor-section-height-default elementor-section-height-default\" data-id=\"6e81654\" data-element_type=\"section\">\n\t\t\t\t\t\t<div class=\"elementor-container elementor-column-gap-default\">\n\t\t\t\t\t<div class=\"elementor-column elementor-col-100 elementor-top-column elementor-element elementor-element-e25e7a9\" data-id=\"e25e7a9\" data-element_type=\"column\">\n\t\t\t<div class=\"elementor-widget-wrap elementor-element-populated\">\n\t\t\t\t\t\t<div class=\"elementor-element elementor-element-749eb4b elementor-widget elementor-widget-heading\" data-id=\"749eb4b\" data-element_type=\"widget\" data-widget_type=\"heading.default\">\n\t\t\t\t<div class=\"elementor-widget-container\">\n\t\t\t\t\t<h2 class=\"elementor-heading-title elementor-size-default\">Policial civil de CORE\/PCSC participa da IV Semana do Sniper em Bras\u00edlia <\/h2>\t\t\t\t<\/div>\n\t\t\t\t<\/div>\n\t\t\t\t\t<\/div>\n\t\t<\/div>\n\t\t\t\t\t<\/div>\n\t\t<\/section>\n\t\t\t\t<section class=\"elementor-section elementor-top-section elementor-element elementor-element-a5632c3 elementor-section-boxed elementor-section-height-default elementor-section-height-default\" data-id=\"a5632c3\" data-element_type=\"section\">\n\t\t\t\t\t\t<div class=\"elementor-container elementor-column-gap-default\">\n\t\t\t\t\t<div class=\"elementor-column elementor-col-100 elementor-top-column elementor-element elementor-element-10a62ef\" data-id=\"10a62ef\" data-element_type=\"column\">\n\t\t\t<div class=\"elementor-widget-wrap elementor-element-populated\">\n\t\t\t\t\t\t<div class=\"elementor-element elementor-element-2f201ce elementor-widget elementor-widget-image\" data-id=\"2f201ce\" data-element_type=\"widget\" data-widget_type=\"image.default\">\n\t\t\t\t<div class=\"elementor-widget-container\">\n\t\t\t\t\t\t\t\t\t\t\t\t\t\t\t<img fetchpriority=\"high\" decoding=\"async\" width=\"696\" height=\"928\" src=\"https:\/\/pc.sc.gov.br\/\/wp-content\/uploads\/2023\/11\/8620518f-76e3-46ee-8590-16f2fadd4915-768x1024.jpg\" class=\"attachment-large size-large wp-image-15545\" alt=\"\" srcset=\"https:\/\/pc.sc.gov.br\/\/wp-content\/uploads\/2023\/11\/8620518f-76e3-46ee-8590-16f2fadd4915-768x1024.jpg 768w, https:\/\/pc.sc.gov.br\/\/wp-content\/uploads\/2023\/11\/8620518f-76e3-46ee-8590-16f2fadd4915-225x300.jpg 225w, https:\/\/pc.sc.gov.br\/\/wp-content\/uploads\/2023\/11\/8620518f-76e3-46ee-8590-16f2fadd4915.jpg 960w\" sizes=\"(max-width: 696px) 100vw, 696px\" \/>\t\t\t\t\t\t\t\t\t\t\t\t\t\t\t<\/div>\n\t\t\t\t<\/div>\n\t\t\t\t<div class=\"elementor-element elementor-element-1359338 elementor-widget elementor-widget-text-editor\" data-id=\"1359338\" data-element_type=\"widget\" data-widget_type=\"text-editor.default\">\n\t\t\t\t<div class=\"elementor-widget-container\">\n\t\t\t\t\t\t\t\t\t<p>Um policial civil da Coordenadoria de Opera\u00e7\u00f5es e Recursos Especiais da Pol\u00edcia Civil de Santa Catarina est\u00e1 participando da IV Semana do Sniper, promovida pelo Comando de Opera\u00e7\u00f5es T\u00e1ticas da Pol\u00edcia Federal, em Bras\u00edlia. Trata-se de um encontro sobre t\u00e9cnicas e treinamentos para os atiradores de precis\u00e3o policial em atividade nas unidades de opera\u00e7\u00f5es especiais de todo o Brasil.<\/p><p>Um dos objetivos \u00e9 criar uma padroniza\u00e7\u00e3o e promover a intera\u00e7\u00e3o entre os atiradores das diversas unidades participantes do evento. O curso acontece durante toda esta semana. Segundo o coordenador da CORE\/PCSC, delegado de Pol\u00edcia, Daniel Dias, \u201ca import\u00e2ncia do evento \u00e9 promover a integra\u00e7\u00e3o entre os policiais atiradores e entre as unidades de opera\u00e7\u00e3o; e a atualiza\u00e7\u00e3o sobre t\u00e9cnicas, t\u00e1ticas e equipamentos policiais utilizados para o atirador de precis\u00e3o policial\u201d. <\/p>\t\t\t\t\t\t\t\t<\/div>\n\t\t\t\t<\/div>\n\t\t\t\t\t<\/div>\n\t\t<\/div>\n\t\t\t\t\t<\/div>\n\t\t<\/section>\n\t\t\t\t<section class=\"elementor-section elementor-top-section elementor-element elementor-element-0007268 elementor-section-boxed elementor-section-height-default elementor-section-height-default\" data-id=\"0007268\" data-element_type=\"section\">\n\t\t\t\t\t\t<div class=\"elementor-container elementor-column-gap-default\">\n\t\t\t\t\t<div class=\"elementor-column elementor-col-100 elementor-top-column elementor-element elementor-element-f44960a\" data-id=\"f44960a\" data-element_type=\"column\">\n\t\t\t<div class=\"elementor-widget-wrap elementor-element-populated\">\n\t\t\t\t\t\t<div class=\"elementor-element elementor-element-a76d53c elementor-widget elementor-widget-image\" data-id=\"a76d53c\" data-element_type=\"widget\" data-widget_type=\"image.default\">\n\t\t\t\t<div class=\"elementor-widget-container\">\n\t\t\t\t\t\t\t\t\t\t\t\t\t\t\t<img decoding=\"async\" width=\"696\" height=\"522\" src=\"https:\/\/pc.sc.gov.br\/\/wp-content\/uploads\/2023\/11\/a5025c96-1390-44e8-8166-38b276e7126a.jpg\" class=\"attachment-large size-large wp-image-15546\" alt=\"\" srcset=\"https:\/\/pc.sc.gov.br\/\/wp-content\/uploads\/2023\/11\/a5025c96-1390-44e8-8166-38b276e7126a.jpg 1024w, https:\/\/pc.sc.gov.br\/\/wp-content\/uploads\/2023\/11\/a5025c96-1390-44e8-8166-38b276e7126a-300x225.jpg 300w, https:\/\/pc.sc.gov.br\/\/wp-content\/uploads\/2023\/11\/a5025c96-1390-44e8-8166-38b276e7126a-768x576.jpg 768w\" sizes=\"(max-width: 696px) 100vw, 696px\" \/>\t\t\t\t\t\t\t\t\t\t\t\t\t\t\t<\/div>\n\t\t\t\t<\/div>\n\t\t\t\t\t<\/div>\n\t\t<\/div>\n\t\t\t\t\t<\/div>\n\t\t<\/section>\n\t\t\t\t<\/div>\n\t\t","protected":false},"excerpt":{"rendered":"<p>Policial civil de CORE\/PCSC participa da IV Semana do Sniper em Bras\u00edlia Um policial civil da Coordenadoria de Opera\u00e7\u00f5es e Recursos Especiais da Pol\u00edcia Civil de Santa Catarina est\u00e1 participando da IV Semana do Sniper, promovida pelo Comando de Opera\u00e7\u00f5es T\u00e1ticas da Pol\u00edcia Federal, em Bras\u00edlia. Trata-se de um encontro sobre t\u00e9cnicas e treinamentos para [&hellip;]<\/p>\n","protected":false},"author":5,"featured_media":15545,"comment_status":"closed","ping_status":"open","sticky":false,"template":"","format":"standard","meta":{"_monsterinsights_skip_tracking":false,"_monsterinsights_sitenote_active":false,"_monsterinsights_sitenote_note":"","_monsterinsights_sitenote_category":0,"footnotes":""},"categories":[1],"tags":[],"class_list":["post-15544","post","type-post","status-publish","format-standard","has-post-thumbnail","hentry","category-sem-categoria"],"_links":{"self":[{"href":"https:\/\/pc.sc.gov.br\/index.php?rest_route=\/wp\/v2\/posts\/15544","targetHints":{"allow":["GET"]}}],"collection":[{"href":"https:\/\/pc.sc.gov.br\/index.php?rest_route=\/wp\/v2\/posts"}],"about":[{"href":"https:\/\/pc.sc.gov.br\/index.php?rest_route=\/wp\/v2\/types\/post"}],"author":[{"embeddable":true,"href":"https:\/\/pc.sc.gov.br\/index.php?rest_route=\/wp\/v2\/users\/5"}],"replies":[{"embeddable":true,"href":"https:\/\/pc.sc.gov.br\/index.php?rest_route=%2Fwp%2Fv2%2Fcomments&post=15544"}],"version-history":[{"count":4,"href":"https:\/\/pc.sc.gov.br\/index.php?rest_route=\/wp\/v2\/posts\/15544\/revisions"}],"predecessor-version":[{"id":15550,"href":"https:\/\/pc.sc.gov.br\/index.php?rest_route=\/wp\/v2\/posts\/15544\/revisions\/15550"}],"wp:featuredmedia":[{"embeddable":true,"href":"https:\/\/pc.sc.gov.br\/index.php?rest_route=\/wp\/v2\/media\/15545"}],"wp:attachment":[{"href":"https:\/\/pc.sc.gov.br\/index.php?rest_route=%2Fwp%2Fv2%2Fmedia&parent=15544"}],"wp:term":[{"taxonomy":"category","embeddable":true,"href":"https:\/\/pc.sc.gov.br\/index.php?rest_route=%2Fwp%2Fv2%2Fcategories&post=15544"},{"taxonomy":"post_tag","embeddable":true,"href":"https:\/\/pc.sc.gov.br\/index.php?rest_route=%2Fwp%2Fv2%2Ftags&post=15544"}],"curies":[{"name":"wp","href":"https:\/\/api.w.org\/{rel}","templated":true}]}}