{"id":15568,"date":"2023-11-28T17:41:07","date_gmt":"2023-11-28T20:41:07","guid":{"rendered":"https:\/\/pc.sc.gov.br\/?p=15568"},"modified":"2023-11-28T17:45:51","modified_gmt":"2023-11-28T20:45:51","slug":"em-curitiba-policia-civil-prende-ultimo-envolvido-em-furto-de-carga-de-vinhos","status":"publish","type":"post","link":"https:\/\/pc.sc.gov.br\/?p=15568","title":{"rendered":"Em Curitiba, Pol\u00edcia Civil prende \u00faltimo envolvido em furto de carga de vinhos"},"content":{"rendered":"\t\t<div data-elementor-type=\"wp-post\" data-elementor-id=\"15568\" class=\"elementor elementor-15568\" data-elementor-post-type=\"post\">\n\t\t\t\t\t\t<section class=\"elementor-section elementor-top-section elementor-element elementor-element-aa44b20 elementor-section-boxed elementor-section-height-default elementor-section-height-default\" data-id=\"aa44b20\" data-element_type=\"section\">\n\t\t\t\t\t\t<div class=\"elementor-container elementor-column-gap-default\">\n\t\t\t\t\t<div class=\"elementor-column elementor-col-100 elementor-top-column elementor-element elementor-element-e5b85d2\" data-id=\"e5b85d2\" data-element_type=\"column\">\n\t\t\t<div class=\"elementor-widget-wrap elementor-element-populated\">\n\t\t\t\t\t\t<div class=\"elementor-element elementor-element-e49d5eb elementor-widget elementor-widget-heading\" data-id=\"e49d5eb\" data-element_type=\"widget\" data-widget_type=\"heading.default\">\n\t\t\t\t<div class=\"elementor-widget-container\">\n\t\t\t\t\t<h2 class=\"elementor-heading-title elementor-size-default\">Em Curitiba, Pol\u00edcia Civil prende \u00faltimo envolvido em furto de carga de vinhos <\/h2>\t\t\t\t<\/div>\n\t\t\t\t<\/div>\n\t\t\t\t\t<\/div>\n\t\t<\/div>\n\t\t\t\t\t<\/div>\n\t\t<\/section>\n\t\t\t\t<section class=\"elementor-section elementor-top-section elementor-element elementor-element-1492b23 elementor-section-boxed elementor-section-height-default elementor-section-height-default\" data-id=\"1492b23\" data-element_type=\"section\">\n\t\t\t\t\t\t<div class=\"elementor-container elementor-column-gap-default\">\n\t\t\t\t\t<div class=\"elementor-column elementor-col-100 elementor-top-column elementor-element elementor-element-836550f\" data-id=\"836550f\" data-element_type=\"column\">\n\t\t\t<div class=\"elementor-widget-wrap elementor-element-populated\">\n\t\t\t\t\t\t<div class=\"elementor-element elementor-element-903937c elementor-widget elementor-widget-image\" data-id=\"903937c\" data-element_type=\"widget\" data-widget_type=\"image.default\">\n\t\t\t\t<div class=\"elementor-widget-container\">\n\t\t\t\t\t\t\t\t\t\t\t\t\t\t\t<img fetchpriority=\"high\" decoding=\"async\" width=\"696\" height=\"689\" src=\"https:\/\/pc.sc.gov.br\/\/wp-content\/uploads\/2023\/11\/WhatsApp-Image-2023-11-28-at-17.43.22-1024x1013.jpeg\" class=\"attachment-large size-large wp-image-15570\" alt=\"\" srcset=\"https:\/\/pc.sc.gov.br\/\/wp-content\/uploads\/2023\/11\/WhatsApp-Image-2023-11-28-at-17.43.22-1024x1013.jpeg 1024w, https:\/\/pc.sc.gov.br\/\/wp-content\/uploads\/2023\/11\/WhatsApp-Image-2023-11-28-at-17.43.22-300x297.jpeg 300w, https:\/\/pc.sc.gov.br\/\/wp-content\/uploads\/2023\/11\/WhatsApp-Image-2023-11-28-at-17.43.22-768x760.jpeg 768w, https:\/\/pc.sc.gov.br\/\/wp-content\/uploads\/2023\/11\/WhatsApp-Image-2023-11-28-at-17.43.22.jpeg 1242w\" sizes=\"(max-width: 696px) 100vw, 696px\" \/>\t\t\t\t\t\t\t\t\t\t\t\t\t\t\t<\/div>\n\t\t\t\t<\/div>\n\t\t\t\t\t<\/div>\n\t\t<\/div>\n\t\t\t\t\t<\/div>\n\t\t<\/section>\n\t\t\t\t<section class=\"elementor-section elementor-top-section elementor-element elementor-element-5fdab26 elementor-section-boxed elementor-section-height-default elementor-section-height-default\" data-id=\"5fdab26\" data-element_type=\"section\">\n\t\t\t\t\t\t<div class=\"elementor-container elementor-column-gap-default\">\n\t\t\t\t\t<div class=\"elementor-column elementor-col-100 elementor-top-column elementor-element elementor-element-1d314b0\" data-id=\"1d314b0\" data-element_type=\"column\">\n\t\t\t<div class=\"elementor-widget-wrap elementor-element-populated\">\n\t\t\t\t\t\t<div class=\"elementor-element elementor-element-c11a344 elementor-widget elementor-widget-text-editor\" data-id=\"c11a344\" data-element_type=\"widget\" data-widget_type=\"text-editor.default\">\n\t\t\t\t<div class=\"elementor-widget-container\">\n\t\t\t\t\t\t\t\t\t<p>Nesta ter\u00e7a-feira (28), a Pol\u00edcia Civil de Santa Catarina, por meio da Delegacia de Furtos e Roubos de Cargas da Diretoria Estadual de Investiga\u00e7\u00f5es Criminais (DFRC\/DEIC), deflagrou a 3\u00aa fase de opera\u00e7\u00e3o policial em uma investiga\u00e7\u00e3o relacionada a um furto de carga de vinho, ocorrido em maio deste ano. A a\u00e7\u00e3o ocorreu na cidade de Curitiba, no estado do Paran\u00e1, e resultou na pris\u00e3o de mais um dos envolvidos no fato criminoso.<span style=\"font-family: var( --e-global-typography-primary-font-family ), Sans-serif; font-size: var( --e-global-typography-primary-font-size ); font-weight: var( --e-global-typography-primary-font-weight ); letter-spacing: var( --e-global-typography-primary-letter-spacing );\">&nbsp;<\/span><\/p><p>J\u00e1 sabendo que o investigado estava usando uma tornozeleira eletr\u00f4nica pela pr\u00e1tica de crimes patrimoniais e porte ilegal de arma de fogo, ocorridos no estado do Paran\u00e1, bem como da sua rotina, a equipe de investiga\u00e7\u00e3o realizou a pris\u00e3o quando o autor deixava sua resid\u00eancia. <br><br>Na ocasi\u00e3o foi apreendido material de interesse da investiga\u00e7\u00e3o que ser\u00e1 analisado e periciado, subsidiando a investiga\u00e7\u00e3o em curso.<br><br>O Delegado titular da DFRC\/DEIC, Osnei Valdir de Oliveira, coordenou a a\u00e7\u00e3o e destaca o apoio da Divis\u00e3o de Investiga\u00e7\u00e3o Criminal de Mafra nas dilig\u00eancias e o apoio log\u00edstico da Delegacia de Furtos e Roubos de Cargas de Curitiba, assim como do Sistema Prisional.<br><br>Ap\u00f3s os procedimentos de praxe, o preso foi encaminhado ao Sistema Penitenci\u00e1rio do estado do Paran\u00e1. <br><br><b>Investiga\u00e7\u00e3o<\/b><br><br>Ap\u00f3s robustos elementos colhidos durante as primeiras fases da investiga\u00e7\u00e3o, foi poss\u00edvel a identifica\u00e7\u00e3o de um homem respons\u00e1vel pela intermedia\u00e7\u00e3o de pagamentos para que a log\u00edstica do furto obtivesse \u00eaxito.<br><br>Com a pris\u00e3o de hoje, todos os envolvidos no crime de furto da carga foram identificados e presos, em trabalho c\u00e9lere tanto da Pol\u00edcia Civil quanto do Minist\u00e9rio P\u00fablico e do Poder Judici\u00e1rio. Os demais integrantes do bando aguardam presos pela prola\u00e7\u00e3o da senten\u00e7a.<br><br>Den\u00fancias e informa\u00e7\u00f5es relacionadas a Roubo de Cargas podem ser encaminhadas para o e-mail _roubosdecargas-deic@pc.sc.gov.br ou pelo WhatsApp (48) 99161-8446. O anonimato \u00e9 garantido. <\/p>\t\t\t\t\t\t\t\t<\/div>\n\t\t\t\t<\/div>\n\t\t\t\t\t<\/div>\n\t\t<\/div>\n\t\t\t\t\t<\/div>\n\t\t<\/section>\n\t\t\t\t<\/div>\n\t\t","protected":false},"excerpt":{"rendered":"<p>Em Curitiba, Pol\u00edcia Civil prende \u00faltimo envolvido em furto de carga de vinhos Nesta ter\u00e7a-feira (28), a Pol\u00edcia Civil de Santa Catarina, por meio da Delegacia de Furtos e Roubos de Cargas da Diretoria Estadual de Investiga\u00e7\u00f5es Criminais (DFRC\/DEIC), deflagrou a 3\u00aa fase de opera\u00e7\u00e3o policial em uma investiga\u00e7\u00e3o relacionada a um furto de carga [&hellip;]<\/p>\n","protected":false},"author":5,"featured_media":15570,"comment_status":"closed","ping_status":"open","sticky":false,"template":"","format":"standard","meta":{"_monsterinsights_skip_tracking":false,"_monsterinsights_sitenote_active":false,"_monsterinsights_sitenote_note":"","_monsterinsights_sitenote_category":0,"footnotes":""},"categories":[1],"tags":[],"class_list":["post-15568","post","type-post","status-publish","format-standard","has-post-thumbnail","hentry","category-sem-categoria"],"_links":{"self":[{"href":"https:\/\/pc.sc.gov.br\/index.php?rest_route=\/wp\/v2\/posts\/15568","targetHints":{"allow":["GET"]}}],"collection":[{"href":"https:\/\/pc.sc.gov.br\/index.php?rest_route=\/wp\/v2\/posts"}],"about":[{"href":"https:\/\/pc.sc.gov.br\/index.php?rest_route=\/wp\/v2\/types\/post"}],"author":[{"embeddable":true,"href":"https:\/\/pc.sc.gov.br\/index.php?rest_route=\/wp\/v2\/users\/5"}],"replies":[{"embeddable":true,"href":"https:\/\/pc.sc.gov.br\/index.php?rest_route=%2Fwp%2Fv2%2Fcomments&post=15568"}],"version-history":[{"count":7,"href":"https:\/\/pc.sc.gov.br\/index.php?rest_route=\/wp\/v2\/posts\/15568\/revisions"}],"predecessor-version":[{"id":15576,"href":"https:\/\/pc.sc.gov.br\/index.php?rest_route=\/wp\/v2\/posts\/15568\/revisions\/15576"}],"wp:featuredmedia":[{"embeddable":true,"href":"https:\/\/pc.sc.gov.br\/index.php?rest_route=\/wp\/v2\/media\/15570"}],"wp:attachment":[{"href":"https:\/\/pc.sc.gov.br\/index.php?rest_route=%2Fwp%2Fv2%2Fmedia&parent=15568"}],"wp:term":[{"taxonomy":"category","embeddable":true,"href":"https:\/\/pc.sc.gov.br\/index.php?rest_route=%2Fwp%2Fv2%2Fcategories&post=15568"},{"taxonomy":"post_tag","embeddable":true,"href":"https:\/\/pc.sc.gov.br\/index.php?rest_route=%2Fwp%2Fv2%2Ftags&post=15568"}],"curies":[{"name":"wp","href":"https:\/\/api.w.org\/{rel}","templated":true}]}}