{"id":15590,"date":"2023-11-29T09:31:50","date_gmt":"2023-11-29T12:31:50","guid":{"rendered":"https:\/\/pc.sc.gov.br\/?p=15590"},"modified":"2023-11-29T09:51:40","modified_gmt":"2023-11-29T12:51:40","slug":"delegacia-de-capturas-da-deic-prende-matador-de-aluguel-em-foz-do-iguacu","status":"publish","type":"post","link":"https:\/\/pc.sc.gov.br\/?p=15590","title":{"rendered":"Delegacia de Capturas da DEIC prende &#8220;matador de aluguel&#8221; em Foz do Igua\u00e7u"},"content":{"rendered":"\t\t<div data-elementor-type=\"wp-post\" data-elementor-id=\"15590\" class=\"elementor elementor-15590\" data-elementor-post-type=\"post\">\n\t\t\t\t\t\t<section class=\"elementor-section elementor-top-section elementor-element elementor-element-9429242 elementor-section-boxed elementor-section-height-default elementor-section-height-default\" data-id=\"9429242\" data-element_type=\"section\">\n\t\t\t\t\t\t<div class=\"elementor-container elementor-column-gap-default\">\n\t\t\t\t\t<div class=\"elementor-column elementor-col-100 elementor-top-column elementor-element elementor-element-474766a\" data-id=\"474766a\" data-element_type=\"column\">\n\t\t\t<div class=\"elementor-widget-wrap elementor-element-populated\">\n\t\t\t\t\t\t<div class=\"elementor-element elementor-element-1ef89f7 elementor-widget elementor-widget-heading\" data-id=\"1ef89f7\" data-element_type=\"widget\" data-widget_type=\"heading.default\">\n\t\t\t\t<div class=\"elementor-widget-container\">\n\t\t\t\t\t<h2 class=\"elementor-heading-title elementor-size-default\">Delegacia de Capturas da DEIC prende \"matador de aluguel\" em Foz do Igua\u00e7u<\/h2>\t\t\t\t<\/div>\n\t\t\t\t<\/div>\n\t\t\t\t\t<\/div>\n\t\t<\/div>\n\t\t\t\t\t<\/div>\n\t\t<\/section>\n\t\t\t\t<section class=\"elementor-section elementor-top-section elementor-element elementor-element-2fd5a33 elementor-section-boxed elementor-section-height-default elementor-section-height-default\" data-id=\"2fd5a33\" data-element_type=\"section\">\n\t\t\t\t\t\t<div class=\"elementor-container elementor-column-gap-default\">\n\t\t\t\t\t<div class=\"elementor-column elementor-col-100 elementor-top-column elementor-element elementor-element-ab0e845\" data-id=\"ab0e845\" data-element_type=\"column\">\n\t\t\t<div class=\"elementor-widget-wrap elementor-element-populated\">\n\t\t\t\t\t\t<div class=\"elementor-element elementor-element-d4b822e elementor-widget elementor-widget-image\" data-id=\"d4b822e\" data-element_type=\"widget\" data-widget_type=\"image.default\">\n\t\t\t\t<div class=\"elementor-widget-container\">\n\t\t\t\t\t\t\t\t\t\t\t\t\t\t\t<img fetchpriority=\"high\" decoding=\"async\" width=\"696\" height=\"928\" src=\"https:\/\/pc.sc.gov.br\/\/wp-content\/uploads\/2023\/11\/WhatsApp-Image-2023-11-29-at-08.54.15-768x1024.jpeg\" class=\"attachment-large size-large wp-image-15591\" alt=\"\" srcset=\"https:\/\/pc.sc.gov.br\/\/wp-content\/uploads\/2023\/11\/WhatsApp-Image-2023-11-29-at-08.54.15-768x1024.jpeg 768w, https:\/\/pc.sc.gov.br\/\/wp-content\/uploads\/2023\/11\/WhatsApp-Image-2023-11-29-at-08.54.15-225x300.jpeg 225w, https:\/\/pc.sc.gov.br\/\/wp-content\/uploads\/2023\/11\/WhatsApp-Image-2023-11-29-at-08.54.15-1152x1536.jpeg 1152w, https:\/\/pc.sc.gov.br\/\/wp-content\/uploads\/2023\/11\/WhatsApp-Image-2023-11-29-at-08.54.15.jpeg 1200w\" sizes=\"(max-width: 696px) 100vw, 696px\" \/>\t\t\t\t\t\t\t\t\t\t\t\t\t\t\t<\/div>\n\t\t\t\t<\/div>\n\t\t\t\t\t<\/div>\n\t\t<\/div>\n\t\t\t\t\t<\/div>\n\t\t<\/section>\n\t\t\t\t<section class=\"elementor-section elementor-top-section elementor-element elementor-element-2992396 elementor-section-boxed elementor-section-height-default elementor-section-height-default\" data-id=\"2992396\" data-element_type=\"section\">\n\t\t\t\t\t\t<div class=\"elementor-container elementor-column-gap-default\">\n\t\t\t\t\t<div class=\"elementor-column elementor-col-100 elementor-top-column elementor-element elementor-element-dd75114\" data-id=\"dd75114\" data-element_type=\"column\">\n\t\t\t<div class=\"elementor-widget-wrap elementor-element-populated\">\n\t\t\t\t\t\t<div class=\"elementor-element elementor-element-7e94f7a elementor-widget elementor-widget-text-editor\" data-id=\"7e94f7a\" data-element_type=\"widget\" data-widget_type=\"text-editor.default\">\n\t\t\t\t<div class=\"elementor-widget-container\">\n\t\t\t\t\t\t\t\t\t<p>Nesta quarta-feira (29), a Pol\u00edcia Civil de Santa Catarina, por meio da Delegacia de Capturas da Diretoria Estadual de Investiga\u00e7\u00f5es Criminais (DECAP\/ DEIC), cumpriu mandado de pris\u00e3o, expedido em desfavor de um homem pelo crime previsto no art. 121, \u00a7 2, I e IV do C\u00f3digo Penal, oriundo da 1\u00b0 Vara de Criminal de Ararangu\u00e1. Ap\u00f3s competente trabalho investigativo da Divis\u00e3o de Investiga\u00e7\u00e3o Criminal de Ararangu\u00e1, o homem foi condenado por ser o executor de um homic\u00eddio encomendado ocorrido em 2008 no sul do Estado.<\/p>\n<p>Os policiais civis de Ararangu\u00e1, ap\u00f3s verificarem que o autor se evadiu da cidade, repassaram informa\u00e7\u00f5es e solicitaram apoio na localiza\u00e7\u00e3o e captura do ent\u00e3o foragido \u00e0 DECAP\/ DEIC. Ap\u00f3s diversas dilig\u00eancias investigativas, foi poss\u00edvel descobrir o paradeiro do homem, que foi encontrado no bairro Jardim Am\u00e9rica, em Foz do Igua\u00e7u, no Paran\u00e1. A pris\u00e3o contou com o apoio da Divis\u00e3o Estadual de Narc\u00f3ticos da Pol\u00edcia Civil do Paran\u00e1 e do Centro Integrado de Opera\u00e7\u00f5es de Fronteira do MJ.<\/p>\n<p><b>Entenda o caso<\/b><\/p>\n<p>No dia 6 de fevereiro de 2008, um empres\u00e1rio foi abordado quando chegava em sua casa na Avenida Beira-Mar, no Balne\u00e1rio Arroio do Silva. Na ocasi\u00e3o, ele foi alvejado e executado por cinco tiros de rev\u00f3lver. Conforme investigado pela DIC de Ararangu\u00e1, o empres\u00e1rio e o homem, que foi apontado posteriormente como mandante da execu\u00e7\u00e3o, at\u00e9 o m\u00eas de novembro de 2004, mantinham uma sociedade empresarial informal. Eram, junto com uma terceira pessoa, os s\u00f3cios de uma empresa do ramo da constru\u00e7\u00e3o.<\/p>\n<p>Por\u00e9m, durante o exerc\u00edcio da atividade empresarial, os s\u00f3cios, a v\u00edtima e o mandante da morte, passaram a discordar no que dizia respeito \u00e0 administra\u00e7\u00e3o da empresa, culminando no afastamento do s\u00f3cio (mandante), em novembro de 2004. Esse rompimento n\u00e3o foi bem aceito pelo s\u00f3cio afastado, que entendia lhe ser devido valor superior ao efetivamente pago pela participa\u00e7\u00e3o na empresa e que passou a proferir amea\u00e7as de que se vingaria do ex-s\u00f3cio pelo fato de, no seu entender, ele teria sido lesado financeiramente.<\/p>\n<p>Assim, no ano de 2008, o s\u00f3cio afastado fez contato contato com o homem, que foi preso nesta quarta-feira (29), e contratou ele e seu primo, pagando a eles a import\u00e2ncia de R$ 5 mil para que matassem o s\u00f3cio. No dia 25 de agosto deste ano, o s\u00f3cio que teria sido o mandante pela morte da v\u00edtima foi preso tamb\u00e9m pela DECAP\/DEIC, em Florian\u00f3polis.<\/p>\n<p><b>DECAP\/DEIC<\/b><\/p>\n<p>Contando com essa pris\u00e3o, a DECAP-DEIC j\u00e1 realizou 75 pris\u00f5es neste ano. A unidade especializada refor\u00e7a o seu compromisso em prol da seguran\u00e7a da sociedade catarinense e se compromete com as demais unidades policiais do Estado no aux\u00edlio \u00e0 captura de foragidos.<\/p>\n<p>Den\u00fancias e informa\u00e7\u00f5es relacionadas a foragidos da Justi\u00e7a podem ser encaminhadas para o e-mail deic-capturas@pc.sc.gov.br. Al\u00e9m disso, pelo&nbsp;<a href=\"https:\/\/sistemas.pc.sc.gov.br\/foragidos\/\" target=\"_blank\"><b>Portal Foragidos da PCSC<\/b><\/a>&nbsp;\u00e9 poss\u00edvel conhecer a rela\u00e7\u00e3o de procurados pela Justi\u00e7a. A Pol\u00edcia Civil de Santa Catarina garante o anonimato de quem prestar informa\u00e7\u00f5es sobre foragidos.<\/p>\t\t\t\t\t\t\t\t<\/div>\n\t\t\t\t<\/div>\n\t\t\t\t\t<\/div>\n\t\t<\/div>\n\t\t\t\t\t<\/div>\n\t\t<\/section>\n\t\t\t\t<\/div>\n\t\t","protected":false},"excerpt":{"rendered":"<p>Delegacia de Capturas da DEIC prende &#8220;matador de aluguel&#8221; em Foz do Igua\u00e7u Nesta quarta-feira (29), a Pol\u00edcia Civil de Santa Catarina, por meio da Delegacia de Capturas da Diretoria Estadual de Investiga\u00e7\u00f5es Criminais (DECAP\/ DEIC), cumpriu mandado de pris\u00e3o, expedido em desfavor de um homem pelo crime previsto no art. 121, \u00a7 2, I [&hellip;]<\/p>\n","protected":false},"author":5,"featured_media":15591,"comment_status":"closed","ping_status":"open","sticky":false,"template":"","format":"standard","meta":{"_monsterinsights_skip_tracking":false,"_monsterinsights_sitenote_active":false,"_monsterinsights_sitenote_note":"","_monsterinsights_sitenote_category":0,"footnotes":""},"categories":[1],"tags":[],"class_list":["post-15590","post","type-post","status-publish","format-standard","has-post-thumbnail","hentry","category-sem-categoria"],"_links":{"self":[{"href":"https:\/\/pc.sc.gov.br\/index.php?rest_route=\/wp\/v2\/posts\/15590","targetHints":{"allow":["GET"]}}],"collection":[{"href":"https:\/\/pc.sc.gov.br\/index.php?rest_route=\/wp\/v2\/posts"}],"about":[{"href":"https:\/\/pc.sc.gov.br\/index.php?rest_route=\/wp\/v2\/types\/post"}],"author":[{"embeddable":true,"href":"https:\/\/pc.sc.gov.br\/index.php?rest_route=\/wp\/v2\/users\/5"}],"replies":[{"embeddable":true,"href":"https:\/\/pc.sc.gov.br\/index.php?rest_route=%2Fwp%2Fv2%2Fcomments&post=15590"}],"version-history":[{"count":10,"href":"https:\/\/pc.sc.gov.br\/index.php?rest_route=\/wp\/v2\/posts\/15590\/revisions"}],"predecessor-version":[{"id":15601,"href":"https:\/\/pc.sc.gov.br\/index.php?rest_route=\/wp\/v2\/posts\/15590\/revisions\/15601"}],"wp:featuredmedia":[{"embeddable":true,"href":"https:\/\/pc.sc.gov.br\/index.php?rest_route=\/wp\/v2\/media\/15591"}],"wp:attachment":[{"href":"https:\/\/pc.sc.gov.br\/index.php?rest_route=%2Fwp%2Fv2%2Fmedia&parent=15590"}],"wp:term":[{"taxonomy":"category","embeddable":true,"href":"https:\/\/pc.sc.gov.br\/index.php?rest_route=%2Fwp%2Fv2%2Fcategories&post=15590"},{"taxonomy":"post_tag","embeddable":true,"href":"https:\/\/pc.sc.gov.br\/index.php?rest_route=%2Fwp%2Fv2%2Ftags&post=15590"}],"curies":[{"name":"wp","href":"https:\/\/api.w.org\/{rel}","templated":true}]}}