{"id":15602,"date":"2023-11-29T13:04:22","date_gmt":"2023-11-29T16:04:22","guid":{"rendered":"https:\/\/pc.sc.gov.br\/?p=15602"},"modified":"2023-11-29T13:07:34","modified_gmt":"2023-11-29T16:07:34","slug":"em-sao-joaquim-policia-civil-deflagra-operacao-saturacao-e-prende-quatro-pessoas-envolvidas-com-trafico-de-drogas","status":"publish","type":"post","link":"https:\/\/pc.sc.gov.br\/?p=15602","title":{"rendered":"Em S\u00e3o Joaquim, Pol\u00edcia Civil deflagra opera\u00e7\u00e3o \u201cSatura\u00e7\u00e3o\u201d e prende quatro pessoas envolvidas com tr\u00e1fico de drogas"},"content":{"rendered":"\t\t<div data-elementor-type=\"wp-post\" data-elementor-id=\"15602\" class=\"elementor elementor-15602\" data-elementor-post-type=\"post\">\n\t\t\t\t\t\t<section class=\"elementor-section elementor-top-section elementor-element elementor-element-6f8da56 elementor-section-boxed elementor-section-height-default elementor-section-height-default\" data-id=\"6f8da56\" data-element_type=\"section\">\n\t\t\t\t\t\t<div class=\"elementor-container elementor-column-gap-default\">\n\t\t\t\t\t<div class=\"elementor-column elementor-col-100 elementor-top-column elementor-element elementor-element-3264d94\" data-id=\"3264d94\" data-element_type=\"column\">\n\t\t\t<div class=\"elementor-widget-wrap elementor-element-populated\">\n\t\t\t\t\t\t<div class=\"elementor-element elementor-element-4749dc0 elementor-widget elementor-widget-heading\" data-id=\"4749dc0\" data-element_type=\"widget\" data-widget_type=\"heading.default\">\n\t\t\t\t<div class=\"elementor-widget-container\">\n\t\t\t\t\t<h2 class=\"elementor-heading-title elementor-size-default\">Em S\u00e3o Joaquim, Pol\u00edcia Civil deflagra opera\u00e7\u00e3o \u201cSatura\u00e7\u00e3o\u201d e prende quatro pessoas envolvidas com tr\u00e1fico de drogas<\/h2>\t\t\t\t<\/div>\n\t\t\t\t<\/div>\n\t\t\t\t\t<\/div>\n\t\t<\/div>\n\t\t\t\t\t<\/div>\n\t\t<\/section>\n\t\t\t\t<section class=\"elementor-section elementor-top-section elementor-element elementor-element-e866372 elementor-section-boxed elementor-section-height-default elementor-section-height-default\" data-id=\"e866372\" data-element_type=\"section\">\n\t\t\t\t\t\t<div class=\"elementor-container elementor-column-gap-default\">\n\t\t\t\t\t<div class=\"elementor-column elementor-col-100 elementor-top-column elementor-element elementor-element-3cfc07d\" data-id=\"3cfc07d\" data-element_type=\"column\">\n\t\t\t<div class=\"elementor-widget-wrap elementor-element-populated\">\n\t\t\t\t\t\t<div class=\"elementor-element elementor-element-3cf7acc elementor-widget elementor-widget-image\" data-id=\"3cf7acc\" data-element_type=\"widget\" data-widget_type=\"image.default\">\n\t\t\t\t<div class=\"elementor-widget-container\">\n\t\t\t\t\t\t\t\t\t\t\t\t\t\t\t<img fetchpriority=\"high\" decoding=\"async\" width=\"696\" height=\"522\" src=\"https:\/\/pc.sc.gov.br\/\/wp-content\/uploads\/2023\/11\/WhatsApp-Image-2023-11-29-at-12.59.01-1024x768.jpeg\" class=\"attachment-large size-large wp-image-15604\" alt=\"\" srcset=\"https:\/\/pc.sc.gov.br\/\/wp-content\/uploads\/2023\/11\/WhatsApp-Image-2023-11-29-at-12.59.01-1024x768.jpeg 1024w, https:\/\/pc.sc.gov.br\/\/wp-content\/uploads\/2023\/11\/WhatsApp-Image-2023-11-29-at-12.59.01-300x225.jpeg 300w, https:\/\/pc.sc.gov.br\/\/wp-content\/uploads\/2023\/11\/WhatsApp-Image-2023-11-29-at-12.59.01-768x576.jpeg 768w, https:\/\/pc.sc.gov.br\/\/wp-content\/uploads\/2023\/11\/WhatsApp-Image-2023-11-29-at-12.59.01.jpeg 1280w\" sizes=\"(max-width: 696px) 100vw, 696px\" \/>\t\t\t\t\t\t\t\t\t\t\t\t\t\t\t<\/div>\n\t\t\t\t<\/div>\n\t\t\t\t\t<\/div>\n\t\t<\/div>\n\t\t\t\t\t<\/div>\n\t\t<\/section>\n\t\t\t\t<section class=\"elementor-section elementor-top-section elementor-element elementor-element-e2e1950 elementor-section-boxed elementor-section-height-default elementor-section-height-default\" data-id=\"e2e1950\" data-element_type=\"section\">\n\t\t\t\t\t\t<div class=\"elementor-container elementor-column-gap-default\">\n\t\t\t\t\t<div class=\"elementor-column elementor-col-100 elementor-top-column elementor-element elementor-element-6ad0f99\" data-id=\"6ad0f99\" data-element_type=\"column\">\n\t\t\t<div class=\"elementor-widget-wrap elementor-element-populated\">\n\t\t\t\t\t\t<div class=\"elementor-element elementor-element-f78b38e elementor-widget elementor-widget-text-editor\" data-id=\"f78b38e\" data-element_type=\"widget\" data-widget_type=\"text-editor.default\">\n\t\t\t\t<div class=\"elementor-widget-container\">\n\t\t\t\t\t\t\t\t\t<p>Na ter\u00e7a-feira (28), a Pol\u00edcia Civil de Santa Catarina, por meio da Divis\u00e3o de Investiga\u00e7\u00e3o Criminal e de demais policiais civis da Delegacia Regional de S\u00e3o Joaquim, deflagrou a opera\u00e7\u00e3o \u201cSatura\u00e7\u00e3o\u201d com o objetivo de combater o tr\u00e1fico de drogas em S\u00e3o Joaquim. <br>Al\u00e9m da pris\u00e3o de quatro pessoas envolvidas com o tr\u00e1fico de drogas, durante a opera\u00e7\u00e3o, foram cumpridos 17 mandados de busca e apreens\u00e3o, que resultaram na apreens\u00e3o de entorpecentes, previamente empacotados com valores definidos; balan\u00e7a de precis\u00e3o; grande soma em dinheiro; e dispositivos inform\u00e1ticos. <br>A a\u00e7\u00e3o contou com o apoio de policiais civis de Ca\u00e7ador, Crici\u00fama, Curitibanos, Campos Novos, Ituporanga, Lages, do N\u00facleo de Opera\u00e7\u00f5es de C\u00e3es de Crici\u00fama e do Canil da Pol\u00edcia Militar. <br>Os detidos foram encaminhados ao pres\u00eddio e est\u00e3o \u00e0 disposi\u00e7\u00e3o da Justi\u00e7a. As investiga\u00e7\u00f5es em rela\u00e7\u00e3o ao tr\u00e1fico de entorpecentes continuam.<\/p>\t\t\t\t\t\t\t\t<\/div>\n\t\t\t\t<\/div>\n\t\t\t\t\t<\/div>\n\t\t<\/div>\n\t\t\t\t\t<\/div>\n\t\t<\/section>\n\t\t\t\t<\/div>\n\t\t","protected":false},"excerpt":{"rendered":"<p>Em S\u00e3o Joaquim, Pol\u00edcia Civil deflagra opera\u00e7\u00e3o \u201cSatura\u00e7\u00e3o\u201d e prende quatro pessoas envolvidas com tr\u00e1fico de drogas Na ter\u00e7a-feira (28), a Pol\u00edcia Civil de Santa Catarina, por meio da Divis\u00e3o de Investiga\u00e7\u00e3o Criminal e de demais policiais civis da Delegacia Regional de S\u00e3o Joaquim, deflagrou a opera\u00e7\u00e3o \u201cSatura\u00e7\u00e3o\u201d com o objetivo de combater o tr\u00e1fico [&hellip;]<\/p>\n","protected":false},"author":5,"featured_media":15604,"comment_status":"closed","ping_status":"open","sticky":false,"template":"","format":"standard","meta":{"_monsterinsights_skip_tracking":false,"_monsterinsights_sitenote_active":false,"_monsterinsights_sitenote_note":"","_monsterinsights_sitenote_category":0,"footnotes":""},"categories":[1],"tags":[],"class_list":["post-15602","post","type-post","status-publish","format-standard","has-post-thumbnail","hentry","category-sem-categoria"],"_links":{"self":[{"href":"https:\/\/pc.sc.gov.br\/index.php?rest_route=\/wp\/v2\/posts\/15602","targetHints":{"allow":["GET"]}}],"collection":[{"href":"https:\/\/pc.sc.gov.br\/index.php?rest_route=\/wp\/v2\/posts"}],"about":[{"href":"https:\/\/pc.sc.gov.br\/index.php?rest_route=\/wp\/v2\/types\/post"}],"author":[{"embeddable":true,"href":"https:\/\/pc.sc.gov.br\/index.php?rest_route=\/wp\/v2\/users\/5"}],"replies":[{"embeddable":true,"href":"https:\/\/pc.sc.gov.br\/index.php?rest_route=%2Fwp%2Fv2%2Fcomments&post=15602"}],"version-history":[{"count":7,"href":"https:\/\/pc.sc.gov.br\/index.php?rest_route=\/wp\/v2\/posts\/15602\/revisions"}],"predecessor-version":[{"id":15611,"href":"https:\/\/pc.sc.gov.br\/index.php?rest_route=\/wp\/v2\/posts\/15602\/revisions\/15611"}],"wp:featuredmedia":[{"embeddable":true,"href":"https:\/\/pc.sc.gov.br\/index.php?rest_route=\/wp\/v2\/media\/15604"}],"wp:attachment":[{"href":"https:\/\/pc.sc.gov.br\/index.php?rest_route=%2Fwp%2Fv2%2Fmedia&parent=15602"}],"wp:term":[{"taxonomy":"category","embeddable":true,"href":"https:\/\/pc.sc.gov.br\/index.php?rest_route=%2Fwp%2Fv2%2Fcategories&post=15602"},{"taxonomy":"post_tag","embeddable":true,"href":"https:\/\/pc.sc.gov.br\/index.php?rest_route=%2Fwp%2Fv2%2Ftags&post=15602"}],"curies":[{"name":"wp","href":"https:\/\/api.w.org\/{rel}","templated":true}]}}