{"id":15612,"date":"2023-11-29T13:24:38","date_gmt":"2023-11-29T16:24:38","guid":{"rendered":"https:\/\/pc.sc.gov.br\/?p=15612"},"modified":"2023-11-29T13:26:28","modified_gmt":"2023-11-29T16:26:28","slug":"na-capital-delegacia-de-capturas-da-deic-prende-dois-homens-foragidos-da-justica-do-rio-grande-do-sul","status":"publish","type":"post","link":"https:\/\/pc.sc.gov.br\/?p=15612","title":{"rendered":"Na Capital, Delegacia de Capturas da DEIC prende dois homens foragidos da Justi\u00e7a do Rio Grande do Sul"},"content":{"rendered":"\t\t<div data-elementor-type=\"wp-post\" data-elementor-id=\"15612\" class=\"elementor elementor-15612\" data-elementor-post-type=\"post\">\n\t\t\t\t\t\t<section class=\"elementor-section elementor-top-section elementor-element elementor-element-eb2cefc elementor-section-boxed elementor-section-height-default elementor-section-height-default\" data-id=\"eb2cefc\" data-element_type=\"section\">\n\t\t\t\t\t\t<div class=\"elementor-container elementor-column-gap-default\">\n\t\t\t\t\t<div class=\"elementor-column elementor-col-100 elementor-top-column elementor-element elementor-element-e05b8fb\" data-id=\"e05b8fb\" data-element_type=\"column\">\n\t\t\t<div class=\"elementor-widget-wrap elementor-element-populated\">\n\t\t\t\t\t\t<div class=\"elementor-element elementor-element-1076870 elementor-widget elementor-widget-heading\" data-id=\"1076870\" data-element_type=\"widget\" data-widget_type=\"heading.default\">\n\t\t\t\t<div class=\"elementor-widget-container\">\n\t\t\t\t\t<h2 class=\"elementor-heading-title elementor-size-default\">Na Capital, Delegacia de Capturas da DEIC prende dois homens foragidos da Justi\u00e7a do Rio Grande do Sul<\/h2>\t\t\t\t<\/div>\n\t\t\t\t<\/div>\n\t\t\t\t\t<\/div>\n\t\t<\/div>\n\t\t\t\t\t<\/div>\n\t\t<\/section>\n\t\t\t\t<section class=\"elementor-section elementor-top-section elementor-element elementor-element-eca1caa elementor-section-boxed elementor-section-height-default elementor-section-height-default\" data-id=\"eca1caa\" data-element_type=\"section\">\n\t\t\t\t\t\t<div class=\"elementor-container elementor-column-gap-default\">\n\t\t\t\t\t<div class=\"elementor-column elementor-col-100 elementor-top-column elementor-element elementor-element-93ad2fa\" data-id=\"93ad2fa\" data-element_type=\"column\">\n\t\t\t<div class=\"elementor-widget-wrap elementor-element-populated\">\n\t\t\t\t\t\t<div class=\"elementor-element elementor-element-744a79f elementor-widget elementor-widget-image\" data-id=\"744a79f\" data-element_type=\"widget\" data-widget_type=\"image.default\">\n\t\t\t\t<div class=\"elementor-widget-container\">\n\t\t\t\t\t\t\t\t\t\t\t\t\t\t\t<img fetchpriority=\"high\" decoding=\"async\" width=\"696\" height=\"517\" src=\"https:\/\/pc.sc.gov.br\/\/wp-content\/uploads\/2023\/06\/DEIC-PAREDE-1.jpeg\" class=\"attachment-large size-large wp-image-10917\" alt=\"\" srcset=\"https:\/\/pc.sc.gov.br\/\/wp-content\/uploads\/2023\/06\/DEIC-PAREDE-1.jpeg 1024w, https:\/\/pc.sc.gov.br\/\/wp-content\/uploads\/2023\/06\/DEIC-PAREDE-1-300x223.jpeg 300w, https:\/\/pc.sc.gov.br\/\/wp-content\/uploads\/2023\/06\/DEIC-PAREDE-1-768x571.jpeg 768w\" sizes=\"(max-width: 696px) 100vw, 696px\" \/>\t\t\t\t\t\t\t\t\t\t\t\t\t\t\t<\/div>\n\t\t\t\t<\/div>\n\t\t\t\t\t<\/div>\n\t\t<\/div>\n\t\t\t\t\t<\/div>\n\t\t<\/section>\n\t\t\t\t<section class=\"elementor-section elementor-top-section elementor-element elementor-element-cd3a680 elementor-section-boxed elementor-section-height-default elementor-section-height-default\" data-id=\"cd3a680\" data-element_type=\"section\">\n\t\t\t\t\t\t<div class=\"elementor-container elementor-column-gap-default\">\n\t\t\t\t\t<div class=\"elementor-column elementor-col-100 elementor-top-column elementor-element elementor-element-1457ba8\" data-id=\"1457ba8\" data-element_type=\"column\">\n\t\t\t<div class=\"elementor-widget-wrap elementor-element-populated\">\n\t\t\t\t\t\t<div class=\"elementor-element elementor-element-3163007 elementor-widget elementor-widget-text-editor\" data-id=\"3163007\" data-element_type=\"widget\" data-widget_type=\"text-editor.default\">\n\t\t\t\t<div class=\"elementor-widget-container\">\n\t\t\t\t\t\t\t\t\t<p>Nesta quarta-feira (29), a Pol\u00edcia Civil de Santa Catarina, por meio da Delegacia de Capturas da Diretoria Estadual de Investiga\u00e7\u00f5es Criminais (DECAP\/DEIC), capturou dois foragidos em Florian\u00f3polis. A a\u00e7\u00e3o contou com o apoio da Delegacia de Roubos e Antissequestro e da Delegacia de Repress\u00e3o ao Racismo e Delitos de Intoler\u00e2ncia, ambas da DEIC, e da Pol\u00edcia Civil do Rio Grande do Sul, por meio da Delegacia de Homic\u00eddios de Santa Maria.<br>Os dois homens tinham mandados, de pris\u00e3o preventiva e de recaptura, expedidos pela Justi\u00e7a Ga\u00facha, em aberto. Ap\u00f3s competente trabalho investigativo da PCRS, foi representado pela pris\u00e3o preventiva de um dos homens pelo crime de homic\u00eddio qualificado ocorrido em Santa Maria, no Rio Grande do Sul. <br>Esse homem e o seu irm\u00e3o, fugitivo do Sistema Prisional do Rio Grande do Sul h\u00e1 pelo menos dois anos, estavam homiziados no bairro Vargem Grande, em Florian\u00f3polis. Ap\u00f3s dilig\u00eancias investigativas, foi poss\u00edvel obter o paradeiro dos dois, que foram localizados e presos na manh\u00e3 desta quarta-feira (29).<br><br><b>DECAP\/DEIC<\/b><br>Com essas duas pris\u00f5es, a DECAP-DEIC j\u00e1 realizou 77 pris\u00f5es neste ano. A unidade especializada refor\u00e7a o seu compromisso em prol da seguran\u00e7a da sociedade catarinense e se compromete com as demais unidades policiais do Estado no aux\u00edlio \u00e0 captura de foragidos.<br>Den\u00fancias e informa\u00e7\u00f5es relacionadas a foragidos da Justi\u00e7a podem ser encaminhadas para o e-mail deic-capturas@pc.sc.gov.br. Al\u00e9m disso, pelo&nbsp;<a href=\"https:\/\/sistemas.pc.sc.gov.br\/foragidos\/\" target=\"_blank\"><b>Portal Foragidos da PCSC<\/b><\/a>&nbsp;\u00e9 poss\u00edvel conhecer a rela\u00e7\u00e3o de procurados pela Justi\u00e7a. A Pol\u00edcia Civil de Santa Catarina garante o anonimato de quem prestar informa\u00e7\u00f5es sobre foragidos.<\/p>\t\t\t\t\t\t\t\t<\/div>\n\t\t\t\t<\/div>\n\t\t\t\t\t<\/div>\n\t\t<\/div>\n\t\t\t\t\t<\/div>\n\t\t<\/section>\n\t\t\t\t<\/div>\n\t\t","protected":false},"excerpt":{"rendered":"<p>Na Capital, Delegacia de Capturas da DEIC prende dois homens foragidos da Justi\u00e7a do Rio Grande do Sul Nesta quarta-feira (29), a Pol\u00edcia Civil de Santa Catarina, por meio da Delegacia de Capturas da Diretoria Estadual de Investiga\u00e7\u00f5es Criminais (DECAP\/DEIC), capturou dois foragidos em Florian\u00f3polis. A a\u00e7\u00e3o contou com o apoio da Delegacia de Roubos [&hellip;]<\/p>\n","protected":false},"author":5,"featured_media":10791,"comment_status":"closed","ping_status":"open","sticky":false,"template":"","format":"standard","meta":{"_monsterinsights_skip_tracking":false,"_monsterinsights_sitenote_active":false,"_monsterinsights_sitenote_note":"","_monsterinsights_sitenote_category":0,"footnotes":""},"categories":[1],"tags":[],"class_list":["post-15612","post","type-post","status-publish","format-standard","has-post-thumbnail","hentry","category-sem-categoria"],"_links":{"self":[{"href":"https:\/\/pc.sc.gov.br\/index.php?rest_route=\/wp\/v2\/posts\/15612","targetHints":{"allow":["GET"]}}],"collection":[{"href":"https:\/\/pc.sc.gov.br\/index.php?rest_route=\/wp\/v2\/posts"}],"about":[{"href":"https:\/\/pc.sc.gov.br\/index.php?rest_route=\/wp\/v2\/types\/post"}],"author":[{"embeddable":true,"href":"https:\/\/pc.sc.gov.br\/index.php?rest_route=\/wp\/v2\/users\/5"}],"replies":[{"embeddable":true,"href":"https:\/\/pc.sc.gov.br\/index.php?rest_route=%2Fwp%2Fv2%2Fcomments&post=15612"}],"version-history":[{"count":4,"href":"https:\/\/pc.sc.gov.br\/index.php?rest_route=\/wp\/v2\/posts\/15612\/revisions"}],"predecessor-version":[{"id":15616,"href":"https:\/\/pc.sc.gov.br\/index.php?rest_route=\/wp\/v2\/posts\/15612\/revisions\/15616"}],"wp:featuredmedia":[{"embeddable":true,"href":"https:\/\/pc.sc.gov.br\/index.php?rest_route=\/wp\/v2\/media\/10791"}],"wp:attachment":[{"href":"https:\/\/pc.sc.gov.br\/index.php?rest_route=%2Fwp%2Fv2%2Fmedia&parent=15612"}],"wp:term":[{"taxonomy":"category","embeddable":true,"href":"https:\/\/pc.sc.gov.br\/index.php?rest_route=%2Fwp%2Fv2%2Fcategories&post=15612"},{"taxonomy":"post_tag","embeddable":true,"href":"https:\/\/pc.sc.gov.br\/index.php?rest_route=%2Fwp%2Fv2%2Ftags&post=15612"}],"curies":[{"name":"wp","href":"https:\/\/api.w.org\/{rel}","templated":true}]}}