{"id":15636,"date":"2023-11-29T17:38:21","date_gmt":"2023-11-29T20:38:21","guid":{"rendered":"https:\/\/pc.sc.gov.br\/?p=15636"},"modified":"2023-11-29T17:39:15","modified_gmt":"2023-11-29T20:39:15","slug":"dic-de-tubarao-prende-homem-apontado-pela-pc-de-sao-paulo-como-o-responsavel-pelo-tribunal-do-crime-em-sao-jose-dos-campos","status":"publish","type":"post","link":"https:\/\/pc.sc.gov.br\/?p=15636","title":{"rendered":"DIC de Tubar\u00e3o prende homem apontado pela PC de S\u00e3o Paulo como o respons\u00e1vel pelo \u201ctribunal do crime\u201d em S\u00e3o Jos\u00e9 dos Campos"},"content":{"rendered":"\t\t<div data-elementor-type=\"wp-post\" data-elementor-id=\"15636\" class=\"elementor elementor-15636\" data-elementor-post-type=\"post\">\n\t\t\t\t\t\t<section class=\"elementor-section elementor-top-section elementor-element elementor-element-c3b2fe3 elementor-section-boxed elementor-section-height-default elementor-section-height-default\" data-id=\"c3b2fe3\" data-element_type=\"section\">\n\t\t\t\t\t\t<div class=\"elementor-container elementor-column-gap-default\">\n\t\t\t\t\t<div class=\"elementor-column elementor-col-100 elementor-top-column elementor-element elementor-element-95ae663\" data-id=\"95ae663\" data-element_type=\"column\">\n\t\t\t<div class=\"elementor-widget-wrap elementor-element-populated\">\n\t\t\t\t\t\t<div class=\"elementor-element elementor-element-b020be4 elementor-widget elementor-widget-heading\" data-id=\"b020be4\" data-element_type=\"widget\" data-widget_type=\"heading.default\">\n\t\t\t\t<div class=\"elementor-widget-container\">\n\t\t\t\t\t<h2 class=\"elementor-heading-title elementor-size-default\">DIC de Tubar\u00e3o prende homem apontado pela PC de S\u00e3o Paulo como o respons\u00e1vel pelo \u201ctribunal do crime\u201d em S\u00e3o Jos\u00e9 dos Campos<\/h2>\t\t\t\t<\/div>\n\t\t\t\t<\/div>\n\t\t\t\t\t<\/div>\n\t\t<\/div>\n\t\t\t\t\t<\/div>\n\t\t<\/section>\n\t\t\t\t<section class=\"elementor-section elementor-top-section elementor-element elementor-element-67723ba elementor-section-boxed elementor-section-height-default elementor-section-height-default\" data-id=\"67723ba\" data-element_type=\"section\">\n\t\t\t\t\t\t<div class=\"elementor-container elementor-column-gap-default\">\n\t\t\t\t\t<div class=\"elementor-column elementor-col-100 elementor-top-column elementor-element elementor-element-cc57c95\" data-id=\"cc57c95\" data-element_type=\"column\">\n\t\t\t<div class=\"elementor-widget-wrap elementor-element-populated\">\n\t\t\t\t\t\t<div class=\"elementor-element elementor-element-35b1a23 elementor-widget elementor-widget-image\" data-id=\"35b1a23\" data-element_type=\"widget\" data-widget_type=\"image.default\">\n\t\t\t\t<div class=\"elementor-widget-container\">\n\t\t\t\t\t\t\t\t\t\t\t\t\t\t\t<img fetchpriority=\"high\" decoding=\"async\" width=\"602\" height=\"510\" src=\"https:\/\/pc.sc.gov.br\/\/wp-content\/uploads\/2023\/11\/DIC-DE-TUBARAO.jpeg\" class=\"attachment-large size-large wp-image-15637\" alt=\"\" srcset=\"https:\/\/pc.sc.gov.br\/\/wp-content\/uploads\/2023\/11\/DIC-DE-TUBARAO.jpeg 602w, https:\/\/pc.sc.gov.br\/\/wp-content\/uploads\/2023\/11\/DIC-DE-TUBARAO-300x254.jpeg 300w\" sizes=\"(max-width: 602px) 100vw, 602px\" \/>\t\t\t\t\t\t\t\t\t\t\t\t\t\t\t<\/div>\n\t\t\t\t<\/div>\n\t\t\t\t\t<\/div>\n\t\t<\/div>\n\t\t\t\t\t<\/div>\n\t\t<\/section>\n\t\t\t\t<section class=\"elementor-section elementor-top-section elementor-element elementor-element-5a13408 elementor-section-boxed elementor-section-height-default elementor-section-height-default\" data-id=\"5a13408\" data-element_type=\"section\">\n\t\t\t\t\t\t<div class=\"elementor-container elementor-column-gap-default\">\n\t\t\t\t\t<div class=\"elementor-column elementor-col-100 elementor-top-column elementor-element elementor-element-eacd937\" data-id=\"eacd937\" data-element_type=\"column\">\n\t\t\t<div class=\"elementor-widget-wrap elementor-element-populated\">\n\t\t\t\t\t\t<div class=\"elementor-element elementor-element-a7e281c elementor-widget elementor-widget-text-editor\" data-id=\"a7e281c\" data-element_type=\"widget\" data-widget_type=\"text-editor.default\">\n\t\t\t\t<div class=\"elementor-widget-container\">\n\t\t\t\t\t\t\t\t\t<p>A Pol\u00edcia Civil de Santa Catarina, por interm\u00e9dio da Divis\u00e3o de Investiga\u00e7\u00e3o Criminal (DIC) de Tubar\u00e3o recebeu informa\u00e7\u00f5es da Pol\u00edcia Civil de S\u00e3o Paulo dando conta de que um indiv\u00edduo, investigado por homic\u00eddio e que seria respons\u00e1vel pelo \u201ctribunal do crime\u201d na cidade de S\u00e3o Jos\u00e9 dos Campos, e estava com mandado de pris\u00e3o preventiva em aberto, estaria hospedado em um hotel da cidade azul.<\/p><p>Ap\u00f3s in\u00fameras dilig\u00eancias, investigadores da DIC de Tubar\u00e3o localizaram o hotel e o quarto em que o suspeito estaria hospedado. Na tarde de ter\u00e7a-feira (28), o indiv\u00edduo foi capturado, conduzido \u00e0 sede da DIC de Tubar\u00e3o e, ap\u00f3s os procedimentos de pol\u00edcia judici\u00e1ria pertinentes ao cumprimento do mandado de pris\u00e3o, foi encaminhado ao Pres\u00eddio Regional de Tubar\u00e3o, onde permanecer\u00e1 \u00e0 disposi\u00e7\u00e3o do Poder Judici\u00e1rio do Estado de S\u00e3o Paulo.\u00a0<\/p><p>Segundo informa\u00e7\u00f5es preliminares repassadas, o homem teria sido o respons\u00e1vel por determinar a morte de outro homem que era investigado por estupro, fato que, ap\u00f3s as investiga\u00e7\u00f5es, se demonstrou inver\u00eddico.\u00a0<\/p><div>\u00a0<\/div>\t\t\t\t\t\t\t\t<\/div>\n\t\t\t\t<\/div>\n\t\t\t\t\t<\/div>\n\t\t<\/div>\n\t\t\t\t\t<\/div>\n\t\t<\/section>\n\t\t\t\t<\/div>\n\t\t","protected":false},"excerpt":{"rendered":"<p>DIC de Tubar\u00e3o prende homem apontado pela PC de S\u00e3o Paulo como o respons\u00e1vel pelo \u201ctribunal do crime\u201d em S\u00e3o Jos\u00e9 dos Campos A Pol\u00edcia Civil de Santa Catarina, por interm\u00e9dio da Divis\u00e3o de Investiga\u00e7\u00e3o Criminal (DIC) de Tubar\u00e3o recebeu informa\u00e7\u00f5es da Pol\u00edcia Civil de S\u00e3o Paulo dando conta de que um indiv\u00edduo, investigado por [&hellip;]<\/p>\n","protected":false},"author":5,"featured_media":15637,"comment_status":"closed","ping_status":"open","sticky":false,"template":"","format":"standard","meta":{"_monsterinsights_skip_tracking":false,"_monsterinsights_sitenote_active":false,"_monsterinsights_sitenote_note":"","_monsterinsights_sitenote_category":0,"footnotes":""},"categories":[1],"tags":[],"class_list":["post-15636","post","type-post","status-publish","format-standard","has-post-thumbnail","hentry","category-sem-categoria"],"_links":{"self":[{"href":"https:\/\/pc.sc.gov.br\/index.php?rest_route=\/wp\/v2\/posts\/15636","targetHints":{"allow":["GET"]}}],"collection":[{"href":"https:\/\/pc.sc.gov.br\/index.php?rest_route=\/wp\/v2\/posts"}],"about":[{"href":"https:\/\/pc.sc.gov.br\/index.php?rest_route=\/wp\/v2\/types\/post"}],"author":[{"embeddable":true,"href":"https:\/\/pc.sc.gov.br\/index.php?rest_route=\/wp\/v2\/users\/5"}],"replies":[{"embeddable":true,"href":"https:\/\/pc.sc.gov.br\/index.php?rest_route=%2Fwp%2Fv2%2Fcomments&post=15636"}],"version-history":[{"count":4,"href":"https:\/\/pc.sc.gov.br\/index.php?rest_route=\/wp\/v2\/posts\/15636\/revisions"}],"predecessor-version":[{"id":15641,"href":"https:\/\/pc.sc.gov.br\/index.php?rest_route=\/wp\/v2\/posts\/15636\/revisions\/15641"}],"wp:featuredmedia":[{"embeddable":true,"href":"https:\/\/pc.sc.gov.br\/index.php?rest_route=\/wp\/v2\/media\/15637"}],"wp:attachment":[{"href":"https:\/\/pc.sc.gov.br\/index.php?rest_route=%2Fwp%2Fv2%2Fmedia&parent=15636"}],"wp:term":[{"taxonomy":"category","embeddable":true,"href":"https:\/\/pc.sc.gov.br\/index.php?rest_route=%2Fwp%2Fv2%2Fcategories&post=15636"},{"taxonomy":"post_tag","embeddable":true,"href":"https:\/\/pc.sc.gov.br\/index.php?rest_route=%2Fwp%2Fv2%2Ftags&post=15636"}],"curies":[{"name":"wp","href":"https:\/\/api.w.org\/{rel}","templated":true}]}}