{"id":15642,"date":"2023-11-29T17:47:59","date_gmt":"2023-11-29T20:47:59","guid":{"rendered":"https:\/\/pc.sc.gov.br\/?p=15642"},"modified":"2023-11-29T17:48:48","modified_gmt":"2023-11-29T20:48:48","slug":"em-bom-retiro-policia-civil-prende-homem-investigado-por-associacao-para-o-trafico","status":"publish","type":"post","link":"https:\/\/pc.sc.gov.br\/?p=15642","title":{"rendered":"Em Bom Retiro, Pol\u00edcia Civil prende homem investigado por associa\u00e7\u00e3o para o tr\u00e1fico"},"content":{"rendered":"\t\t<div data-elementor-type=\"wp-post\" data-elementor-id=\"15642\" class=\"elementor elementor-15642\" data-elementor-post-type=\"post\">\n\t\t\t\t\t\t<section class=\"elementor-section elementor-top-section elementor-element elementor-element-02620e3 elementor-section-boxed elementor-section-height-default elementor-section-height-default\" data-id=\"02620e3\" data-element_type=\"section\">\n\t\t\t\t\t\t<div class=\"elementor-container elementor-column-gap-default\">\n\t\t\t\t\t<div class=\"elementor-column elementor-col-100 elementor-top-column elementor-element elementor-element-64ff86e\" data-id=\"64ff86e\" data-element_type=\"column\">\n\t\t\t<div class=\"elementor-widget-wrap elementor-element-populated\">\n\t\t\t\t\t\t<div class=\"elementor-element elementor-element-b83853a elementor-widget elementor-widget-heading\" data-id=\"b83853a\" data-element_type=\"widget\" data-widget_type=\"heading.default\">\n\t\t\t\t<div class=\"elementor-widget-container\">\n\t\t\t\t\t<h2 class=\"elementor-heading-title elementor-size-default\">Em Bom Retiro, Pol\u00edcia Civil prende homem investigado por associa\u00e7\u00e3o para o tr\u00e1fico<\/h2>\t\t\t\t<\/div>\n\t\t\t\t<\/div>\n\t\t\t\t\t<\/div>\n\t\t<\/div>\n\t\t\t\t\t<\/div>\n\t\t<\/section>\n\t\t\t\t<section class=\"elementor-section elementor-top-section elementor-element elementor-element-2aeb818 elementor-section-boxed elementor-section-height-default elementor-section-height-default\" data-id=\"2aeb818\" data-element_type=\"section\">\n\t\t\t\t\t\t<div class=\"elementor-container elementor-column-gap-default\">\n\t\t\t\t\t<div class=\"elementor-column elementor-col-100 elementor-top-column elementor-element elementor-element-bc09178\" data-id=\"bc09178\" data-element_type=\"column\">\n\t\t\t<div class=\"elementor-widget-wrap elementor-element-populated\">\n\t\t\t\t\t\t<div class=\"elementor-element elementor-element-eb2f10f elementor-widget elementor-widget-image\" data-id=\"eb2f10f\" data-element_type=\"widget\" data-widget_type=\"image.default\">\n\t\t\t\t<div class=\"elementor-widget-container\">\n\t\t\t\t\t\t\t\t\t\t\t\t\t\t\t<img fetchpriority=\"high\" decoding=\"async\" width=\"696\" height=\"283\" src=\"https:\/\/pc.sc.gov.br\/\/wp-content\/uploads\/2023\/11\/colegio-fotor-20231030184618-1.jpg\" class=\"attachment-large size-large wp-image-15643\" alt=\"\" srcset=\"https:\/\/pc.sc.gov.br\/\/wp-content\/uploads\/2023\/11\/colegio-fotor-20231030184618-1.jpg 771w, https:\/\/pc.sc.gov.br\/\/wp-content\/uploads\/2023\/11\/colegio-fotor-20231030184618-1-300x122.jpg 300w, https:\/\/pc.sc.gov.br\/\/wp-content\/uploads\/2023\/11\/colegio-fotor-20231030184618-1-768x313.jpg 768w\" sizes=\"(max-width: 696px) 100vw, 696px\" \/>\t\t\t\t\t\t\t\t\t\t\t\t\t\t\t<\/div>\n\t\t\t\t<\/div>\n\t\t\t\t\t<\/div>\n\t\t<\/div>\n\t\t\t\t\t<\/div>\n\t\t<\/section>\n\t\t\t\t<section class=\"elementor-section elementor-top-section elementor-element elementor-element-920fa32 elementor-section-boxed elementor-section-height-default elementor-section-height-default\" data-id=\"920fa32\" data-element_type=\"section\">\n\t\t\t\t\t\t<div class=\"elementor-container elementor-column-gap-default\">\n\t\t\t\t\t<div class=\"elementor-column elementor-col-100 elementor-top-column elementor-element elementor-element-b4c713c\" data-id=\"b4c713c\" data-element_type=\"column\">\n\t\t\t<div class=\"elementor-widget-wrap elementor-element-populated\">\n\t\t\t\t\t\t<div class=\"elementor-element elementor-element-a9a1067 elementor-widget elementor-widget-text-editor\" data-id=\"a9a1067\" data-element_type=\"widget\" data-widget_type=\"text-editor.default\">\n\t\t\t\t<div class=\"elementor-widget-container\">\n\t\t\t\t\t\t\t\t\t<p>A Pol\u00edcia Civil, por meio da Delegacia de Pol\u00edcia de Bom Retiro, realizou nesta quarta-feira (29) a pris\u00e3o de um homem, no Bairro S\u00e3o Jos\u00e9. Contra o investigado havia mandado de pris\u00e3o preventiva aberto, em virtude de processo que apura a pr\u00e1tica de crime de associa\u00e7\u00e3o para o tr\u00e1fico.<\/p>\n<p>Ap\u00f3s a realiza\u00e7\u00e3o da pris\u00e3o, o investigado foi encaminhado para o Pres\u00eddio Masculino de Lages, local onde permanecer\u00e1 recolhido \u00e0 disposi\u00e7\u00e3o da Justi\u00e7a.<span style=\"color: var( --e-global-color-text ); font-family: var( --e-global-typography-primary-font-family ), Sans-serif; font-size: var( --e-global-typography-primary-font-size ); font-weight: var( --e-global-typography-primary-font-weight ); letter-spacing: var( --e-global-typography-primary-letter-spacing );\">&nbsp;<\/span><\/p>\t\t\t\t\t\t\t\t<\/div>\n\t\t\t\t<\/div>\n\t\t\t\t\t<\/div>\n\t\t<\/div>\n\t\t\t\t\t<\/div>\n\t\t<\/section>\n\t\t\t\t<\/div>\n\t\t","protected":false},"excerpt":{"rendered":"<p>Em Bom Retiro, Pol\u00edcia Civil prende homem investigado por associa\u00e7\u00e3o para o tr\u00e1fico A Pol\u00edcia Civil, por meio da Delegacia de Pol\u00edcia de Bom Retiro, realizou nesta quarta-feira (29) a pris\u00e3o de um homem, no Bairro S\u00e3o Jos\u00e9. Contra o investigado havia mandado de pris\u00e3o preventiva aberto, em virtude de processo que apura a pr\u00e1tica [&hellip;]<\/p>\n","protected":false},"author":5,"featured_media":15643,"comment_status":"closed","ping_status":"open","sticky":false,"template":"","format":"standard","meta":{"_monsterinsights_skip_tracking":false,"_monsterinsights_sitenote_active":false,"_monsterinsights_sitenote_note":"","_monsterinsights_sitenote_category":0,"footnotes":""},"categories":[1],"tags":[],"class_list":["post-15642","post","type-post","status-publish","format-standard","has-post-thumbnail","hentry","category-sem-categoria"],"_links":{"self":[{"href":"https:\/\/pc.sc.gov.br\/index.php?rest_route=\/wp\/v2\/posts\/15642","targetHints":{"allow":["GET"]}}],"collection":[{"href":"https:\/\/pc.sc.gov.br\/index.php?rest_route=\/wp\/v2\/posts"}],"about":[{"href":"https:\/\/pc.sc.gov.br\/index.php?rest_route=\/wp\/v2\/types\/post"}],"author":[{"embeddable":true,"href":"https:\/\/pc.sc.gov.br\/index.php?rest_route=\/wp\/v2\/users\/5"}],"replies":[{"embeddable":true,"href":"https:\/\/pc.sc.gov.br\/index.php?rest_route=%2Fwp%2Fv2%2Fcomments&post=15642"}],"version-history":[{"count":4,"href":"https:\/\/pc.sc.gov.br\/index.php?rest_route=\/wp\/v2\/posts\/15642\/revisions"}],"predecessor-version":[{"id":15647,"href":"https:\/\/pc.sc.gov.br\/index.php?rest_route=\/wp\/v2\/posts\/15642\/revisions\/15647"}],"wp:featuredmedia":[{"embeddable":true,"href":"https:\/\/pc.sc.gov.br\/index.php?rest_route=\/wp\/v2\/media\/15643"}],"wp:attachment":[{"href":"https:\/\/pc.sc.gov.br\/index.php?rest_route=%2Fwp%2Fv2%2Fmedia&parent=15642"}],"wp:term":[{"taxonomy":"category","embeddable":true,"href":"https:\/\/pc.sc.gov.br\/index.php?rest_route=%2Fwp%2Fv2%2Fcategories&post=15642"},{"taxonomy":"post_tag","embeddable":true,"href":"https:\/\/pc.sc.gov.br\/index.php?rest_route=%2Fwp%2Fv2%2Ftags&post=15642"}],"curies":[{"name":"wp","href":"https:\/\/api.w.org\/{rel}","templated":true}]}}