{"id":15659,"date":"2023-11-29T18:58:32","date_gmt":"2023-11-29T21:58:32","guid":{"rendered":"https:\/\/pc.sc.gov.br\/?p=15659"},"modified":"2023-11-29T19:03:47","modified_gmt":"2023-11-29T22:03:47","slug":"policia-civil-inaugura-salas-lilas-em-canoinhas-e-em-tres-barras-noc-de-canoinhas-e-revitalizacao-de-delegacia-de-tres-barras","status":"publish","type":"post","link":"https:\/\/pc.sc.gov.br\/?p=15659","title":{"rendered":"Pol\u00edcia Civil inaugura Salas Lil\u00e1s em Canoinhas e em Tr\u00eas Barras, NOC de Canoinhas e revitaliza\u00e7\u00e3o de delegacia de Tr\u00eas Barras"},"content":{"rendered":"\t\t<div data-elementor-type=\"wp-post\" data-elementor-id=\"15659\" class=\"elementor elementor-15659\" data-elementor-post-type=\"post\">\n\t\t\t\t\t\t<section class=\"elementor-section elementor-top-section elementor-element elementor-element-9ce6691 elementor-section-boxed elementor-section-height-default elementor-section-height-default\" data-id=\"9ce6691\" data-element_type=\"section\">\n\t\t\t\t\t\t<div class=\"elementor-container elementor-column-gap-default\">\n\t\t\t\t\t<div class=\"elementor-column elementor-col-100 elementor-top-column elementor-element elementor-element-128eb97\" data-id=\"128eb97\" data-element_type=\"column\">\n\t\t\t<div class=\"elementor-widget-wrap elementor-element-populated\">\n\t\t\t\t\t\t<div class=\"elementor-element elementor-element-4185c9f elementor-widget elementor-widget-heading\" data-id=\"4185c9f\" data-element_type=\"widget\" data-widget_type=\"heading.default\">\n\t\t\t\t<div class=\"elementor-widget-container\">\n\t\t\t\t\t<h2 class=\"elementor-heading-title elementor-size-default\">Pol\u00edcia Civil inaugura Salas Lil\u00e1s em Canoinhas e em Tr\u00eas Barras, NOC de Canoinhas e revitaliza\u00e7\u00e3o de delegacia de Tr\u00eas Barras<\/h2>\t\t\t\t<\/div>\n\t\t\t\t<\/div>\n\t\t\t\t\t<\/div>\n\t\t<\/div>\n\t\t\t\t\t<\/div>\n\t\t<\/section>\n\t\t\t\t<section class=\"elementor-section elementor-top-section elementor-element elementor-element-6d55a42 elementor-section-boxed elementor-section-height-default elementor-section-height-default\" data-id=\"6d55a42\" data-element_type=\"section\">\n\t\t\t\t\t\t<div class=\"elementor-container elementor-column-gap-default\">\n\t\t\t\t\t<div class=\"elementor-column elementor-col-100 elementor-top-column elementor-element elementor-element-9264498\" data-id=\"9264498\" data-element_type=\"column\">\n\t\t\t<div class=\"elementor-widget-wrap elementor-element-populated\">\n\t\t\t\t\t\t<div class=\"elementor-element elementor-element-319e857 elementor-widget elementor-widget-image\" data-id=\"319e857\" data-element_type=\"widget\" data-widget_type=\"image.default\">\n\t\t\t\t<div class=\"elementor-widget-container\">\n\t\t\t\t\t\t\t\t\t\t\t\t\t\t\t<img fetchpriority=\"high\" decoding=\"async\" width=\"604\" height=\"378\" src=\"https:\/\/pc.sc.gov.br\/\/wp-content\/uploads\/2023\/11\/WhatsApp-Image-2023-11-29-at-18.47.29.jpeg\" class=\"attachment-large size-large wp-image-15650\" alt=\"\" srcset=\"https:\/\/pc.sc.gov.br\/\/wp-content\/uploads\/2023\/11\/WhatsApp-Image-2023-11-29-at-18.47.29.jpeg 604w, https:\/\/pc.sc.gov.br\/\/wp-content\/uploads\/2023\/11\/WhatsApp-Image-2023-11-29-at-18.47.29-300x188.jpeg 300w\" sizes=\"(max-width: 604px) 100vw, 604px\" \/>\t\t\t\t\t\t\t\t\t\t\t\t\t\t\t<\/div>\n\t\t\t\t<\/div>\n\t\t\t\t\t<\/div>\n\t\t<\/div>\n\t\t\t\t\t<\/div>\n\t\t<\/section>\n\t\t\t\t<section class=\"elementor-section elementor-top-section elementor-element elementor-element-cb9c00a elementor-section-boxed elementor-section-height-default elementor-section-height-default\" data-id=\"cb9c00a\" data-element_type=\"section\">\n\t\t\t\t\t\t<div class=\"elementor-container elementor-column-gap-default\">\n\t\t\t\t\t<div class=\"elementor-column elementor-col-100 elementor-top-column elementor-element elementor-element-cec1697\" data-id=\"cec1697\" data-element_type=\"column\">\n\t\t\t<div class=\"elementor-widget-wrap elementor-element-populated\">\n\t\t\t\t\t\t<div class=\"elementor-element elementor-element-ca7dbaa elementor-widget elementor-widget-text-editor\" data-id=\"ca7dbaa\" data-element_type=\"widget\" data-widget_type=\"text-editor.default\">\n\t\t\t\t<div class=\"elementor-widget-container\">\n\t\t\t\t\t\t\t\t\t<p>A Pol\u00edcia Civil de Santa Catarina, por meio da Delegacia Regional de Canoinhas, inaugurou na ter\u00e7a-feira (28) duas Salas Lil\u00e1s, em Canoinhas e em Tr\u00eas Barras, a Base do N\u00facleo de Opera\u00e7\u00e3o com C\u00e3es (NOC) de Canoinhas e a revitaliza\u00e7\u00e3o da Delegacia de Pol\u00edcia do Munic\u00edpio de Tr\u00eas Barras. Pela manh\u00e3, aconteceu a inaugura\u00e7\u00e3o em Tr\u00eas Barras, no audit\u00f3rio das Secretarias de Sa\u00fade e Educa\u00e7\u00e3o de Tr\u00eas Barras, e, \u00e0 tarde, em Canoinhas, no audit\u00f3rio do Sicoob.<\/p><p>Os eventos foram marcados pela presen\u00e7a de autoridades locais, entre elas do Delegado Regional de Canoinhas, Eduardo Borges; da Coordenadora das Delegacias de Prote\u00e7\u00e3o \u00e0 Crian\u00e7a, ao Adolescente, \u00e0 Mulher e ao Idoso de Santa Catarina, delegada Patr\u00edcia Zimermann; do Delegado-geral adjunto da Pol\u00edcia de Santa Catarina, Nilson Lu\u00eds de Oliveira C\u00e9zar; do Delegado de Pol\u00edcia do Interior, Ant\u00f4nio Lucas; e do Coordenador de Opera\u00e7\u00f5es com C\u00e3es da PCSC, delegado Ronaldo Moretto; da representante do Minist\u00e9rio P\u00fablico de Santa Catarina (MPSC), promotora Fernanda \u00c1vila Moukarzel; da prefeita de Tr\u00eas Barras, Ana Claudia da Silveira Quege; e do vice-prefeito de Canoinhas, Marcos Homer.<\/p><p>Revitaliza\u00e7\u00e3o da Delegacia do Munic\u00edpio de Tr\u00eas Barras<\/p><p>Os trabalhos de reforma e revitaliza\u00e7\u00e3o da estrutura da delegacia de Tr\u00eas Barras aconteceram entre setembro de 2022 e maio deste ano. Com a revitaliza\u00e7\u00e3o do pr\u00e9dio, constru\u00eddo em 1986, a delegacia local passou a contar com dois novos cart\u00f3rios, que ser\u00e3o utilizados nos atendimentos de registros de boletim de ocorr\u00eancias e de tr\u00e2nsito e legisla\u00e7\u00e3o. Tamb\u00e9m foram reformados os banheiros e realizadas novas pinturas interna e externa do pr\u00e9dio.\u00a0<\/p><p>Al\u00e9m disso, a cria\u00e7\u00e3o da sala de audiovisual para as oitivas \u00e9 uma das inova\u00e7\u00f5es permitidas com a readequa\u00e7\u00e3o da estrutura. Al\u00e9m das novas instala\u00e7\u00f5es, a delegacia tamb\u00e9m recebeu novo mobili\u00e1rio em todos os seus ambientes.\u00a0<\/p><p>O Delegado Regional de Canoinhas, Eduardo Borges, enfatizou que a delegacia de Tr\u00eas Barras conta agora com estrutura moderna e adaptada para atender \u00e0 popula\u00e7\u00e3o. \u201cImportante destacar a uni\u00e3o de esfor\u00e7os entre todos os envolvidos para que esses objetivos fossem alcan\u00e7ados&#8221;, assinalou.<\/p><p>A Delegacia de Pol\u00edcia Civil de Tr\u00eas Barras est\u00e1 situada \u00e0 Rua Roberto Olsen n\u00b0486, no centro da cidade. A Prefeitura de Tr\u00eas Barras investiu, por meio do conv\u00eanio de tr\u00e2nsito, aproximadamente R$ 130 mil nas obras.<\/p><p>Salas Lil\u00e1s de Tr\u00eas Barras e Canoinhas<\/p><p>Com a reforma da Delegacia de Pol\u00edcia do Munic\u00edpio de Tr\u00eas Barras, foi inaugurada tamb\u00e9m a Sala Lil\u00e1s, espa\u00e7o destinado para receber e oferecer atendimento especializado e acolhimento \u00e0s v\u00edtimas de viol\u00eancia dom\u00e9stica e familiar. No mesmo dia, aconteceu a inaugura\u00e7\u00e3o da Sala Lil\u00e1s de Canoinhas.\u00a0<\/p><p>\u00a0Segundo o Delegado Regional de Canoinhas, Eduardo Borges, &#8220;a entrega desses equipamentos de prote\u00e7\u00e3o \u00e0s mulheres em situa\u00e7\u00f5es de viol\u00eancia demonstra a preocupa\u00e7\u00e3o da 22\u00aa DRP, bem como da Pol\u00edcia Civil de Santa Catarina, com o cuidado e prote\u00e7\u00e3o dessas v\u00edtimas&#8221;.<\/p><p>N\u00facleo de Opera\u00e7\u00e3o com C\u00e3es de Canoinhas<\/p><p>Ressalta-se ainda a import\u00e2ncia da inaugura\u00e7\u00e3o da base do N\u00facleo de Opera\u00e7\u00e3o com C\u00e3es de Canoinhas, j\u00e1 que o uso dos c\u00e3es de faro contribuiu para a localiza\u00e7\u00e3o de v\u00e1rias toneladas de drogas em apreens\u00f5es na cidade de Canoinhas nos \u00faltimos anos.\u00a0<\/p><p>Para a instala\u00e7\u00e3o do N\u00facleo de Opera\u00e7\u00f5es com C\u00e3es de Canoinhas foi necess\u00e1rio um aporte aproximado de R$ 205 mil. Os recursos foram captados pelo Poder P\u00fablico estadual de Santa Catarina, bem como por entidades e empresas parceiras, que de pronto aderiram \u00e0 ideia. A Prefeitura do Munic\u00edpio de Canoinhas foi a respons\u00e1vel por todo o projeto arquitet\u00f4nico e estrutural do n\u00facleo.<\/p><div>\u00a0<\/div>\t\t\t\t\t\t\t\t<\/div>\n\t\t\t\t<\/div>\n\t\t\t\t\t<\/div>\n\t\t<\/div>\n\t\t\t\t\t<\/div>\n\t\t<\/section>\n\t\t\t\t<\/div>\n\t\t","protected":false},"excerpt":{"rendered":"<p>Pol\u00edcia Civil inaugura Salas Lil\u00e1s em Canoinhas e em Tr\u00eas Barras, NOC de Canoinhas e revitaliza\u00e7\u00e3o de delegacia de Tr\u00eas Barras A Pol\u00edcia Civil de Santa Catarina, por meio da Delegacia Regional de Canoinhas, inaugurou na ter\u00e7a-feira (28) duas Salas Lil\u00e1s, em Canoinhas e em Tr\u00eas Barras, a Base do N\u00facleo de Opera\u00e7\u00e3o com C\u00e3es [&hellip;]<\/p>\n","protected":false},"author":5,"featured_media":15651,"comment_status":"closed","ping_status":"open","sticky":false,"template":"","format":"standard","meta":{"_monsterinsights_skip_tracking":false,"_monsterinsights_sitenote_active":false,"_monsterinsights_sitenote_note":"","_monsterinsights_sitenote_category":0,"footnotes":""},"categories":[1],"tags":[],"class_list":["post-15659","post","type-post","status-publish","format-standard","has-post-thumbnail","hentry","category-sem-categoria"],"_links":{"self":[{"href":"https:\/\/pc.sc.gov.br\/index.php?rest_route=\/wp\/v2\/posts\/15659","targetHints":{"allow":["GET"]}}],"collection":[{"href":"https:\/\/pc.sc.gov.br\/index.php?rest_route=\/wp\/v2\/posts"}],"about":[{"href":"https:\/\/pc.sc.gov.br\/index.php?rest_route=\/wp\/v2\/types\/post"}],"author":[{"embeddable":true,"href":"https:\/\/pc.sc.gov.br\/index.php?rest_route=\/wp\/v2\/users\/5"}],"replies":[{"embeddable":true,"href":"https:\/\/pc.sc.gov.br\/index.php?rest_route=%2Fwp%2Fv2%2Fcomments&post=15659"}],"version-history":[{"count":3,"href":"https:\/\/pc.sc.gov.br\/index.php?rest_route=\/wp\/v2\/posts\/15659\/revisions"}],"predecessor-version":[{"id":15662,"href":"https:\/\/pc.sc.gov.br\/index.php?rest_route=\/wp\/v2\/posts\/15659\/revisions\/15662"}],"wp:featuredmedia":[{"embeddable":true,"href":"https:\/\/pc.sc.gov.br\/index.php?rest_route=\/wp\/v2\/media\/15651"}],"wp:attachment":[{"href":"https:\/\/pc.sc.gov.br\/index.php?rest_route=%2Fwp%2Fv2%2Fmedia&parent=15659"}],"wp:term":[{"taxonomy":"category","embeddable":true,"href":"https:\/\/pc.sc.gov.br\/index.php?rest_route=%2Fwp%2Fv2%2Fcategories&post=15659"},{"taxonomy":"post_tag","embeddable":true,"href":"https:\/\/pc.sc.gov.br\/index.php?rest_route=%2Fwp%2Fv2%2Ftags&post=15659"}],"curies":[{"name":"wp","href":"https:\/\/api.w.org\/{rel}","templated":true}]}}