{"id":15663,"date":"2023-11-30T14:53:06","date_gmt":"2023-11-30T17:53:06","guid":{"rendered":"https:\/\/pc.sc.gov.br\/?p=15663"},"modified":"2023-11-30T14:54:16","modified_gmt":"2023-11-30T17:54:16","slug":"dic-de-ararangua-prende-dois-suspeitos-de-crime-de-tentativa-de-homicidio-e-captura-foragido-do-sistema-prisional","status":"publish","type":"post","link":"https:\/\/pc.sc.gov.br\/?p=15663","title":{"rendered":"DIC de Ararangu\u00e1 prende dois suspeitos de crime de tentativa de homic\u00eddio e captura foragido do sistema prisional"},"content":{"rendered":"\t\t<div data-elementor-type=\"wp-post\" data-elementor-id=\"15663\" class=\"elementor elementor-15663\" data-elementor-post-type=\"post\">\n\t\t\t\t\t\t<section class=\"elementor-section elementor-top-section elementor-element elementor-element-5b104b1 elementor-section-boxed elementor-section-height-default elementor-section-height-default\" data-id=\"5b104b1\" data-element_type=\"section\">\n\t\t\t\t\t\t<div class=\"elementor-container elementor-column-gap-default\">\n\t\t\t\t\t<div class=\"elementor-column elementor-col-100 elementor-top-column elementor-element elementor-element-f0cabdc\" data-id=\"f0cabdc\" data-element_type=\"column\">\n\t\t\t<div class=\"elementor-widget-wrap elementor-element-populated\">\n\t\t\t\t\t\t<div class=\"elementor-element elementor-element-72c12ce elementor-widget elementor-widget-heading\" data-id=\"72c12ce\" data-element_type=\"widget\" data-widget_type=\"heading.default\">\n\t\t\t\t<div class=\"elementor-widget-container\">\n\t\t\t\t\t<h2 class=\"elementor-heading-title elementor-size-default\">DIC de Ararangu\u00e1 prende dois suspeitos de tentativa de homic\u00eddio e captura foragido do sistema prisional<\/h2>\t\t\t\t<\/div>\n\t\t\t\t<\/div>\n\t\t\t\t\t<\/div>\n\t\t<\/div>\n\t\t\t\t\t<\/div>\n\t\t<\/section>\n\t\t\t\t<section class=\"elementor-section elementor-top-section elementor-element elementor-element-226b8d8 elementor-section-boxed elementor-section-height-default elementor-section-height-default\" data-id=\"226b8d8\" data-element_type=\"section\">\n\t\t\t\t\t\t<div class=\"elementor-container elementor-column-gap-default\">\n\t\t\t\t\t<div class=\"elementor-column elementor-col-100 elementor-top-column elementor-element elementor-element-12331b4\" data-id=\"12331b4\" data-element_type=\"column\">\n\t\t\t<div class=\"elementor-widget-wrap elementor-element-populated\">\n\t\t\t\t\t\t<div class=\"elementor-element elementor-element-7e1ffca elementor-widget elementor-widget-image\" data-id=\"7e1ffca\" data-element_type=\"widget\" data-widget_type=\"image.default\">\n\t\t\t\t<div class=\"elementor-widget-container\">\n\t\t\t\t\t\t\t\t\t\t\t\t\t\t\t<img fetchpriority=\"high\" decoding=\"async\" width=\"696\" height=\"384\" src=\"https:\/\/pc.sc.gov.br\/\/wp-content\/uploads\/2023\/11\/WhatsApp-Image-2023-11-30-at-10.31.04-1024x565.jpeg\" class=\"attachment-large size-large wp-image-15664\" alt=\"\" srcset=\"https:\/\/pc.sc.gov.br\/\/wp-content\/uploads\/2023\/11\/WhatsApp-Image-2023-11-30-at-10.31.04-1024x565.jpeg 1024w, https:\/\/pc.sc.gov.br\/\/wp-content\/uploads\/2023\/11\/WhatsApp-Image-2023-11-30-at-10.31.04-300x166.jpeg 300w, https:\/\/pc.sc.gov.br\/\/wp-content\/uploads\/2023\/11\/WhatsApp-Image-2023-11-30-at-10.31.04-768x424.jpeg 768w, https:\/\/pc.sc.gov.br\/\/wp-content\/uploads\/2023\/11\/WhatsApp-Image-2023-11-30-at-10.31.04.jpeg 1179w\" sizes=\"(max-width: 696px) 100vw, 696px\" \/>\t\t\t\t\t\t\t\t\t\t\t\t\t\t\t<\/div>\n\t\t\t\t<\/div>\n\t\t\t\t\t<\/div>\n\t\t<\/div>\n\t\t\t\t\t<\/div>\n\t\t<\/section>\n\t\t\t\t<section class=\"elementor-section elementor-top-section elementor-element elementor-element-2440341 elementor-section-boxed elementor-section-height-default elementor-section-height-default\" data-id=\"2440341\" data-element_type=\"section\">\n\t\t\t\t\t\t<div class=\"elementor-container elementor-column-gap-default\">\n\t\t\t\t\t<div class=\"elementor-column elementor-col-100 elementor-top-column elementor-element elementor-element-08892d8\" data-id=\"08892d8\" data-element_type=\"column\">\n\t\t\t<div class=\"elementor-widget-wrap elementor-element-populated\">\n\t\t\t\t\t\t<div class=\"elementor-element elementor-element-2af0256 elementor-widget elementor-widget-text-editor\" data-id=\"2af0256\" data-element_type=\"widget\" data-widget_type=\"text-editor.default\">\n\t\t\t\t<div class=\"elementor-widget-container\">\n\t\t\t\t\t\t\t\t\t<p>A Pol\u00edcia Civil de Santa Catarina, por meio da Divis\u00e3o de Investiga\u00e7\u00e3o Criminal (DIC) de Ararangu\u00e1 apreendeu nesta quinta-feira (30) um adolescente e prendeu, preventivamente, um homem, ambos suspeitos do crime de tentativa de homic\u00eddio ocorrido no dia 17 de novembro deste ano.<\/p><p>Na ocasi\u00e3o, os autores realizaram disparos de arma de fogo em via p\u00fablica, na dire\u00e7\u00e3o do autom\u00f3vel da v\u00edtima, atingindo-o com dois disparos nas costas. Foram realizadas buscas nas resid\u00eancias dos suspeitos, onde tamb\u00e9m fora encontrada certa quantidade de droga.\u00a0\u00a0<\/p><p>Ainda, na resid\u00eancia de um deles, foi capturado um foragido do Pres\u00eddio de Crici\u00fama, suspeito de ser o terceiro participante do crime, que tamb\u00e9m foi recolhido e encaminhado ao sistema prisional.<\/p>\t\t\t\t\t\t\t\t<\/div>\n\t\t\t\t<\/div>\n\t\t\t\t\t<\/div>\n\t\t<\/div>\n\t\t\t\t\t<\/div>\n\t\t<\/section>\n\t\t\t\t<\/div>\n\t\t","protected":false},"excerpt":{"rendered":"<p>DIC de Ararangu\u00e1 prende dois suspeitos de tentativa de homic\u00eddio e captura foragido do sistema prisional A Pol\u00edcia Civil de Santa Catarina, por meio da Divis\u00e3o de Investiga\u00e7\u00e3o Criminal (DIC) de Ararangu\u00e1 apreendeu nesta quinta-feira (30) um adolescente e prendeu, preventivamente, um homem, ambos suspeitos do crime de tentativa de homic\u00eddio ocorrido no dia 17 [&hellip;]<\/p>\n","protected":false},"author":5,"featured_media":15664,"comment_status":"closed","ping_status":"open","sticky":false,"template":"","format":"standard","meta":{"_monsterinsights_skip_tracking":false,"_monsterinsights_sitenote_active":false,"_monsterinsights_sitenote_note":"","_monsterinsights_sitenote_category":0,"footnotes":""},"categories":[1],"tags":[],"class_list":["post-15663","post","type-post","status-publish","format-standard","has-post-thumbnail","hentry","category-sem-categoria"],"_links":{"self":[{"href":"https:\/\/pc.sc.gov.br\/index.php?rest_route=\/wp\/v2\/posts\/15663","targetHints":{"allow":["GET"]}}],"collection":[{"href":"https:\/\/pc.sc.gov.br\/index.php?rest_route=\/wp\/v2\/posts"}],"about":[{"href":"https:\/\/pc.sc.gov.br\/index.php?rest_route=\/wp\/v2\/types\/post"}],"author":[{"embeddable":true,"href":"https:\/\/pc.sc.gov.br\/index.php?rest_route=\/wp\/v2\/users\/5"}],"replies":[{"embeddable":true,"href":"https:\/\/pc.sc.gov.br\/index.php?rest_route=%2Fwp%2Fv2%2Fcomments&post=15663"}],"version-history":[{"count":4,"href":"https:\/\/pc.sc.gov.br\/index.php?rest_route=\/wp\/v2\/posts\/15663\/revisions"}],"predecessor-version":[{"id":15668,"href":"https:\/\/pc.sc.gov.br\/index.php?rest_route=\/wp\/v2\/posts\/15663\/revisions\/15668"}],"wp:featuredmedia":[{"embeddable":true,"href":"https:\/\/pc.sc.gov.br\/index.php?rest_route=\/wp\/v2\/media\/15664"}],"wp:attachment":[{"href":"https:\/\/pc.sc.gov.br\/index.php?rest_route=%2Fwp%2Fv2%2Fmedia&parent=15663"}],"wp:term":[{"taxonomy":"category","embeddable":true,"href":"https:\/\/pc.sc.gov.br\/index.php?rest_route=%2Fwp%2Fv2%2Fcategories&post=15663"},{"taxonomy":"post_tag","embeddable":true,"href":"https:\/\/pc.sc.gov.br\/index.php?rest_route=%2Fwp%2Fv2%2Ftags&post=15663"}],"curies":[{"name":"wp","href":"https:\/\/api.w.org\/{rel}","templated":true}]}}