{"id":15685,"date":"2023-11-30T18:18:25","date_gmt":"2023-11-30T21:18:25","guid":{"rendered":"https:\/\/pc.sc.gov.br\/?p=15685"},"modified":"2023-11-30T18:19:22","modified_gmt":"2023-11-30T21:19:22","slug":"policia-civil-prende-homem-por-roubo-a-comercio-em-pescaria-brava","status":"publish","type":"post","link":"https:\/\/pc.sc.gov.br\/?p=15685","title":{"rendered":"Pol\u00edcia Civil prende homem por roubo a com\u00e9rcio em Pescaria Brava"},"content":{"rendered":"\t\t<div data-elementor-type=\"wp-post\" data-elementor-id=\"15685\" class=\"elementor elementor-15685\" data-elementor-post-type=\"post\">\n\t\t\t\t\t\t<section class=\"elementor-section elementor-top-section elementor-element elementor-element-40ac869 elementor-section-boxed elementor-section-height-default elementor-section-height-default\" data-id=\"40ac869\" data-element_type=\"section\">\n\t\t\t\t\t\t<div class=\"elementor-container elementor-column-gap-default\">\n\t\t\t\t\t<div class=\"elementor-column elementor-col-100 elementor-top-column elementor-element elementor-element-37d81a6\" data-id=\"37d81a6\" data-element_type=\"column\">\n\t\t\t<div class=\"elementor-widget-wrap elementor-element-populated\">\n\t\t\t\t\t\t<div class=\"elementor-element elementor-element-7731b44 elementor-widget elementor-widget-heading\" data-id=\"7731b44\" data-element_type=\"widget\" data-widget_type=\"heading.default\">\n\t\t\t\t<div class=\"elementor-widget-container\">\n\t\t\t\t\t<h2 class=\"elementor-heading-title elementor-size-default\">Pol\u00edcia Civil prende homem por roubo a com\u00e9rcio em Pescaria Brava <\/h2>\t\t\t\t<\/div>\n\t\t\t\t<\/div>\n\t\t\t\t\t<\/div>\n\t\t<\/div>\n\t\t\t\t\t<\/div>\n\t\t<\/section>\n\t\t\t\t<section class=\"elementor-section elementor-top-section elementor-element elementor-element-13bf5bf elementor-section-boxed elementor-section-height-default elementor-section-height-default\" data-id=\"13bf5bf\" data-element_type=\"section\">\n\t\t\t\t\t\t<div class=\"elementor-container elementor-column-gap-default\">\n\t\t\t\t\t<div class=\"elementor-column elementor-col-100 elementor-top-column elementor-element elementor-element-818b6e1\" data-id=\"818b6e1\" data-element_type=\"column\">\n\t\t\t<div class=\"elementor-widget-wrap elementor-element-populated\">\n\t\t\t\t\t\t<div class=\"elementor-element elementor-element-15fe7ef elementor-widget elementor-widget-image\" data-id=\"15fe7ef\" data-element_type=\"widget\" data-widget_type=\"image.default\">\n\t\t\t\t<div class=\"elementor-widget-container\">\n\t\t\t\t\t\t\t\t\t\t\t\t\t\t\t<img fetchpriority=\"high\" decoding=\"async\" width=\"696\" height=\"522\" src=\"https:\/\/pc.sc.gov.br\/\/wp-content\/uploads\/2023\/11\/WhatsApp-Image-2023-11-30-at-17.57.53-1024x768.jpeg\" class=\"attachment-large size-large wp-image-15686\" alt=\"\" srcset=\"https:\/\/pc.sc.gov.br\/\/wp-content\/uploads\/2023\/11\/WhatsApp-Image-2023-11-30-at-17.57.53-1024x768.jpeg 1024w, https:\/\/pc.sc.gov.br\/\/wp-content\/uploads\/2023\/11\/WhatsApp-Image-2023-11-30-at-17.57.53-300x225.jpeg 300w, https:\/\/pc.sc.gov.br\/\/wp-content\/uploads\/2023\/11\/WhatsApp-Image-2023-11-30-at-17.57.53-768x576.jpeg 768w, https:\/\/pc.sc.gov.br\/\/wp-content\/uploads\/2023\/11\/WhatsApp-Image-2023-11-30-at-17.57.53-1536x1152.jpeg 1536w, https:\/\/pc.sc.gov.br\/\/wp-content\/uploads\/2023\/11\/WhatsApp-Image-2023-11-30-at-17.57.53.jpeg 1600w\" sizes=\"(max-width: 696px) 100vw, 696px\" \/>\t\t\t\t\t\t\t\t\t\t\t\t\t\t\t<\/div>\n\t\t\t\t<\/div>\n\t\t\t\t<div class=\"elementor-element elementor-element-8f4a5dd elementor-widget elementor-widget-text-editor\" data-id=\"8f4a5dd\" data-element_type=\"widget\" data-widget_type=\"text-editor.default\">\n\t\t\t\t<div class=\"elementor-widget-container\">\n\t\t\t\t\t\t\t\t\t<p>Na quinta-feira (30), a Pol\u00edcia Civil de Santa Catarina, por meio da Delegacia de Pol\u00edcia de Pescaria Brava, prendeu um homem que roubou um comercio em Pescaria Brava. O fato ocorreu em abril de 2020 em um mercado no bairro Laranjeiras, quando indiv\u00edduos armados renderam o propriet\u00e1rio levando do local dinheiro e outros objetos. <br \/>Ap\u00f3s o crime, a Delegacia de pol\u00edcia de Pescaria Brava iniciou as investiga\u00e7\u00f5es e identificou os autores do referido roubo. Ap\u00f3s senten\u00e7a condenat\u00f3ria, a Pol\u00edcia Civil, nesta quinta-feira (30), deu cumprimento ao mandado de pris\u00e3o de um dos homens apontados pela autoria do roubo.<\/p>\t\t\t\t\t\t\t\t<\/div>\n\t\t\t\t<\/div>\n\t\t\t\t\t<\/div>\n\t\t<\/div>\n\t\t\t\t\t<\/div>\n\t\t<\/section>\n\t\t\t\t<\/div>\n\t\t","protected":false},"excerpt":{"rendered":"<p>Pol\u00edcia Civil prende homem por roubo a com\u00e9rcio em Pescaria Brava Na quinta-feira (30), a Pol\u00edcia Civil de Santa Catarina, por meio da Delegacia de Pol\u00edcia de Pescaria Brava, prendeu um homem que roubou um comercio em Pescaria Brava. O fato ocorreu em abril de 2020 em um mercado no bairro Laranjeiras, quando indiv\u00edduos armados [&hellip;]<\/p>\n","protected":false},"author":5,"featured_media":15686,"comment_status":"closed","ping_status":"open","sticky":false,"template":"","format":"standard","meta":{"_monsterinsights_skip_tracking":false,"_monsterinsights_sitenote_active":false,"_monsterinsights_sitenote_note":"","_monsterinsights_sitenote_category":0,"footnotes":""},"categories":[1],"tags":[],"class_list":["post-15685","post","type-post","status-publish","format-standard","has-post-thumbnail","hentry","category-sem-categoria"],"_links":{"self":[{"href":"https:\/\/pc.sc.gov.br\/index.php?rest_route=\/wp\/v2\/posts\/15685","targetHints":{"allow":["GET"]}}],"collection":[{"href":"https:\/\/pc.sc.gov.br\/index.php?rest_route=\/wp\/v2\/posts"}],"about":[{"href":"https:\/\/pc.sc.gov.br\/index.php?rest_route=\/wp\/v2\/types\/post"}],"author":[{"embeddable":true,"href":"https:\/\/pc.sc.gov.br\/index.php?rest_route=\/wp\/v2\/users\/5"}],"replies":[{"embeddable":true,"href":"https:\/\/pc.sc.gov.br\/index.php?rest_route=%2Fwp%2Fv2%2Fcomments&post=15685"}],"version-history":[{"count":4,"href":"https:\/\/pc.sc.gov.br\/index.php?rest_route=\/wp\/v2\/posts\/15685\/revisions"}],"predecessor-version":[{"id":15690,"href":"https:\/\/pc.sc.gov.br\/index.php?rest_route=\/wp\/v2\/posts\/15685\/revisions\/15690"}],"wp:featuredmedia":[{"embeddable":true,"href":"https:\/\/pc.sc.gov.br\/index.php?rest_route=\/wp\/v2\/media\/15686"}],"wp:attachment":[{"href":"https:\/\/pc.sc.gov.br\/index.php?rest_route=%2Fwp%2Fv2%2Fmedia&parent=15685"}],"wp:term":[{"taxonomy":"category","embeddable":true,"href":"https:\/\/pc.sc.gov.br\/index.php?rest_route=%2Fwp%2Fv2%2Fcategories&post=15685"},{"taxonomy":"post_tag","embeddable":true,"href":"https:\/\/pc.sc.gov.br\/index.php?rest_route=%2Fwp%2Fv2%2Ftags&post=15685"}],"curies":[{"name":"wp","href":"https:\/\/api.w.org\/{rel}","templated":true}]}}