{"id":15722,"date":"2023-12-04T14:58:12","date_gmt":"2023-12-04T17:58:12","guid":{"rendered":"https:\/\/pc.sc.gov.br\/?p=15722"},"modified":"2023-12-04T14:59:15","modified_gmt":"2023-12-04T17:59:15","slug":"dic-de-tubarao-elucida-roubo-a-posto-de-combustivel-e-dois-suspeitos-sao-presos","status":"publish","type":"post","link":"https:\/\/pc.sc.gov.br\/?p=15722","title":{"rendered":"DIC de Tubar\u00e3o elucida roubo a posto de combust\u00edvel e dois suspeitos s\u00e3o presos"},"content":{"rendered":"\t\t<div data-elementor-type=\"wp-post\" data-elementor-id=\"15722\" class=\"elementor elementor-15722\" data-elementor-post-type=\"post\">\n\t\t\t\t\t\t<section class=\"elementor-section elementor-top-section elementor-element elementor-element-089aa4d elementor-section-boxed elementor-section-height-default elementor-section-height-default\" data-id=\"089aa4d\" data-element_type=\"section\">\n\t\t\t\t\t\t<div class=\"elementor-container elementor-column-gap-default\">\n\t\t\t\t\t<div class=\"elementor-column elementor-col-100 elementor-top-column elementor-element elementor-element-3513899\" data-id=\"3513899\" data-element_type=\"column\">\n\t\t\t<div class=\"elementor-widget-wrap elementor-element-populated\">\n\t\t\t\t\t\t<div class=\"elementor-element elementor-element-205ad73 elementor-widget elementor-widget-heading\" data-id=\"205ad73\" data-element_type=\"widget\" data-widget_type=\"heading.default\">\n\t\t\t\t<div class=\"elementor-widget-container\">\n\t\t\t\t\t<h2 class=\"elementor-heading-title elementor-size-default\">DIC de Tubar\u00e3o elucida roubo a posto de combust\u00edvel e dois suspeitos s\u00e3o presos<\/h2>\t\t\t\t<\/div>\n\t\t\t\t<\/div>\n\t\t\t\t\t<\/div>\n\t\t<\/div>\n\t\t\t\t\t<\/div>\n\t\t<\/section>\n\t\t\t\t<section class=\"elementor-section elementor-top-section elementor-element elementor-element-9e1df7d elementor-section-boxed elementor-section-height-default elementor-section-height-default\" data-id=\"9e1df7d\" data-element_type=\"section\">\n\t\t\t\t\t\t<div class=\"elementor-container elementor-column-gap-default\">\n\t\t\t\t\t<div class=\"elementor-column elementor-col-100 elementor-top-column elementor-element elementor-element-4235171\" data-id=\"4235171\" data-element_type=\"column\">\n\t\t\t<div class=\"elementor-widget-wrap elementor-element-populated\">\n\t\t\t\t\t\t<div class=\"elementor-element elementor-element-6cacb4f elementor-widget elementor-widget-image\" data-id=\"6cacb4f\" data-element_type=\"widget\" data-widget_type=\"image.default\">\n\t\t\t\t<div class=\"elementor-widget-container\">\n\t\t\t\t\t\t\t\t\t\t\t\t\t\t\t<img fetchpriority=\"high\" decoding=\"async\" width=\"605\" height=\"507\" src=\"https:\/\/pc.sc.gov.br\/\/wp-content\/uploads\/2023\/12\/WhatsApp-Image-2023-12-04-at-14.50.17-1.jpeg\" class=\"attachment-large size-large wp-image-15723\" alt=\"\" srcset=\"https:\/\/pc.sc.gov.br\/\/wp-content\/uploads\/2023\/12\/WhatsApp-Image-2023-12-04-at-14.50.17-1.jpeg 605w, https:\/\/pc.sc.gov.br\/\/wp-content\/uploads\/2023\/12\/WhatsApp-Image-2023-12-04-at-14.50.17-1-300x251.jpeg 300w\" sizes=\"(max-width: 605px) 100vw, 605px\" \/>\t\t\t\t\t\t\t\t\t\t\t\t\t\t\t<\/div>\n\t\t\t\t<\/div>\n\t\t\t\t\t<\/div>\n\t\t<\/div>\n\t\t\t\t\t<\/div>\n\t\t<\/section>\n\t\t\t\t<section class=\"elementor-section elementor-top-section elementor-element elementor-element-04ba090 elementor-section-boxed elementor-section-height-default elementor-section-height-default\" data-id=\"04ba090\" data-element_type=\"section\">\n\t\t\t\t\t\t<div class=\"elementor-container elementor-column-gap-default\">\n\t\t\t\t\t<div class=\"elementor-column elementor-col-100 elementor-top-column elementor-element elementor-element-320c85b\" data-id=\"320c85b\" data-element_type=\"column\">\n\t\t\t<div class=\"elementor-widget-wrap elementor-element-populated\">\n\t\t\t\t\t\t<div class=\"elementor-element elementor-element-05edf30 elementor-widget elementor-widget-text-editor\" data-id=\"05edf30\" data-element_type=\"widget\" data-widget_type=\"text-editor.default\">\n\t\t\t\t<div class=\"elementor-widget-container\">\n\t\t\t\t\t\t\t\t\t<p>A Pol\u00edcia Civil de Santa Catarina, por interm\u00e9dio da Divis\u00e3o de Investiga\u00e7\u00e3o Criminal (DIC) de Tubar\u00e3o tomou conhecimento de que, no dia 17 de novembro de 2023, por volta das 3h25min, tr\u00eas indiv\u00edduos chegaram a um posto de combust\u00edvel situado no bairro Aeroporto e, ap\u00f3s alguns minutos, um deles sacou uma arma de fogo, amea\u00e7ou o funcion\u00e1rio que estava no caixa e subtraiu cerca de R$ 400 em esp\u00e9cie.<\/p><p>Os investigadores da DIC de Tubar\u00e3o procederam em dilig\u00eancias e identificaram um dos autores do fato. Ap\u00f3s alguns dias de investiga\u00e7\u00e3o, a Pol\u00edcia Militar trouxe uma informa\u00e7\u00e3o importante, por meio da qual foi poss\u00edvel identificar um segundo envolvido.\u00a0<\/p><p>Instaurou-se o competente inqu\u00e9rito policial e, ap\u00f3s a coleta de robusto conjunto probat\u00f3rio, o Delegado de Pol\u00edcia respons\u00e1vel pelas investiga\u00e7\u00f5es representou pela pris\u00e3o preventiva dos dois suspeitos identificados at\u00e9 o momento, pleitos que foram deferidos pelo Ju\u00edzo da 1\u00ba Vara Criminal de Tubar\u00e3o.\u00a0<\/p><p>De posse dos mandados, a DIC de Tubar\u00e3o capturou um dos suspeitos na \u00faltima sexta-feira (01) no bairro S\u00e3o Clemente, tendo ele sido conduzido \u00e0 sede da DIC de Tubar\u00e3o e, ap\u00f3s os procedimentos de pol\u00edcia judici\u00e1ria, encaminhado ao Pres\u00eddio Regional de Tubar\u00e3o, onde permanecer\u00e1 \u00e0 disposi\u00e7\u00e3o do Poder Judici\u00e1rio.\u00a0<\/p><p>Na tarde de domingo (03), a Pol\u00edcia Militar capturou o segundo suspeito e o encaminhou ao Pres\u00eddio Regional de Tubar\u00e3o. Esse segundo suspeito ser\u00e1 interrogado pela autoridade policial e as investiga\u00e7\u00f5es prosseguem no intuito de identificar o terceiro envolvido.\u00a0<\/p><div>\u00a0<\/div>\t\t\t\t\t\t\t\t<\/div>\n\t\t\t\t<\/div>\n\t\t\t\t\t<\/div>\n\t\t<\/div>\n\t\t\t\t\t<\/div>\n\t\t<\/section>\n\t\t\t\t<\/div>\n\t\t","protected":false},"excerpt":{"rendered":"<p>DIC de Tubar\u00e3o elucida roubo a posto de combust\u00edvel e dois suspeitos s\u00e3o presos A Pol\u00edcia Civil de Santa Catarina, por interm\u00e9dio da Divis\u00e3o de Investiga\u00e7\u00e3o Criminal (DIC) de Tubar\u00e3o tomou conhecimento de que, no dia 17 de novembro de 2023, por volta das 3h25min, tr\u00eas indiv\u00edduos chegaram a um posto de combust\u00edvel situado no [&hellip;]<\/p>\n","protected":false},"author":5,"featured_media":15723,"comment_status":"closed","ping_status":"open","sticky":false,"template":"","format":"standard","meta":{"_monsterinsights_skip_tracking":false,"_monsterinsights_sitenote_active":false,"_monsterinsights_sitenote_note":"","_monsterinsights_sitenote_category":0,"footnotes":""},"categories":[1],"tags":[],"class_list":["post-15722","post","type-post","status-publish","format-standard","has-post-thumbnail","hentry","category-sem-categoria"],"_links":{"self":[{"href":"https:\/\/pc.sc.gov.br\/index.php?rest_route=\/wp\/v2\/posts\/15722","targetHints":{"allow":["GET"]}}],"collection":[{"href":"https:\/\/pc.sc.gov.br\/index.php?rest_route=\/wp\/v2\/posts"}],"about":[{"href":"https:\/\/pc.sc.gov.br\/index.php?rest_route=\/wp\/v2\/types\/post"}],"author":[{"embeddable":true,"href":"https:\/\/pc.sc.gov.br\/index.php?rest_route=\/wp\/v2\/users\/5"}],"replies":[{"embeddable":true,"href":"https:\/\/pc.sc.gov.br\/index.php?rest_route=%2Fwp%2Fv2%2Fcomments&post=15722"}],"version-history":[{"count":4,"href":"https:\/\/pc.sc.gov.br\/index.php?rest_route=\/wp\/v2\/posts\/15722\/revisions"}],"predecessor-version":[{"id":15727,"href":"https:\/\/pc.sc.gov.br\/index.php?rest_route=\/wp\/v2\/posts\/15722\/revisions\/15727"}],"wp:featuredmedia":[{"embeddable":true,"href":"https:\/\/pc.sc.gov.br\/index.php?rest_route=\/wp\/v2\/media\/15723"}],"wp:attachment":[{"href":"https:\/\/pc.sc.gov.br\/index.php?rest_route=%2Fwp%2Fv2%2Fmedia&parent=15722"}],"wp:term":[{"taxonomy":"category","embeddable":true,"href":"https:\/\/pc.sc.gov.br\/index.php?rest_route=%2Fwp%2Fv2%2Fcategories&post=15722"},{"taxonomy":"post_tag","embeddable":true,"href":"https:\/\/pc.sc.gov.br\/index.php?rest_route=%2Fwp%2Fv2%2Ftags&post=15722"}],"curies":[{"name":"wp","href":"https:\/\/api.w.org\/{rel}","templated":true}]}}