{"id":15728,"date":"2023-12-04T15:27:19","date_gmt":"2023-12-04T18:27:19","guid":{"rendered":"https:\/\/pc.sc.gov.br\/?p=15728"},"modified":"2023-12-04T15:31:16","modified_gmt":"2023-12-04T18:31:16","slug":"policia-civil-encerra-inquerito-sobre-desaparecimento-de-cidadao-austriaco-e-conclusao-e-de-que-morte-foi-por-afogamento","status":"publish","type":"post","link":"https:\/\/pc.sc.gov.br\/?p=15728","title":{"rendered":"Pol\u00edcia Civil encerra inqu\u00e9rito sobre desaparecimento de cidad\u00e3o austr\u00edaco e conclui que a morte foi acidental, por afogamento"},"content":{"rendered":"\t\t<div data-elementor-type=\"wp-post\" data-elementor-id=\"15728\" class=\"elementor elementor-15728\" data-elementor-post-type=\"post\">\n\t\t\t\t\t\t<section class=\"elementor-section elementor-top-section elementor-element elementor-element-ce3a890 elementor-section-boxed elementor-section-height-default elementor-section-height-default\" data-id=\"ce3a890\" data-element_type=\"section\">\n\t\t\t\t\t\t<div class=\"elementor-container elementor-column-gap-default\">\n\t\t\t\t\t<div class=\"elementor-column elementor-col-100 elementor-top-column elementor-element elementor-element-2863671\" data-id=\"2863671\" data-element_type=\"column\">\n\t\t\t<div class=\"elementor-widget-wrap elementor-element-populated\">\n\t\t\t\t\t\t<div class=\"elementor-element elementor-element-0c1d148 elementor-widget elementor-widget-heading\" data-id=\"0c1d148\" data-element_type=\"widget\" data-widget_type=\"heading.default\">\n\t\t\t\t<div class=\"elementor-widget-container\">\n\t\t\t\t\t<h2 class=\"elementor-heading-title elementor-size-default\">Pol\u00edcia Civil encerra inqu\u00e9rito sobre desaparecimento de cidad\u00e3o austr\u00edaco e conclui  que a morte foi acidental, por afogamento<\/h2>\t\t\t\t<\/div>\n\t\t\t\t<\/div>\n\t\t\t\t\t<\/div>\n\t\t<\/div>\n\t\t\t\t\t<\/div>\n\t\t<\/section>\n\t\t\t\t<section class=\"elementor-section elementor-top-section elementor-element elementor-element-6e64649 elementor-section-boxed elementor-section-height-default elementor-section-height-default\" data-id=\"6e64649\" data-element_type=\"section\">\n\t\t\t\t\t\t<div class=\"elementor-container elementor-column-gap-default\">\n\t\t\t\t\t<div class=\"elementor-column elementor-col-100 elementor-top-column elementor-element elementor-element-6df2605\" data-id=\"6df2605\" data-element_type=\"column\">\n\t\t\t<div class=\"elementor-widget-wrap elementor-element-populated\">\n\t\t\t\t\t\t<div class=\"elementor-element elementor-element-99b901e elementor-widget elementor-widget-image\" data-id=\"99b901e\" data-element_type=\"widget\" data-widget_type=\"image.default\">\n\t\t\t\t<div class=\"elementor-widget-container\">\n\t\t\t\t\t\t\t\t\t\t\t\t\t\t\t<img fetchpriority=\"high\" decoding=\"async\" width=\"696\" height=\"583\" src=\"https:\/\/pc.sc.gov.br\/\/wp-content\/uploads\/2023\/12\/52798047036_d7bc95aaed_k-fotor-20231101135311.jpg\" class=\"attachment-large size-large wp-image-15729\" alt=\"\" srcset=\"https:\/\/pc.sc.gov.br\/\/wp-content\/uploads\/2023\/12\/52798047036_d7bc95aaed_k-fotor-20231101135311.jpg 961w, https:\/\/pc.sc.gov.br\/\/wp-content\/uploads\/2023\/12\/52798047036_d7bc95aaed_k-fotor-20231101135311-300x251.jpg 300w, https:\/\/pc.sc.gov.br\/\/wp-content\/uploads\/2023\/12\/52798047036_d7bc95aaed_k-fotor-20231101135311-768x643.jpg 768w\" sizes=\"(max-width: 696px) 100vw, 696px\" \/>\t\t\t\t\t\t\t\t\t\t\t\t\t\t\t<\/div>\n\t\t\t\t<\/div>\n\t\t\t\t\t<\/div>\n\t\t<\/div>\n\t\t\t\t\t<\/div>\n\t\t<\/section>\n\t\t\t\t<section class=\"elementor-section elementor-top-section elementor-element elementor-element-b8f76cf elementor-section-boxed elementor-section-height-default elementor-section-height-default\" data-id=\"b8f76cf\" data-element_type=\"section\">\n\t\t\t\t\t\t<div class=\"elementor-container elementor-column-gap-default\">\n\t\t\t\t\t<div class=\"elementor-column elementor-col-100 elementor-top-column elementor-element elementor-element-56d68d3\" data-id=\"56d68d3\" data-element_type=\"column\">\n\t\t\t<div class=\"elementor-widget-wrap elementor-element-populated\">\n\t\t\t\t\t\t<div class=\"elementor-element elementor-element-9392625 elementor-widget elementor-widget-text-editor\" data-id=\"9392625\" data-element_type=\"widget\" data-widget_type=\"text-editor.default\">\n\t\t\t\t<div class=\"elementor-widget-container\">\n\t\t\t\t\t\t\t\t\t<p>A Pol\u00edcia Civil de Santa Catarina, por meio da Delegacia de Prote\u00e7\u00e3o ao Turista (DPTUR) e da Delegacia de Pol\u00edcia de Pessoas Desaparecidas (DPPD), apresentou ao Poder Judici\u00e1rio as conclus\u00f5es do inqu\u00e9rito policial que apurou as circunst\u00e2ncias do desaparecimento de um turista austr\u00edaco que desapareceu em Florian\u00f3polis em 19 de outubro de 2023.<\/p>\n<p>O caso<\/p>\n<p><span style=\"font-family: var( --e-global-typography-text-font-family ), Sans-serif; font-size: var( --e-global-typography-text-font-size );\">O turista austr\u00edaco realizava viagem pela Am\u00e9rica do Sul, possuindo passagens por diversos pa\u00edses do mundo e foi visto pela \u00faltima vez na tarde d<\/span><span style=\"font-family: var( --e-global-typography-text-font-family ), Sans-serif; font-size: var( --e-global-typography-text-font-size );\">e 19 de outubro de 2023, na Praia da Joaquina, em Florian\u00f3polis. Ele j\u00e1 possu\u00eda viagem agendada \u00e0 cidade de S\u00e3o Paulo, devendo l\u00e1 desembarcar no dia 21 de outubro. Contudo, como nunca chegara naquela localidade, bem como pela aus\u00eancia de comunica\u00e7\u00e3o com sua fam\u00edlia h\u00e1 dois dias, noticiou-se o desaparecimento do estrangeiro.<\/span><\/p>\n<p>A investiga\u00e7\u00e3o<\/p>\n<p>A Pol\u00edcia Civil, atrav\u00e9s da Delegacia de Prote\u00e7\u00e3o ao Turista (DPTUR) representou pela quebra de sigilo de dados relativo a aplicativos de encontros, redes sociais e contas em nuvem pertencentes ao austr\u00edaco, ao tempo em que se intensificaram as buscas por terra, mar e ar nas proximidades do local em que turista fora visto pela \u00faltima vez. A DPPD realizou trabalho de identifica\u00e7\u00e3o de testemunhas, trajetos e pesquisando elementos que pudessem confirmar o paradeiro de TURISTA, como imagens de c\u00e2meras de vigil\u00e2ncia de com\u00e9rcios e resid\u00eancias.<\/p>\n<p>Uma mochila com ind\u00edcios de pertencer ao turista foi localizada na Praia da Joaquina, sob um &#8220;deck&#8221; de madeira&#8221;, contendo diversos objetos do estrangeiro. Entre eles, localizou-se seu telefone celular, sem carga, documentos paraguaios em seu nome, cart\u00f5es de cr\u00e9dito e roupas que posteriormente foram confirmadas como sendo dele.<\/p>\n<p>Durante a investiga\u00e7\u00e3o, foram ouvidas testemunhas, inclusive pessoas que alegaram ter visto o homem ap\u00f3s a data de seu desaparecimento. Foram analisadas c\u00e2meras de seguran\u00e7a de tais locais, sendo que n\u00e3o foram encontrados quaisquer ind\u00edcios de que turista estivesse circulando pela Capital ap\u00f3s a data de seu desaparecimento.<\/p>\n<p>O hist\u00f3rico digital<\/p>\n<p>A DPTUR passou a analisar os dados remetidos por companhias detentoras de aplicativos de encontros, redes sociais e contas em nuvem. Dentre o material, foram analisadas conversas, grupos, contatos, dados de conex\u00e3o e fotografias. As conversas relacionadas em aplicativos de encontros n\u00e3o apontaram para qualquer relacionamento ou exposi\u00e7\u00e3o a risco por turista. De mesmo modo, as redes sociais tamb\u00e9m n\u00e3o continham elementos de poss\u00edveis riscos a que o estrangeiro estaria exposto.<\/p>\n<p>As fotografias em nuvem tamb\u00e9m demonstram que, na data do desaparecimento, o turista estava sozinho, tendo feito diversas fotografias e v\u00eddeos na Praia da Joaquina, inclusive em ponto pr\u00f3ximo onde sua mochila fora localizada.<\/p>\n<p>Testemunhas relataram que o homem continuava a receber mensagens por aplicativos de comunica\u00e7\u00e3o em seu telefone at\u00e9 a manh\u00e3 do dia 20 de outubro, o que poderia evidenciar que ainda estivesse vivo ap\u00f3s seu desaparecimento no dia 19. De acordo com a conclus\u00e3o apresentada pelo Delegado Renan Scandolara, a an\u00e1lise dos metadados de conex\u00f5es resgatados pelas plataformas de tecnologia evidenciam que o telefone de turista manteve-se conectado \u00e0 internet at\u00e9 a prov\u00e1vel descarga completa da bateria do telefone. \u201cO turista&nbsp; havia se conectado \u00e0 rede pertencente ao restaurante em que esteve por \u00faltimo, que encontra-se pr\u00f3ximo ao ponto em que localizada sua mochila, o que indica que a conex\u00e3o foi mantida em raz\u00e3o dessa rede,\u201ddisse o delegado Renan Scandolara.<\/p>\n<p>Encontro de cad\u00e1ver e coopera\u00e7\u00e3o internacional<\/p>\n<p>Na data de 29 de outubro de 2023, 10 dias ap\u00f3s o desaparecimento, o cad\u00e1ver de um homem foi localizado ao mar nas ilhas Moleques do Sul, em Florian\u00f3polis. O corpo estava em avan\u00e7ado estado de decomposi\u00e7\u00e3o, n\u00e3o sendo poss\u00edvel verificar sua identidade.<\/p>\n<p>Uma vez que os ind\u00edcios indicavam tratar-se do turista, j\u00e1 que n\u00e3o haviam outras den\u00fancias de pessoas desaparecidas em mar com as caracter\u00edsticas do estrangeiro, a Pol\u00edcia Civil, atrav\u00e9s da DPTUR, realizou atos de coopera\u00e7\u00e3o internacional para aux\u00edlio na identifica\u00e7\u00e3o do cad\u00e1ver. Foram acionados, ent\u00e3o, autoridades da \u00c1ustria no Brasil, bem como a Pol\u00edcia Nacional do Paraguai e a Pol\u00edcia Austr\u00edaca, a fim de se obter documentos e prontu\u00e1rios que permitissem a identifica\u00e7\u00e3o do cad\u00e1ver. Atrav\u00e9s de tal coopera\u00e7\u00e3o, foram recebidos prontu\u00e1rios dactilosc\u00f3picos e documentos odontol\u00f3gicos do falecido, o que permitiu identificar o corpo, com seguran\u00e7a, como sendo do turista austr\u00edaco.<\/p>\n<p>Vinda de familiares ao Brasil<\/p>\n<p>Familiares de turista viajaram da \u00c1ustria para Florian\u00f3polis para realizar os ritos funer\u00e1rios e repatria\u00e7\u00e3o de seus restos mortais, juntamente com autoridades consulares daquele pa\u00eds. Durante esse per\u00edodo, os estrangeiros foram assistidos pela Delegacia de Prote\u00e7\u00e3o ao Turista (DPTUR), que prestou aux\u00edlio na libera\u00e7\u00e3o do cad\u00e1ver \u00e0 fam\u00edlia, elabora\u00e7\u00e3o de documentos relativos ao \u00f3bito e entrega dos objetos pessoais da v\u00edtima.<\/p>\n<p>A conclus\u00e3o da investiga\u00e7\u00e3o<\/p>\n<p>Na conclus\u00e3o do Inqu\u00e9rito Policial, o Delegado de Pol\u00edcia Renan Scandolara salientou que \u201ca hip\u00f3tese plaus\u00edvel \u00e9 de que a v\u00edtima tenha deixado seus objetos pessoais em sua mochila, a colocado sob o deck de madeira e ingressado no mar da Praia da Joaquina. Turista havia ingerido bebida alco\u00f3lica e o mar encontrava-se bastante agitado e com correntes mar\u00edtimas significativas, sinalizado com bandeira vermelha. N\u00e3o havia ningu\u00e9m junto a Turista, o que indica que ele ingressou sozinho no mar. A falta de retorno do turista \u00e0 praia para buscar seus pertences \u00e9 elemento que refor\u00e7a, por fim, a morte acidental por afogamento do estrangeiro\u201d.<\/p>\n<p>Em complemento destacou-se a aus\u00eancia de \u201csinal de viol\u00eancia externa na an\u00e1lise do cad\u00e1ver. Tal fato se alinha com a aus\u00eancia de ind\u00edcios m\u00ednimos da pr\u00e1tica de delitos com viol\u00eancia e\/ou grave amea\u00e7a: todos os pertences da v\u00edtima foram localizados na praia, na forma que ele possivelmente os havia deixado (sem indicativos de latroc\u00ednio); n\u00e3o h\u00e1 hist\u00f3rico de conversas em aplicativos de relacionamento que permitam indicar que turista estivesse em risco; e n\u00e3o h\u00e1 elementos de comportamento autodestrutivo da v\u00edtima\u201d.<\/p>\n<p>Uni\u00e3o das ag\u00eancias de seguran\u00e7a p\u00fablica<\/p>\n<p>As institui\u00e7\u00f5es de seguran\u00e7a p\u00fablica do Estado de Santa Catarina &#8211; Pol\u00edcia Civil, Pol\u00edcia Militar, Corpo de Bombeiros Militar e Pol\u00edcia Cient\u00edfica &#8211; trabalharam em conjunto para a elucida\u00e7\u00e3o do caso. Buscas foram realizadas desde a not\u00edcia do desaparecimento de TURISTA, incluindo incurs\u00f5es em trilhas, buscas com c\u00e3es, por helic\u00f3ptero, com uso de drones e por embarca\u00e7\u00f5es aqu\u00e1ticas. Tamb\u00e9m foram realizadas per\u00edcias tanto no cad\u00e1ver quanto em objetos pessoais do estrangeiro, a cargo da Pol\u00edcia Cient\u00edfica.<\/p>\n<p>Durante as investiga\u00e7\u00f5es, tamb\u00e9m contou-se com apoio das autoridades austr\u00edacas e paraguaias. Tamb\u00e9m houve apoio da Marinha do Brasil, EPAGRI, Defesa Civil, Pol\u00edcia Federal e Centro Integrado de Opera\u00e7\u00f5es de Fronteira (CIOF).<\/p>\n<div>&nbsp;<\/div>\t\t\t\t\t\t\t\t<\/div>\n\t\t\t\t<\/div>\n\t\t\t\t\t<\/div>\n\t\t<\/div>\n\t\t\t\t\t<\/div>\n\t\t<\/section>\n\t\t\t\t<\/div>\n\t\t","protected":false},"excerpt":{"rendered":"<p>Pol\u00edcia Civil encerra inqu\u00e9rito sobre desaparecimento de cidad\u00e3o austr\u00edaco e conclui que a morte foi acidental, por afogamento A Pol\u00edcia Civil de Santa Catarina, por meio da Delegacia de Prote\u00e7\u00e3o ao Turista (DPTUR) e da Delegacia de Pol\u00edcia de Pessoas Desaparecidas (DPPD), apresentou ao Poder Judici\u00e1rio as conclus\u00f5es do inqu\u00e9rito policial que apurou as circunst\u00e2ncias [&hellip;]<\/p>\n","protected":false},"author":5,"featured_media":15729,"comment_status":"closed","ping_status":"open","sticky":false,"template":"","format":"standard","meta":{"_monsterinsights_skip_tracking":false,"_monsterinsights_sitenote_active":false,"_monsterinsights_sitenote_note":"","_monsterinsights_sitenote_category":0,"footnotes":""},"categories":[1],"tags":[],"class_list":["post-15728","post","type-post","status-publish","format-standard","has-post-thumbnail","hentry","category-sem-categoria"],"_links":{"self":[{"href":"https:\/\/pc.sc.gov.br\/index.php?rest_route=\/wp\/v2\/posts\/15728","targetHints":{"allow":["GET"]}}],"collection":[{"href":"https:\/\/pc.sc.gov.br\/index.php?rest_route=\/wp\/v2\/posts"}],"about":[{"href":"https:\/\/pc.sc.gov.br\/index.php?rest_route=\/wp\/v2\/types\/post"}],"author":[{"embeddable":true,"href":"https:\/\/pc.sc.gov.br\/index.php?rest_route=\/wp\/v2\/users\/5"}],"replies":[{"embeddable":true,"href":"https:\/\/pc.sc.gov.br\/index.php?rest_route=%2Fwp%2Fv2%2Fcomments&post=15728"}],"version-history":[{"count":4,"href":"https:\/\/pc.sc.gov.br\/index.php?rest_route=\/wp\/v2\/posts\/15728\/revisions"}],"predecessor-version":[{"id":15733,"href":"https:\/\/pc.sc.gov.br\/index.php?rest_route=\/wp\/v2\/posts\/15728\/revisions\/15733"}],"wp:featuredmedia":[{"embeddable":true,"href":"https:\/\/pc.sc.gov.br\/index.php?rest_route=\/wp\/v2\/media\/15729"}],"wp:attachment":[{"href":"https:\/\/pc.sc.gov.br\/index.php?rest_route=%2Fwp%2Fv2%2Fmedia&parent=15728"}],"wp:term":[{"taxonomy":"category","embeddable":true,"href":"https:\/\/pc.sc.gov.br\/index.php?rest_route=%2Fwp%2Fv2%2Fcategories&post=15728"},{"taxonomy":"post_tag","embeddable":true,"href":"https:\/\/pc.sc.gov.br\/index.php?rest_route=%2Fwp%2Fv2%2Ftags&post=15728"}],"curies":[{"name":"wp","href":"https:\/\/api.w.org\/{rel}","templated":true}]}}