{"id":15734,"date":"2023-12-04T17:52:16","date_gmt":"2023-12-04T20:52:16","guid":{"rendered":"https:\/\/pc.sc.gov.br\/?p=15734"},"modified":"2023-12-04T17:56:59","modified_gmt":"2023-12-04T20:56:59","slug":"em-gramado-policia-civil-de-maravilha-prende-foragido-por-feminicidio","status":"publish","type":"post","link":"https:\/\/pc.sc.gov.br\/?p=15734","title":{"rendered":"Em Gramado, Pol\u00edcia Civil de Maravilha prende foragido por feminic\u00eddio"},"content":{"rendered":"\t\t<div data-elementor-type=\"wp-post\" data-elementor-id=\"15734\" class=\"elementor elementor-15734\" data-elementor-post-type=\"post\">\n\t\t\t\t\t\t<section class=\"elementor-section elementor-top-section elementor-element elementor-element-2b68f09 elementor-section-boxed elementor-section-height-default elementor-section-height-default\" data-id=\"2b68f09\" data-element_type=\"section\">\n\t\t\t\t\t\t<div class=\"elementor-container elementor-column-gap-default\">\n\t\t\t\t\t<div class=\"elementor-column elementor-col-100 elementor-top-column elementor-element elementor-element-f695bf0\" data-id=\"f695bf0\" data-element_type=\"column\">\n\t\t\t<div class=\"elementor-widget-wrap elementor-element-populated\">\n\t\t\t\t\t\t<div class=\"elementor-element elementor-element-a62ac1c elementor-widget elementor-widget-heading\" data-id=\"a62ac1c\" data-element_type=\"widget\" data-widget_type=\"heading.default\">\n\t\t\t\t<div class=\"elementor-widget-container\">\n\t\t\t\t\t<h2 class=\"elementor-heading-title elementor-size-default\">Em Gramado, Pol\u00edcia Civil de Maravilha prende foragido por feminic\u00eddio <\/h2>\t\t\t\t<\/div>\n\t\t\t\t<\/div>\n\t\t\t\t\t<\/div>\n\t\t<\/div>\n\t\t\t\t\t<\/div>\n\t\t<\/section>\n\t\t\t\t<section class=\"elementor-section elementor-top-section elementor-element elementor-element-8e55309 elementor-section-boxed elementor-section-height-default elementor-section-height-default\" data-id=\"8e55309\" data-element_type=\"section\">\n\t\t\t\t\t\t<div class=\"elementor-container elementor-column-gap-default\">\n\t\t\t\t\t<div class=\"elementor-column elementor-col-100 elementor-top-column elementor-element elementor-element-7461733\" data-id=\"7461733\" data-element_type=\"column\">\n\t\t\t<div class=\"elementor-widget-wrap\">\n\t\t\t\t\t\t\t<\/div>\n\t\t<\/div>\n\t\t\t\t\t<\/div>\n\t\t<\/section>\n\t\t\t\t<section class=\"elementor-section elementor-top-section elementor-element elementor-element-3247647 elementor-section-boxed elementor-section-height-default elementor-section-height-default\" data-id=\"3247647\" data-element_type=\"section\">\n\t\t\t\t\t\t<div class=\"elementor-container elementor-column-gap-default\">\n\t\t\t\t\t<div class=\"elementor-column elementor-col-100 elementor-top-column elementor-element elementor-element-92771ef\" data-id=\"92771ef\" data-element_type=\"column\">\n\t\t\t<div class=\"elementor-widget-wrap elementor-element-populated\">\n\t\t\t\t\t\t<div class=\"elementor-element elementor-element-bd72d3e elementor-widget elementor-widget-text-editor\" data-id=\"bd72d3e\" data-element_type=\"widget\" data-widget_type=\"text-editor.default\">\n\t\t\t\t<div class=\"elementor-widget-container\">\n\t\t\t\t\t\t\t\t\t<p>Na sexta-feira (1\u00b0 de dezembro) a Divis\u00e3o de Investiga\u00e7\u00e3o Criminal de Maravilha capturou um homem que estava foragido pela pr\u00e1tica de crime de homic\u00eddio qualificado (feminic\u00eddio) tentado.<br>O crime ocorreu na madrugada do dia 2 de novembro de 2023, na cidade de Palmitos. Ap\u00f3s investiga\u00e7\u00e3o da Pol\u00edcia Civil. J\u00e1 no dia seguinte, foi expedido o mandado de pris\u00e3o preventiva do autor, que invadiu a casa da v\u00edtima, imobilizou-a com estrangulamento e tentou mat\u00e1-la ao bater deliberadamente o carro na rodovia.<br>O homem estava foragido e homiziado em Gramado, no Rio Grande do Sul, onde estava trabalhando como seguran\u00e7a de um movimentado ponto tur\u00edstico local (a rua coberta).<br>Ap\u00f3s a pris\u00e3o, o indiv\u00edduo foi encaminhado ao pres\u00eddio de Canela.<\/p><p><b>Confira o v\u00eddeo que o delegado Rodrigo Moura gravou ap\u00f3s a pris\u00e3o.<\/b><br><\/p>\n<p><br><\/p>\t\t\t\t\t\t\t\t<\/div>\n\t\t\t\t<\/div>\n\t\t\t\t\t<\/div>\n\t\t<\/div>\n\t\t\t\t\t<\/div>\n\t\t<\/section>\n\t\t\t\t<section class=\"elementor-section elementor-top-section elementor-element elementor-element-eccd394 elementor-section-boxed elementor-section-height-default elementor-section-height-default\" data-id=\"eccd394\" data-element_type=\"section\">\n\t\t\t\t\t\t<div class=\"elementor-container elementor-column-gap-default\">\n\t\t\t\t\t<div class=\"elementor-column elementor-col-100 elementor-top-column elementor-element elementor-element-8141f93\" data-id=\"8141f93\" data-element_type=\"column\">\n\t\t\t<div class=\"elementor-widget-wrap elementor-element-populated\">\n\t\t\t\t\t\t<div class=\"elementor-element elementor-element-5fd65f4 elementor-widget__width-auto elementor-widget elementor-widget-video\" data-id=\"5fd65f4\" data-element_type=\"widget\" data-settings=\"{&quot;video_type&quot;:&quot;hosted&quot;,&quot;controls&quot;:&quot;yes&quot;}\" data-widget_type=\"video.default\">\n\t\t\t\t<div class=\"elementor-widget-container\">\n\t\t\t\t\t\t\t<div class=\"e-hosted-video elementor-wrapper elementor-open-inline\">\n\t\t\t\t\t<video class=\"elementor-video\" src=\"https:\/\/pc.sc.gov.br\/wp-content\/uploads\/2023\/12\/Delegado-Rodrigo.mp4\" controls=\"\" preload=\"metadata\"><\/video>\n\t\t\t\t<\/div>\n\t\t\t\t\t\t<\/div>\n\t\t\t\t<\/div>\n\t\t\t\t\t<\/div>\n\t\t<\/div>\n\t\t\t\t\t<\/div>\n\t\t<\/section>\n\t\t\t\t<\/div>\n\t\t","protected":false},"excerpt":{"rendered":"<p>Em Gramado, Pol\u00edcia Civil de Maravilha prende foragido por feminic\u00eddio Na sexta-feira (1\u00b0 de dezembro) a Divis\u00e3o de Investiga\u00e7\u00e3o Criminal de Maravilha capturou um homem que estava foragido pela pr\u00e1tica de crime de homic\u00eddio qualificado (feminic\u00eddio) tentado.O crime ocorreu na madrugada do dia 2 de novembro de 2023, na cidade de Palmitos. Ap\u00f3s investiga\u00e7\u00e3o da [&hellip;]<\/p>\n","protected":false},"author":5,"featured_media":14144,"comment_status":"closed","ping_status":"open","sticky":false,"template":"","format":"standard","meta":{"_monsterinsights_skip_tracking":false,"_monsterinsights_sitenote_active":false,"_monsterinsights_sitenote_note":"","_monsterinsights_sitenote_category":0,"footnotes":""},"categories":[1],"tags":[],"class_list":["post-15734","post","type-post","status-publish","format-standard","has-post-thumbnail","hentry","category-sem-categoria"],"_links":{"self":[{"href":"https:\/\/pc.sc.gov.br\/index.php?rest_route=\/wp\/v2\/posts\/15734","targetHints":{"allow":["GET"]}}],"collection":[{"href":"https:\/\/pc.sc.gov.br\/index.php?rest_route=\/wp\/v2\/posts"}],"about":[{"href":"https:\/\/pc.sc.gov.br\/index.php?rest_route=\/wp\/v2\/types\/post"}],"author":[{"embeddable":true,"href":"https:\/\/pc.sc.gov.br\/index.php?rest_route=\/wp\/v2\/users\/5"}],"replies":[{"embeddable":true,"href":"https:\/\/pc.sc.gov.br\/index.php?rest_route=%2Fwp%2Fv2%2Fcomments&post=15734"}],"version-history":[{"count":4,"href":"https:\/\/pc.sc.gov.br\/index.php?rest_route=\/wp\/v2\/posts\/15734\/revisions"}],"predecessor-version":[{"id":15739,"href":"https:\/\/pc.sc.gov.br\/index.php?rest_route=\/wp\/v2\/posts\/15734\/revisions\/15739"}],"wp:featuredmedia":[{"embeddable":true,"href":"https:\/\/pc.sc.gov.br\/index.php?rest_route=\/wp\/v2\/media\/14144"}],"wp:attachment":[{"href":"https:\/\/pc.sc.gov.br\/index.php?rest_route=%2Fwp%2Fv2%2Fmedia&parent=15734"}],"wp:term":[{"taxonomy":"category","embeddable":true,"href":"https:\/\/pc.sc.gov.br\/index.php?rest_route=%2Fwp%2Fv2%2Fcategories&post=15734"},{"taxonomy":"post_tag","embeddable":true,"href":"https:\/\/pc.sc.gov.br\/index.php?rest_route=%2Fwp%2Fv2%2Ftags&post=15734"}],"curies":[{"name":"wp","href":"https:\/\/api.w.org\/{rel}","templated":true}]}}