{"id":15740,"date":"2023-12-04T18:16:25","date_gmt":"2023-12-04T21:16:25","guid":{"rendered":"https:\/\/pc.sc.gov.br\/?p=15740"},"modified":"2023-12-04T18:17:53","modified_gmt":"2023-12-04T21:17:53","slug":"policia-civil-deflagra-operacao-contra-trafico-de-drogas-e-entorpecentes-e-armas-de-fogo-sao-apreendidos","status":"publish","type":"post","link":"https:\/\/pc.sc.gov.br\/?p=15740","title":{"rendered":"Pol\u00edcia Civil deflagra opera\u00e7\u00e3o contra tr\u00e1fico de drogas e entorpecentes e armas de fogo s\u00e3o apreendidos"},"content":{"rendered":"\t\t<div data-elementor-type=\"wp-post\" data-elementor-id=\"15740\" class=\"elementor elementor-15740\" data-elementor-post-type=\"post\">\n\t\t\t\t\t\t<section class=\"elementor-section elementor-top-section elementor-element elementor-element-8dac433 elementor-section-boxed elementor-section-height-default elementor-section-height-default\" data-id=\"8dac433\" data-element_type=\"section\">\n\t\t\t\t\t\t<div class=\"elementor-container elementor-column-gap-default\">\n\t\t\t\t\t<div class=\"elementor-column elementor-col-100 elementor-top-column elementor-element elementor-element-654cd6f\" data-id=\"654cd6f\" data-element_type=\"column\">\n\t\t\t<div class=\"elementor-widget-wrap elementor-element-populated\">\n\t\t\t\t\t\t<div class=\"elementor-element elementor-element-cd3a187 elementor-widget elementor-widget-heading\" data-id=\"cd3a187\" data-element_type=\"widget\" data-widget_type=\"heading.default\">\n\t\t\t\t<div class=\"elementor-widget-container\">\n\t\t\t\t\t<h2 class=\"elementor-heading-title elementor-size-default\">Pol\u00edcia Civil deflagra opera\u00e7\u00e3o contra tr\u00e1fico de drogas e entorpecentes e armas de fogo s\u00e3o apreendidos<\/h2>\t\t\t\t<\/div>\n\t\t\t\t<\/div>\n\t\t\t\t\t<\/div>\n\t\t<\/div>\n\t\t\t\t\t<\/div>\n\t\t<\/section>\n\t\t\t\t<section class=\"elementor-section elementor-top-section elementor-element elementor-element-152574a elementor-section-boxed elementor-section-height-default elementor-section-height-default\" data-id=\"152574a\" data-element_type=\"section\">\n\t\t\t\t\t\t<div class=\"elementor-container elementor-column-gap-default\">\n\t\t\t\t\t<div class=\"elementor-column elementor-col-100 elementor-top-column elementor-element elementor-element-d3d7ec9\" data-id=\"d3d7ec9\" data-element_type=\"column\">\n\t\t\t<div class=\"elementor-widget-wrap elementor-element-populated\">\n\t\t\t\t\t\t<div class=\"elementor-element elementor-element-bb744f6 elementor-widget elementor-widget-image\" data-id=\"bb744f6\" data-element_type=\"widget\" data-widget_type=\"image.default\">\n\t\t\t\t<div class=\"elementor-widget-container\">\n\t\t\t\t\t\t\t\t\t\t\t\t\t\t\t<img fetchpriority=\"high\" decoding=\"async\" width=\"696\" height=\"451\" src=\"https:\/\/pc.sc.gov.br\/\/wp-content\/uploads\/2023\/12\/WhatsApp-Image-2023-12-04-at-15.12.18-1024x664.jpeg\" class=\"attachment-large size-large wp-image-15741\" alt=\"\" srcset=\"https:\/\/pc.sc.gov.br\/\/wp-content\/uploads\/2023\/12\/WhatsApp-Image-2023-12-04-at-15.12.18-1024x664.jpeg 1024w, https:\/\/pc.sc.gov.br\/\/wp-content\/uploads\/2023\/12\/WhatsApp-Image-2023-12-04-at-15.12.18-300x195.jpeg 300w, https:\/\/pc.sc.gov.br\/\/wp-content\/uploads\/2023\/12\/WhatsApp-Image-2023-12-04-at-15.12.18-768x498.jpeg 768w, https:\/\/pc.sc.gov.br\/\/wp-content\/uploads\/2023\/12\/WhatsApp-Image-2023-12-04-at-15.12.18-1536x996.jpeg 1536w, https:\/\/pc.sc.gov.br\/\/wp-content\/uploads\/2023\/12\/WhatsApp-Image-2023-12-04-at-15.12.18.jpeg 1600w\" sizes=\"(max-width: 696px) 100vw, 696px\" \/>\t\t\t\t\t\t\t\t\t\t\t\t\t\t\t<\/div>\n\t\t\t\t<\/div>\n\t\t\t\t\t<\/div>\n\t\t<\/div>\n\t\t\t\t\t<\/div>\n\t\t<\/section>\n\t\t\t\t<section class=\"elementor-section elementor-top-section elementor-element elementor-element-abc6432 elementor-section-boxed elementor-section-height-default elementor-section-height-default\" data-id=\"abc6432\" data-element_type=\"section\">\n\t\t\t\t\t\t<div class=\"elementor-container elementor-column-gap-default\">\n\t\t\t\t\t<div class=\"elementor-column elementor-col-100 elementor-top-column elementor-element elementor-element-88899c1\" data-id=\"88899c1\" data-element_type=\"column\">\n\t\t\t<div class=\"elementor-widget-wrap elementor-element-populated\">\n\t\t\t\t\t\t<div class=\"elementor-element elementor-element-b9ec121 elementor-widget elementor-widget-text-editor\" data-id=\"b9ec121\" data-element_type=\"widget\" data-widget_type=\"text-editor.default\">\n\t\t\t\t<div class=\"elementor-widget-container\">\n\t\t\t\t\t\t\t\t\t<p>Na sexta-feira (1), a Pol\u00edcia Civil de Santa Catarina, por meio da Divis\u00e3o de Investiga\u00e7\u00e3o Criminal (DIC) de Itaja\u00ed, deflagrou opera\u00e7\u00e3o para cumprimento de 12 mandados de busca e apreens\u00e3o domiciliar.<br \/>Trata-se de investiga\u00e7\u00e3o sobre grupo criminoso respons\u00e1vel pelo tr\u00e1fico de coca\u00edna em Itaja\u00ed e regi\u00e3o. Foram cumpridos mandados no estado do Paran\u00e1, Rio Grande do Sul e Santa Catarina, nos munic\u00edpios de Cambori\u00fa, Balne\u00e1rio Cambori\u00fa, Barra Velha e S\u00e3o Jos\u00e9.<br \/>Um homem foi autuado em flagrante pelo crime de tr\u00e1fico drogas em Cambori\u00fa na posse de aproximadamente 100 compridos de ecstasy. <br \/>Em um ponto de venda de entorpecentes em Barra Velha foram apreendidas duas armas de fogo &#8211; um rev\u00f3lver e uma pistola &#8211; com muni\u00e7\u00f5es, aproximadamente 400g de coca\u00edna, r\u00e1dios comunicadores, dinheiro e uma pequena por\u00e7\u00e3o de maconha. <br \/>Nos demais locais foram apreendidos um ve\u00edculo e aparelhos eletr\u00f4nicos para a continuidade das investiga\u00e7\u00f5es.<br \/>O preso foi encaminhado ao sistema penitenci\u00e1rio, onde permanece \u00e0 disposi\u00e7\u00e3o da Justi\u00e7a.<\/p>\t\t\t\t\t\t\t\t<\/div>\n\t\t\t\t<\/div>\n\t\t\t\t\t<\/div>\n\t\t<\/div>\n\t\t\t\t\t<\/div>\n\t\t<\/section>\n\t\t\t\t<section class=\"elementor-section elementor-top-section elementor-element elementor-element-c4ac46f elementor-section-boxed elementor-section-height-default elementor-section-height-default\" data-id=\"c4ac46f\" data-element_type=\"section\">\n\t\t\t\t\t\t<div class=\"elementor-container elementor-column-gap-default\">\n\t\t\t\t\t<div class=\"elementor-column elementor-col-100 elementor-top-column elementor-element elementor-element-fcb3d27\" data-id=\"fcb3d27\" data-element_type=\"column\">\n\t\t\t<div class=\"elementor-widget-wrap elementor-element-populated\">\n\t\t\t\t\t\t\t<\/div>\n\t\t<\/div>\n\t\t\t\t\t<\/div>\n\t\t<\/section>\n\t\t\t\t<\/div>\n\t\t","protected":false},"excerpt":{"rendered":"<p>Pol\u00edcia Civil deflagra opera\u00e7\u00e3o contra tr\u00e1fico de drogas e entorpecentes e armas de fogo s\u00e3o apreendidos Na sexta-feira (1), a Pol\u00edcia Civil de Santa Catarina, por meio da Divis\u00e3o de Investiga\u00e7\u00e3o Criminal (DIC) de Itaja\u00ed, deflagrou opera\u00e7\u00e3o para cumprimento de 12 mandados de busca e apreens\u00e3o domiciliar.Trata-se de investiga\u00e7\u00e3o sobre grupo criminoso respons\u00e1vel pelo tr\u00e1fico [&hellip;]<\/p>\n","protected":false},"author":5,"featured_media":15741,"comment_status":"closed","ping_status":"open","sticky":false,"template":"","format":"standard","meta":{"_monsterinsights_skip_tracking":false,"_monsterinsights_sitenote_active":false,"_monsterinsights_sitenote_note":"","_monsterinsights_sitenote_category":0,"footnotes":""},"categories":[1],"tags":[],"class_list":["post-15740","post","type-post","status-publish","format-standard","has-post-thumbnail","hentry","category-sem-categoria"],"_links":{"self":[{"href":"https:\/\/pc.sc.gov.br\/index.php?rest_route=\/wp\/v2\/posts\/15740","targetHints":{"allow":["GET"]}}],"collection":[{"href":"https:\/\/pc.sc.gov.br\/index.php?rest_route=\/wp\/v2\/posts"}],"about":[{"href":"https:\/\/pc.sc.gov.br\/index.php?rest_route=\/wp\/v2\/types\/post"}],"author":[{"embeddable":true,"href":"https:\/\/pc.sc.gov.br\/index.php?rest_route=\/wp\/v2\/users\/5"}],"replies":[{"embeddable":true,"href":"https:\/\/pc.sc.gov.br\/index.php?rest_route=%2Fwp%2Fv2%2Fcomments&post=15740"}],"version-history":[{"count":4,"href":"https:\/\/pc.sc.gov.br\/index.php?rest_route=\/wp\/v2\/posts\/15740\/revisions"}],"predecessor-version":[{"id":15745,"href":"https:\/\/pc.sc.gov.br\/index.php?rest_route=\/wp\/v2\/posts\/15740\/revisions\/15745"}],"wp:featuredmedia":[{"embeddable":true,"href":"https:\/\/pc.sc.gov.br\/index.php?rest_route=\/wp\/v2\/media\/15741"}],"wp:attachment":[{"href":"https:\/\/pc.sc.gov.br\/index.php?rest_route=%2Fwp%2Fv2%2Fmedia&parent=15740"}],"wp:term":[{"taxonomy":"category","embeddable":true,"href":"https:\/\/pc.sc.gov.br\/index.php?rest_route=%2Fwp%2Fv2%2Fcategories&post=15740"},{"taxonomy":"post_tag","embeddable":true,"href":"https:\/\/pc.sc.gov.br\/index.php?rest_route=%2Fwp%2Fv2%2Ftags&post=15740"}],"curies":[{"name":"wp","href":"https:\/\/api.w.org\/{rel}","templated":true}]}}