{"id":15771,"date":"2023-12-05T18:29:02","date_gmt":"2023-12-05T21:29:02","guid":{"rendered":"https:\/\/pc.sc.gov.br\/?p=15771"},"modified":"2023-12-05T19:34:52","modified_gmt":"2023-12-05T22:34:52","slug":"dpcami-de-cacador-cumpre-mandado-de-prisao-contra-homem-acusado-de-estupro","status":"publish","type":"post","link":"https:\/\/pc.sc.gov.br\/?p=15771","title":{"rendered":"DPCAMI de Ca\u00e7ador cumpre mandados de pris\u00e3o contra dois homem acusado de estupro de vulner\u00e1vel"},"content":{"rendered":"\t\t<div data-elementor-type=\"wp-post\" data-elementor-id=\"15771\" class=\"elementor elementor-15771\" data-elementor-post-type=\"post\">\n\t\t\t\t\t\t<section class=\"elementor-section elementor-top-section elementor-element elementor-element-2fa7e67 elementor-section-boxed elementor-section-height-default elementor-section-height-default\" data-id=\"2fa7e67\" data-element_type=\"section\">\n\t\t\t\t\t\t<div class=\"elementor-container elementor-column-gap-default\">\n\t\t\t\t\t<div class=\"elementor-column elementor-col-100 elementor-top-column elementor-element elementor-element-ee5d5a7\" data-id=\"ee5d5a7\" data-element_type=\"column\">\n\t\t\t<div class=\"elementor-widget-wrap elementor-element-populated\">\n\t\t\t\t\t\t<div class=\"elementor-element elementor-element-f6aeada elementor-widget elementor-widget-heading\" data-id=\"f6aeada\" data-element_type=\"widget\" data-widget_type=\"heading.default\">\n\t\t\t\t<div class=\"elementor-widget-container\">\n\t\t\t\t\t<h2 class=\"elementor-heading-title elementor-size-default\">DPCAMI de Ca\u00e7ador cumpre mandadoS de pris\u00e3o contra DOIS homem acusado de estupro de vulner\u00e1vel<\/h2>\t\t\t\t<\/div>\n\t\t\t\t<\/div>\n\t\t\t\t\t<\/div>\n\t\t<\/div>\n\t\t\t\t\t<\/div>\n\t\t<\/section>\n\t\t\t\t<section class=\"elementor-section elementor-top-section elementor-element elementor-element-663a479 elementor-section-boxed elementor-section-height-default elementor-section-height-default\" data-id=\"663a479\" data-element_type=\"section\">\n\t\t\t\t\t\t<div class=\"elementor-container elementor-column-gap-default\">\n\t\t\t\t\t<div class=\"elementor-column elementor-col-100 elementor-top-column elementor-element elementor-element-8215ef7\" data-id=\"8215ef7\" data-element_type=\"column\">\n\t\t\t<div class=\"elementor-widget-wrap elementor-element-populated\">\n\t\t\t\t\t\t<div class=\"elementor-element elementor-element-5d333c5 elementor-widget elementor-widget-image\" data-id=\"5d333c5\" data-element_type=\"widget\" data-widget_type=\"image.default\">\n\t\t\t\t<div class=\"elementor-widget-container\">\n\t\t\t\t\t\t\t\t\t\t\t\t\t\t\t<img fetchpriority=\"high\" decoding=\"async\" width=\"696\" height=\"926\" src=\"https:\/\/pc.sc.gov.br\/\/wp-content\/uploads\/2023\/12\/WhatsApp-Image-2023-12-05-at-18.17.03.jpeg\" class=\"attachment-large size-large wp-image-15772\" alt=\"\" srcset=\"https:\/\/pc.sc.gov.br\/\/wp-content\/uploads\/2023\/12\/WhatsApp-Image-2023-12-05-at-18.17.03.jpeg 770w, https:\/\/pc.sc.gov.br\/\/wp-content\/uploads\/2023\/12\/WhatsApp-Image-2023-12-05-at-18.17.03-226x300.jpeg 226w, https:\/\/pc.sc.gov.br\/\/wp-content\/uploads\/2023\/12\/WhatsApp-Image-2023-12-05-at-18.17.03-768x1021.jpeg 768w\" sizes=\"(max-width: 696px) 100vw, 696px\" \/>\t\t\t\t\t\t\t\t\t\t\t\t\t\t\t<\/div>\n\t\t\t\t<\/div>\n\t\t\t\t\t<\/div>\n\t\t<\/div>\n\t\t\t\t\t<\/div>\n\t\t<\/section>\n\t\t\t\t<section class=\"elementor-section elementor-top-section elementor-element elementor-element-fab1058 elementor-section-boxed elementor-section-height-default elementor-section-height-default\" data-id=\"fab1058\" data-element_type=\"section\">\n\t\t\t\t\t\t<div class=\"elementor-container elementor-column-gap-default\">\n\t\t\t\t\t<div class=\"elementor-column elementor-col-100 elementor-top-column elementor-element elementor-element-ef69573\" data-id=\"ef69573\" data-element_type=\"column\">\n\t\t\t<div class=\"elementor-widget-wrap elementor-element-populated\">\n\t\t\t\t\t\t<div class=\"elementor-element elementor-element-865eed1 elementor-widget elementor-widget-text-editor\" data-id=\"865eed1\" data-element_type=\"widget\" data-widget_type=\"text-editor.default\">\n\t\t\t\t<div class=\"elementor-widget-container\">\n\t\t\t\t\t\t\t\t\t<p>A Pol\u00edcia Civil de Santa Catarina, por meio da Delegacia de prote\u00e7\u00e3o \u00e0 Crian\u00e7a, Adolescente, Mulher e Idoso (DPCAMI) de Ca\u00e7ador, cumpriu nesta segunda (4) e ter\u00e7a-feira (5) dois mandados de pris\u00e3o contra dois homens. Na segunda-feira (4) foi preso um homem investigado por estuprar a filha e na ter\u00e7a-feira (5) outro homem suspeito de estuprar a enteada.<\/p><p>Cientes da exist\u00eancia do referido mandado, os policiais civis diligenciaram em buscas de informa\u00e7\u00f5es a respeito do paradeiro do autor, logrando \u00eaxito na pris\u00e3o do acusado. Realizados os procedimentos legais os dois investigado foram encaminhados ao Pres\u00eddio Regional de Ca\u00e7ador.<\/p>\t\t\t\t\t\t\t\t<\/div>\n\t\t\t\t<\/div>\n\t\t\t\t\t<\/div>\n\t\t<\/div>\n\t\t\t\t\t<\/div>\n\t\t<\/section>\n\t\t\t\t<\/div>\n\t\t","protected":false},"excerpt":{"rendered":"<p>DPCAMI de Ca\u00e7ador cumpre mandadoS de pris\u00e3o contra DOIS homem acusado de estupro de vulner\u00e1vel A Pol\u00edcia Civil de Santa Catarina, por meio da Delegacia de prote\u00e7\u00e3o \u00e0 Crian\u00e7a, Adolescente, Mulher e Idoso (DPCAMI) de Ca\u00e7ador, cumpriu nesta segunda (4) e ter\u00e7a-feira (5) dois mandados de pris\u00e3o contra dois homens. Na segunda-feira (4) foi preso [&hellip;]<\/p>\n","protected":false},"author":5,"featured_media":15772,"comment_status":"closed","ping_status":"open","sticky":false,"template":"","format":"standard","meta":{"_monsterinsights_skip_tracking":false,"_monsterinsights_sitenote_active":false,"_monsterinsights_sitenote_note":"","_monsterinsights_sitenote_category":0,"footnotes":""},"categories":[1],"tags":[],"class_list":["post-15771","post","type-post","status-publish","format-standard","has-post-thumbnail","hentry","category-sem-categoria"],"_links":{"self":[{"href":"https:\/\/pc.sc.gov.br\/index.php?rest_route=\/wp\/v2\/posts\/15771","targetHints":{"allow":["GET"]}}],"collection":[{"href":"https:\/\/pc.sc.gov.br\/index.php?rest_route=\/wp\/v2\/posts"}],"about":[{"href":"https:\/\/pc.sc.gov.br\/index.php?rest_route=\/wp\/v2\/types\/post"}],"author":[{"embeddable":true,"href":"https:\/\/pc.sc.gov.br\/index.php?rest_route=\/wp\/v2\/users\/5"}],"replies":[{"embeddable":true,"href":"https:\/\/pc.sc.gov.br\/index.php?rest_route=%2Fwp%2Fv2%2Fcomments&post=15771"}],"version-history":[{"count":7,"href":"https:\/\/pc.sc.gov.br\/index.php?rest_route=\/wp\/v2\/posts\/15771\/revisions"}],"predecessor-version":[{"id":15787,"href":"https:\/\/pc.sc.gov.br\/index.php?rest_route=\/wp\/v2\/posts\/15771\/revisions\/15787"}],"wp:featuredmedia":[{"embeddable":true,"href":"https:\/\/pc.sc.gov.br\/index.php?rest_route=\/wp\/v2\/media\/15772"}],"wp:attachment":[{"href":"https:\/\/pc.sc.gov.br\/index.php?rest_route=%2Fwp%2Fv2%2Fmedia&parent=15771"}],"wp:term":[{"taxonomy":"category","embeddable":true,"href":"https:\/\/pc.sc.gov.br\/index.php?rest_route=%2Fwp%2Fv2%2Fcategories&post=15771"},{"taxonomy":"post_tag","embeddable":true,"href":"https:\/\/pc.sc.gov.br\/index.php?rest_route=%2Fwp%2Fv2%2Ftags&post=15771"}],"curies":[{"name":"wp","href":"https:\/\/api.w.org\/{rel}","templated":true}]}}