{"id":15788,"date":"2023-12-06T12:37:57","date_gmt":"2023-12-06T15:37:57","guid":{"rendered":"https:\/\/pc.sc.gov.br\/?p=15788"},"modified":"2023-12-06T12:39:12","modified_gmt":"2023-12-06T15:39:12","slug":"acao-conjunta-das-policias-civil-e-militar-desarticula-organizacao-criminosa-responsavel-por-furto-e-adulteracao-de-caminhonetes-de-luxo-em-barra-velha","status":"publish","type":"post","link":"https:\/\/pc.sc.gov.br\/?p=15788","title":{"rendered":"A\u00e7\u00e3o conjunta das Pol\u00edcias Civil e Militar desarticula organiza\u00e7\u00e3o criminosa respons\u00e1vel por furto e adultera\u00e7\u00e3o de caminhonetes de luxo em Barra Velha"},"content":{"rendered":"\t\t<div data-elementor-type=\"wp-post\" data-elementor-id=\"15788\" class=\"elementor elementor-15788\" data-elementor-post-type=\"post\">\n\t\t\t\t\t\t<section class=\"elementor-section elementor-top-section elementor-element elementor-element-13938e0 elementor-section-boxed elementor-section-height-default elementor-section-height-default\" data-id=\"13938e0\" data-element_type=\"section\">\n\t\t\t\t\t\t<div class=\"elementor-container elementor-column-gap-default\">\n\t\t\t\t\t<div class=\"elementor-column elementor-col-100 elementor-top-column elementor-element elementor-element-e81fdb3\" data-id=\"e81fdb3\" data-element_type=\"column\">\n\t\t\t<div class=\"elementor-widget-wrap elementor-element-populated\">\n\t\t\t\t\t\t<div class=\"elementor-element elementor-element-8b7cc7e elementor-widget elementor-widget-heading\" data-id=\"8b7cc7e\" data-element_type=\"widget\" data-widget_type=\"heading.default\">\n\t\t\t\t<div class=\"elementor-widget-container\">\n\t\t\t\t\t<h2 class=\"elementor-heading-title elementor-size-default\">A\u00e7\u00e3o conjunta das Pol\u00edcias Civil e Militar desarticula organiza\u00e7\u00e3o criminosa respons\u00e1vel por furto e adultera\u00e7\u00e3o de caminhonetes de luxo em Barra Velha<\/h2>\t\t\t\t<\/div>\n\t\t\t\t<\/div>\n\t\t\t\t<div class=\"elementor-element elementor-element-f17fa20 elementor-widget elementor-widget-image\" data-id=\"f17fa20\" data-element_type=\"widget\" data-widget_type=\"image.default\">\n\t\t\t\t<div class=\"elementor-widget-container\">\n\t\t\t\t\t\t\t\t\t\t\t\t\t\t\t<img fetchpriority=\"high\" decoding=\"async\" width=\"696\" height=\"522\" src=\"https:\/\/pc.sc.gov.br\/\/wp-content\/uploads\/2023\/12\/WhatsApp-Image-2023-12-06-at-08.01.49-1024x768.jpeg\" class=\"attachment-large size-large wp-image-15789\" alt=\"\" srcset=\"https:\/\/pc.sc.gov.br\/\/wp-content\/uploads\/2023\/12\/WhatsApp-Image-2023-12-06-at-08.01.49-1024x768.jpeg 1024w, https:\/\/pc.sc.gov.br\/\/wp-content\/uploads\/2023\/12\/WhatsApp-Image-2023-12-06-at-08.01.49-300x225.jpeg 300w, https:\/\/pc.sc.gov.br\/\/wp-content\/uploads\/2023\/12\/WhatsApp-Image-2023-12-06-at-08.01.49-768x576.jpeg 768w, https:\/\/pc.sc.gov.br\/\/wp-content\/uploads\/2023\/12\/WhatsApp-Image-2023-12-06-at-08.01.49.jpeg 1280w\" sizes=\"(max-width: 696px) 100vw, 696px\" \/>\t\t\t\t\t\t\t\t\t\t\t\t\t\t\t<\/div>\n\t\t\t\t<\/div>\n\t\t\t\t\t<\/div>\n\t\t<\/div>\n\t\t\t\t\t<\/div>\n\t\t<\/section>\n\t\t\t\t<section class=\"elementor-section elementor-top-section elementor-element elementor-element-6be77d5 elementor-section-boxed elementor-section-height-default elementor-section-height-default\" data-id=\"6be77d5\" data-element_type=\"section\">\n\t\t\t\t\t\t<div class=\"elementor-container elementor-column-gap-default\">\n\t\t\t\t\t<div class=\"elementor-column elementor-col-100 elementor-top-column elementor-element elementor-element-f37ae7a\" data-id=\"f37ae7a\" data-element_type=\"column\">\n\t\t\t<div class=\"elementor-widget-wrap elementor-element-populated\">\n\t\t\t\t\t\t<div class=\"elementor-element elementor-element-a3d2496 elementor-widget elementor-widget-text-editor\" data-id=\"a3d2496\" data-element_type=\"widget\" data-widget_type=\"text-editor.default\">\n\t\t\t\t<div class=\"elementor-widget-container\">\n\t\t\t\t\t\t\t\t\t<p>Nesta quarta-feira (06), a Pol\u00edcia Civil de Santa Catarina, por meio da Delegacia de Furtos e Roubos de Ve\u00edculos da Diretoria Estadual de Investiga\u00e7\u00f5es Criminais, e a Pol\u00edcia Militar de Santa Catarina, por meio da Ag\u00eancia de Intelig\u00eancia de Barra Velha, deflagraram a opera\u00e7\u00e3o \u201cLatronis\u201d, com o objetivo de desarticular uma organiza\u00e7\u00e3o criminosa respons\u00e1vel por furto, adultera\u00e7\u00e3o e encaminhamento de caminhonetes de luxo para desmanches, outros estados e pa\u00edses vizinhos. <br \/>A a\u00e7\u00e3o ocorreu em Barra Velha e contou com a participa\u00e7\u00e3o das delegacias de Pol\u00edcia das comarcas de Barra Velha e de Balne\u00e1rio Cambori\u00fa e da Pol\u00edcia Cient\u00edfica de Balne\u00e1rio Cambori\u00fa. <br \/>No curso da investiga\u00e7\u00e3o, foi poss\u00edvel apurar que o grupo criminoso foi respons\u00e1vel pela subtra\u00e7\u00e3o de aproximadamente 10 caminhonetes durante os anos de 2022 a 2023, algumas j\u00e1 adulteradas, em Barra Velha e em outras cidades de Santa Catarina.<br \/>Na a\u00e7\u00e3o foram cumpridos cinco mandados de busca e apreens\u00e3o em Barra Velha e um mandado de pris\u00e3o preventiva. A pris\u00e3o foi cumprida na ter\u00e7a-feira (5), em raz\u00e3o da localiza\u00e7\u00e3o de um integrante da organiza\u00e7\u00e3o naquele momento.<br \/>Durante as dilig\u00eancias foram apreendidos objetos e equipamentos, que ser\u00e3o analisados pela equipe da DFRV\/DEIC e pela Pol\u00edcia Cient\u00edfica. Na resid\u00eancia de um dos investigados, foram apreendidas muni\u00e7\u00f5es e ele foi autuado em flagrante pelo crime de posse de muni\u00e7\u00e3o de uso restrito. <br \/>A a\u00e7\u00e3o contou tamb\u00e9m com o apoio da PMSC de Balne\u00e1rio Cambori\u00fa, da Guarda Municipal de Balne\u00e1rio Cambori\u00fa, da Pol\u00edcia Rodovi\u00e1ria Federal, da 2\u00aa Vara da Comarca de Barra Velha, da 2\u00aa Vara Criminal da Comarca de Balne\u00e1rio Cambori\u00fa, bem como da 2\u00aa Promotoria de Justi\u00e7a da Comarca de Barra Velha e da 2\u00aa Promotoria de Justi\u00e7a da Comarca de Balne\u00e1rio Cambori\u00fa. <\/p>\t\t\t\t\t\t\t\t<\/div>\n\t\t\t\t<\/div>\n\t\t\t\t\t<\/div>\n\t\t<\/div>\n\t\t\t\t\t<\/div>\n\t\t<\/section>\n\t\t\t\t<section class=\"elementor-section elementor-top-section elementor-element elementor-element-6aa1ab8 elementor-section-boxed elementor-section-height-default elementor-section-height-default\" data-id=\"6aa1ab8\" data-element_type=\"section\">\n\t\t\t\t\t\t<div class=\"elementor-container elementor-column-gap-default\">\n\t\t\t\t\t<div class=\"elementor-column elementor-col-100 elementor-top-column elementor-element elementor-element-af9c299\" data-id=\"af9c299\" data-element_type=\"column\">\n\t\t\t<div class=\"elementor-widget-wrap elementor-element-populated\">\n\t\t\t\t\t\t<div class=\"elementor-element elementor-element-1469ec5 elementor-widget elementor-widget-image\" data-id=\"1469ec5\" data-element_type=\"widget\" data-widget_type=\"image.default\">\n\t\t\t\t<div class=\"elementor-widget-container\">\n\t\t\t\t\t\t\t\t\t\t\t\t\t\t\t<img decoding=\"async\" width=\"576\" height=\"1024\" src=\"https:\/\/pc.sc.gov.br\/\/wp-content\/uploads\/2023\/12\/WhatsApp-Image-2023-12-06-at-08.01.48-576x1024.jpeg\" class=\"attachment-large size-large wp-image-15790\" alt=\"\" srcset=\"https:\/\/pc.sc.gov.br\/\/wp-content\/uploads\/2023\/12\/WhatsApp-Image-2023-12-06-at-08.01.48-576x1024.jpeg 576w, https:\/\/pc.sc.gov.br\/\/wp-content\/uploads\/2023\/12\/WhatsApp-Image-2023-12-06-at-08.01.48-169x300.jpeg 169w, https:\/\/pc.sc.gov.br\/\/wp-content\/uploads\/2023\/12\/WhatsApp-Image-2023-12-06-at-08.01.48.jpeg 720w\" sizes=\"(max-width: 576px) 100vw, 576px\" \/>\t\t\t\t\t\t\t\t\t\t\t\t\t\t\t<\/div>\n\t\t\t\t<\/div>\n\t\t\t\t\t<\/div>\n\t\t<\/div>\n\t\t\t\t\t<\/div>\n\t\t<\/section>\n\t\t\t\t<\/div>\n\t\t","protected":false},"excerpt":{"rendered":"<p>A\u00e7\u00e3o conjunta das Pol\u00edcias Civil e Militar desarticula organiza\u00e7\u00e3o criminosa respons\u00e1vel por furto e adultera\u00e7\u00e3o de caminhonetes de luxo em Barra Velha Nesta quarta-feira (06), a Pol\u00edcia Civil de Santa Catarina, por meio da Delegacia de Furtos e Roubos de Ve\u00edculos da Diretoria Estadual de Investiga\u00e7\u00f5es Criminais, e a Pol\u00edcia Militar de Santa Catarina, por [&hellip;]<\/p>\n","protected":false},"author":5,"featured_media":15789,"comment_status":"closed","ping_status":"open","sticky":false,"template":"","format":"standard","meta":{"_monsterinsights_skip_tracking":false,"_monsterinsights_sitenote_active":false,"_monsterinsights_sitenote_note":"","_monsterinsights_sitenote_category":0,"footnotes":""},"categories":[1],"tags":[],"class_list":["post-15788","post","type-post","status-publish","format-standard","has-post-thumbnail","hentry","category-sem-categoria"],"_links":{"self":[{"href":"https:\/\/pc.sc.gov.br\/index.php?rest_route=\/wp\/v2\/posts\/15788","targetHints":{"allow":["GET"]}}],"collection":[{"href":"https:\/\/pc.sc.gov.br\/index.php?rest_route=\/wp\/v2\/posts"}],"about":[{"href":"https:\/\/pc.sc.gov.br\/index.php?rest_route=\/wp\/v2\/types\/post"}],"author":[{"embeddable":true,"href":"https:\/\/pc.sc.gov.br\/index.php?rest_route=\/wp\/v2\/users\/5"}],"replies":[{"embeddable":true,"href":"https:\/\/pc.sc.gov.br\/index.php?rest_route=%2Fwp%2Fv2%2Fcomments&post=15788"}],"version-history":[{"count":4,"href":"https:\/\/pc.sc.gov.br\/index.php?rest_route=\/wp\/v2\/posts\/15788\/revisions"}],"predecessor-version":[{"id":15794,"href":"https:\/\/pc.sc.gov.br\/index.php?rest_route=\/wp\/v2\/posts\/15788\/revisions\/15794"}],"wp:featuredmedia":[{"embeddable":true,"href":"https:\/\/pc.sc.gov.br\/index.php?rest_route=\/wp\/v2\/media\/15789"}],"wp:attachment":[{"href":"https:\/\/pc.sc.gov.br\/index.php?rest_route=%2Fwp%2Fv2%2Fmedia&parent=15788"}],"wp:term":[{"taxonomy":"category","embeddable":true,"href":"https:\/\/pc.sc.gov.br\/index.php?rest_route=%2Fwp%2Fv2%2Fcategories&post=15788"},{"taxonomy":"post_tag","embeddable":true,"href":"https:\/\/pc.sc.gov.br\/index.php?rest_route=%2Fwp%2Fv2%2Ftags&post=15788"}],"curies":[{"name":"wp","href":"https:\/\/api.w.org\/{rel}","templated":true}]}}