{"id":15795,"date":"2023-12-06T14:42:52","date_gmt":"2023-12-06T17:42:52","guid":{"rendered":"https:\/\/pc.sc.gov.br\/?p=15795"},"modified":"2023-12-06T14:46:40","modified_gmt":"2023-12-06T17:46:40","slug":"em-timbe-do-sul-policia-civil-prende-homem-por-11-furtos-qualificados-cometidos-na-regiao-central-do-municipio","status":"publish","type":"post","link":"https:\/\/pc.sc.gov.br\/?p=15795","title":{"rendered":"Em Timb\u00e9 do Sul, Pol\u00edcia Civil prende homem por 11 furtos qualificados cometidos na regi\u00e3o central do munic\u00edpio"},"content":{"rendered":"\t\t<div data-elementor-type=\"wp-post\" data-elementor-id=\"15795\" class=\"elementor elementor-15795\" data-elementor-post-type=\"post\">\n\t\t\t\t\t\t<section class=\"elementor-section elementor-top-section elementor-element elementor-element-235e133 elementor-section-boxed elementor-section-height-default elementor-section-height-default\" data-id=\"235e133\" data-element_type=\"section\">\n\t\t\t\t\t\t<div class=\"elementor-container elementor-column-gap-default\">\n\t\t\t\t\t<div class=\"elementor-column elementor-col-100 elementor-top-column elementor-element elementor-element-0ef5754\" data-id=\"0ef5754\" data-element_type=\"column\">\n\t\t\t<div class=\"elementor-widget-wrap elementor-element-populated\">\n\t\t\t\t\t\t<div class=\"elementor-element elementor-element-66b5218 elementor-widget elementor-widget-heading\" data-id=\"66b5218\" data-element_type=\"widget\" data-widget_type=\"heading.default\">\n\t\t\t\t<div class=\"elementor-widget-container\">\n\t\t\t\t\t<h2 class=\"elementor-heading-title elementor-size-default\">Em Timb\u00e9 do Sul, Pol\u00edcia Civil prende homem por 11 furtos qualificados cometidos na regi\u00e3o central do munic\u00edpio<\/h2>\t\t\t\t<\/div>\n\t\t\t\t<\/div>\n\t\t\t\t\t<\/div>\n\t\t<\/div>\n\t\t\t\t\t<\/div>\n\t\t<\/section>\n\t\t\t\t<section class=\"elementor-section elementor-top-section elementor-element elementor-element-d5cc06e elementor-section-boxed elementor-section-height-default elementor-section-height-default\" data-id=\"d5cc06e\" data-element_type=\"section\">\n\t\t\t\t\t\t<div class=\"elementor-container elementor-column-gap-default\">\n\t\t\t\t\t<div class=\"elementor-column elementor-col-100 elementor-top-column elementor-element elementor-element-f25165c\" data-id=\"f25165c\" data-element_type=\"column\">\n\t\t\t<div class=\"elementor-widget-wrap elementor-element-populated\">\n\t\t\t\t\t\t<div class=\"elementor-element elementor-element-1ca232f elementor-widget elementor-widget-image\" data-id=\"1ca232f\" data-element_type=\"widget\" data-widget_type=\"image.default\">\n\t\t\t\t<div class=\"elementor-widget-container\">\n\t\t\t\t\t\t\t\t\t\t\t\t\t\t\t<img fetchpriority=\"high\" decoding=\"async\" width=\"696\" height=\"583\" src=\"https:\/\/pc.sc.gov.br\/\/wp-content\/uploads\/2023\/12\/52798047036_d7bc95aaed_k-fotor-20231101135311-1.jpg\" class=\"attachment-large size-large wp-image-15796\" alt=\"\" srcset=\"https:\/\/pc.sc.gov.br\/\/wp-content\/uploads\/2023\/12\/52798047036_d7bc95aaed_k-fotor-20231101135311-1.jpg 961w, https:\/\/pc.sc.gov.br\/\/wp-content\/uploads\/2023\/12\/52798047036_d7bc95aaed_k-fotor-20231101135311-1-300x251.jpg 300w, https:\/\/pc.sc.gov.br\/\/wp-content\/uploads\/2023\/12\/52798047036_d7bc95aaed_k-fotor-20231101135311-1-768x643.jpg 768w\" sizes=\"(max-width: 696px) 100vw, 696px\" \/>\t\t\t\t\t\t\t\t\t\t\t\t\t\t\t<\/div>\n\t\t\t\t<\/div>\n\t\t\t\t\t<\/div>\n\t\t<\/div>\n\t\t\t\t\t<\/div>\n\t\t<\/section>\n\t\t\t\t<section class=\"elementor-section elementor-top-section elementor-element elementor-element-caadad6 elementor-section-boxed elementor-section-height-default elementor-section-height-default\" data-id=\"caadad6\" data-element_type=\"section\">\n\t\t\t\t\t\t<div class=\"elementor-container elementor-column-gap-default\">\n\t\t\t\t\t<div class=\"elementor-column elementor-col-100 elementor-top-column elementor-element elementor-element-3c22e5b\" data-id=\"3c22e5b\" data-element_type=\"column\">\n\t\t\t<div class=\"elementor-widget-wrap elementor-element-populated\">\n\t\t\t\t\t\t<div class=\"elementor-element elementor-element-980b832 elementor-widget elementor-widget-text-editor\" data-id=\"980b832\" data-element_type=\"widget\" data-widget_type=\"text-editor.default\">\n\t\t\t\t<div class=\"elementor-widget-container\">\n\t\t\t\t\t\t\t\t\t<p>A Pol\u00edcia Civil de Santa Catarina, por meio da Delegacia de Pol\u00edcia de Timb\u00e9 do Sul, ap\u00f3s ter prendido h\u00e1 poucas semanas um homem j\u00e1 indiciado por tr\u00e1fico de drogas e associa\u00e7\u00e3o para o tr\u00e1fico de drogas, prendeu tamb\u00e9m, na tarde desta ter\u00e7a-feira (5), o suspeito de tirar a tranquilidade de moradores e comerciantes da regi\u00e3o central da cidade, pelo cometimento de furtos durante as madrugadas.<\/p>\n<p>A pris\u00e3o preventiva foi agilmente deferida ap\u00f3s representa\u00e7\u00e3o da Autoridade Policial, manifesta\u00e7\u00e3o do Minist\u00e9rio P\u00fablico e decis\u00e3o do juiz da comarca. O homem \u00e9 investigado por 11 furtos qualificados cometidos recentemente.<\/p>\n<p>Ap\u00f3s o cumprimento do mandado de busca e apreens\u00e3o e do mandado de pris\u00e3o juntamente com a equipe de investiga\u00e7\u00f5es da Comarca de Turvo, o homem foi levado \u00e0 Delegacia de Pol\u00edcia de Timb\u00e9 do Sul para os procedimentos de praxe e est\u00e1 \u00e0 disposi\u00e7\u00e3o da justi\u00e7a no sistema prisional.<\/p>\n<p>Nos \u00faltimos 30 dias, a Policia Civil de Timb\u00e9 dos Sul realizou duas importantes pris\u00f5es a fim de reestabelecer a tranquilidade do munic\u00edpio, tanto no que se refere \u00e0 circula\u00e7\u00e3o de usu\u00e1rios de drogas como nos furtos, que tamb\u00e9m acontecem em raz\u00e3o do tr\u00e1fico de drogas.<\/p>\n<p>A Pol\u00edcia Civil parabenizou os cidad\u00e3os e comerciantes que registraram as ocorr\u00eancias, e convida a todos que n\u00e3o registraram para que exer\u00e7am seu papel na seguran\u00e7a dos seus vizinhos e familiares e registrem tamb\u00e9m.<span style=\"color: var( --e-global-color-text ); font-family: var( --e-global-typography-primary-font-family ), Sans-serif; font-size: var( --e-global-typography-primary-font-size ); font-weight: var( --e-global-typography-primary-font-weight ); letter-spacing: var( --e-global-typography-primary-letter-spacing );\">&nbsp;<\/span><\/p>\t\t\t\t\t\t\t\t<\/div>\n\t\t\t\t<\/div>\n\t\t\t\t\t<\/div>\n\t\t<\/div>\n\t\t\t\t\t<\/div>\n\t\t<\/section>\n\t\t\t\t<\/div>\n\t\t","protected":false},"excerpt":{"rendered":"<p>Em Timb\u00e9 do Sul, Pol\u00edcia Civil prende homem por 11 furtos qualificados cometidos na regi\u00e3o central do munic\u00edpio A Pol\u00edcia Civil de Santa Catarina, por meio da Delegacia de Pol\u00edcia de Timb\u00e9 do Sul, ap\u00f3s ter prendido h\u00e1 poucas semanas um homem j\u00e1 indiciado por tr\u00e1fico de drogas e associa\u00e7\u00e3o para o tr\u00e1fico de drogas, [&hellip;]<\/p>\n","protected":false},"author":5,"featured_media":15796,"comment_status":"closed","ping_status":"open","sticky":false,"template":"","format":"standard","meta":{"_monsterinsights_skip_tracking":false,"_monsterinsights_sitenote_active":false,"_monsterinsights_sitenote_note":"","_monsterinsights_sitenote_category":0,"footnotes":""},"categories":[1],"tags":[],"class_list":["post-15795","post","type-post","status-publish","format-standard","has-post-thumbnail","hentry","category-sem-categoria"],"_links":{"self":[{"href":"https:\/\/pc.sc.gov.br\/index.php?rest_route=\/wp\/v2\/posts\/15795","targetHints":{"allow":["GET"]}}],"collection":[{"href":"https:\/\/pc.sc.gov.br\/index.php?rest_route=\/wp\/v2\/posts"}],"about":[{"href":"https:\/\/pc.sc.gov.br\/index.php?rest_route=\/wp\/v2\/types\/post"}],"author":[{"embeddable":true,"href":"https:\/\/pc.sc.gov.br\/index.php?rest_route=\/wp\/v2\/users\/5"}],"replies":[{"embeddable":true,"href":"https:\/\/pc.sc.gov.br\/index.php?rest_route=%2Fwp%2Fv2%2Fcomments&post=15795"}],"version-history":[{"count":7,"href":"https:\/\/pc.sc.gov.br\/index.php?rest_route=\/wp\/v2\/posts\/15795\/revisions"}],"predecessor-version":[{"id":15803,"href":"https:\/\/pc.sc.gov.br\/index.php?rest_route=\/wp\/v2\/posts\/15795\/revisions\/15803"}],"wp:featuredmedia":[{"embeddable":true,"href":"https:\/\/pc.sc.gov.br\/index.php?rest_route=\/wp\/v2\/media\/15796"}],"wp:attachment":[{"href":"https:\/\/pc.sc.gov.br\/index.php?rest_route=%2Fwp%2Fv2%2Fmedia&parent=15795"}],"wp:term":[{"taxonomy":"category","embeddable":true,"href":"https:\/\/pc.sc.gov.br\/index.php?rest_route=%2Fwp%2Fv2%2Fcategories&post=15795"},{"taxonomy":"post_tag","embeddable":true,"href":"https:\/\/pc.sc.gov.br\/index.php?rest_route=%2Fwp%2Fv2%2Ftags&post=15795"}],"curies":[{"name":"wp","href":"https:\/\/api.w.org\/{rel}","templated":true}]}}