{"id":15804,"date":"2023-12-06T15:18:25","date_gmt":"2023-12-06T18:18:25","guid":{"rendered":"https:\/\/pc.sc.gov.br\/?p=15804"},"modified":"2023-12-06T15:19:48","modified_gmt":"2023-12-06T18:19:48","slug":"dcac-deic-fiscaliza-clinica-de-estetica-por-suspeita-de-crimes-contra-as-relacoes-de-consumo-na-capital","status":"publish","type":"post","link":"https:\/\/pc.sc.gov.br\/?p=15804","title":{"rendered":"DCAC\/DEIC fiscaliza cl\u00ednica de est\u00e9tica, por suspeita de crimes contra as rela\u00e7\u00f5es de consumo, na Capital"},"content":{"rendered":"\t\t<div data-elementor-type=\"wp-post\" data-elementor-id=\"15804\" class=\"elementor elementor-15804\" data-elementor-post-type=\"post\">\n\t\t\t\t\t\t<section class=\"elementor-section elementor-top-section elementor-element elementor-element-2091dda elementor-section-boxed elementor-section-height-default elementor-section-height-default\" data-id=\"2091dda\" data-element_type=\"section\">\n\t\t\t\t\t\t<div class=\"elementor-container elementor-column-gap-default\">\n\t\t\t\t\t<div class=\"elementor-column elementor-col-100 elementor-top-column elementor-element elementor-element-48ac7c2\" data-id=\"48ac7c2\" data-element_type=\"column\">\n\t\t\t<div class=\"elementor-widget-wrap elementor-element-populated\">\n\t\t\t\t\t\t<div class=\"elementor-element elementor-element-a3e722f elementor-widget elementor-widget-heading\" data-id=\"a3e722f\" data-element_type=\"widget\" data-widget_type=\"heading.default\">\n\t\t\t\t<div class=\"elementor-widget-container\">\n\t\t\t\t\t<h2 class=\"elementor-heading-title elementor-size-default\">Na Capital, DCAC\/DEIC fiscaliza cl\u00ednica de est\u00e9tica, por suspeita de crimes contra as rela\u00e7\u00f5es de consumo<\/h2>\t\t\t\t<\/div>\n\t\t\t\t<\/div>\n\t\t\t\t\t<\/div>\n\t\t<\/div>\n\t\t\t\t\t<\/div>\n\t\t<\/section>\n\t\t\t\t<section class=\"elementor-section elementor-top-section elementor-element elementor-element-9ac790a elementor-section-boxed elementor-section-height-default elementor-section-height-default\" data-id=\"9ac790a\" data-element_type=\"section\">\n\t\t\t\t\t\t<div class=\"elementor-container elementor-column-gap-default\">\n\t\t\t\t\t<div class=\"elementor-column elementor-col-100 elementor-top-column elementor-element elementor-element-015be9e\" data-id=\"015be9e\" data-element_type=\"column\">\n\t\t\t<div class=\"elementor-widget-wrap elementor-element-populated\">\n\t\t\t\t\t\t<div class=\"elementor-element elementor-element-1f0127c elementor-widget elementor-widget-image\" data-id=\"1f0127c\" data-element_type=\"widget\" data-widget_type=\"image.default\">\n\t\t\t\t<div class=\"elementor-widget-container\">\n\t\t\t\t\t\t\t\t\t\t\t\t\t\t\t<img fetchpriority=\"high\" decoding=\"async\" width=\"696\" height=\"471\" src=\"https:\/\/pc.sc.gov.br\/\/wp-content\/uploads\/2023\/12\/d9c1c6dc-7579-44bf-8f3e-f85c10de4c24-fotor-20231206151619.jpg\" class=\"attachment-large size-large wp-image-15807\" alt=\"\" srcset=\"https:\/\/pc.sc.gov.br\/\/wp-content\/uploads\/2023\/12\/d9c1c6dc-7579-44bf-8f3e-f85c10de4c24-fotor-20231206151619.jpg 941w, https:\/\/pc.sc.gov.br\/\/wp-content\/uploads\/2023\/12\/d9c1c6dc-7579-44bf-8f3e-f85c10de4c24-fotor-20231206151619-300x203.jpg 300w, https:\/\/pc.sc.gov.br\/\/wp-content\/uploads\/2023\/12\/d9c1c6dc-7579-44bf-8f3e-f85c10de4c24-fotor-20231206151619-768x520.jpg 768w\" sizes=\"(max-width: 696px) 100vw, 696px\" \/>\t\t\t\t\t\t\t\t\t\t\t\t\t\t\t<\/div>\n\t\t\t\t<\/div>\n\t\t\t\t\t<\/div>\n\t\t<\/div>\n\t\t\t\t\t<\/div>\n\t\t<\/section>\n\t\t\t\t<section class=\"elementor-section elementor-top-section elementor-element elementor-element-bc10fe7 elementor-section-boxed elementor-section-height-default elementor-section-height-default\" data-id=\"bc10fe7\" data-element_type=\"section\">\n\t\t\t\t\t\t<div class=\"elementor-container elementor-column-gap-default\">\n\t\t\t\t\t<div class=\"elementor-column elementor-col-100 elementor-top-column elementor-element elementor-element-adabf31\" data-id=\"adabf31\" data-element_type=\"column\">\n\t\t\t<div class=\"elementor-widget-wrap elementor-element-populated\">\n\t\t\t\t\t\t<div class=\"elementor-element elementor-element-86dc788 elementor-widget elementor-widget-text-editor\" data-id=\"86dc788\" data-element_type=\"widget\" data-widget_type=\"text-editor.default\">\n\t\t\t\t<div class=\"elementor-widget-container\">\n\t\t\t\t\t\t\t\t\t<p>A Pol\u00edcia Civil de Santa Catarina, por meio da Delegacia de Investiga\u00e7\u00e3o de Crimes Ambientais e crimes contra as Rela\u00e7\u00f5es de Consumo (DCAC\/DEIC), em conjunto com o Procon Municipal de Florian\u00f3polis e Vigil\u00e2ncia Sanit\u00e1ria Municipal, realizou nesta quarta-feira (06) fiscaliza\u00e7\u00e3o em uma cl\u00ednica de est\u00e9tica, localizada no bairro Estreito, em Florian\u00f3polis.<\/p>\n<p>No estabelecimento comercial foram fiscalizados produtos comercializados, de modo que foram encontrados ind\u00edcios de \u201cvenda casada\u201d, bem como o armazenamento de produtos que excederam o prazo de validade expostos para o consumo e r\u00f3tulos incorretos de produtos, em afronta direta ao C\u00f3digo de Defesa ao Consumidor.<\/p>\n<p>Os produtos foram apreendidos pela Vigil\u00e2ncia Sanit\u00e1ria, sendo realizado Auto de Apreens\u00e3o, al\u00e9m de Auto de Constata\u00e7\u00e3o, por parte do PROCON.&nbsp;<span style=\"font-family: var( --e-global-typography-text-font-family ), Sans-serif; font-size: var( --e-global-typography-text-font-size );\">A DCAC prestou apoio \u00e0 fiscaliza\u00e7\u00e3o, atentos aos crimes previstos na Lei n\u00ba 8.137\/90, de modo a refor\u00e7ar as fiscaliza\u00e7\u00f5es para coibir os crimes que, porventura, firam as Rela\u00e7\u00f5es de Consumo.<\/span><\/p>\n<div>&nbsp;<\/div>\t\t\t\t\t\t\t\t<\/div>\n\t\t\t\t<\/div>\n\t\t\t\t\t<\/div>\n\t\t<\/div>\n\t\t\t\t\t<\/div>\n\t\t<\/section>\n\t\t\t\t<\/div>\n\t\t","protected":false},"excerpt":{"rendered":"<p>Na Capital, DCAC\/DEIC fiscaliza cl\u00ednica de est\u00e9tica, por suspeita de crimes contra as rela\u00e7\u00f5es de consumo A Pol\u00edcia Civil de Santa Catarina, por meio da Delegacia de Investiga\u00e7\u00e3o de Crimes Ambientais e crimes contra as Rela\u00e7\u00f5es de Consumo (DCAC\/DEIC), em conjunto com o Procon Municipal de Florian\u00f3polis e Vigil\u00e2ncia Sanit\u00e1ria Municipal, realizou nesta quarta-feira (06) [&hellip;]<\/p>\n","protected":false},"author":5,"featured_media":15805,"comment_status":"closed","ping_status":"open","sticky":false,"template":"","format":"standard","meta":{"_monsterinsights_skip_tracking":false,"_monsterinsights_sitenote_active":false,"_monsterinsights_sitenote_note":"","_monsterinsights_sitenote_category":0,"footnotes":""},"categories":[1],"tags":[],"class_list":["post-15804","post","type-post","status-publish","format-standard","has-post-thumbnail","hentry","category-sem-categoria"],"_links":{"self":[{"href":"https:\/\/pc.sc.gov.br\/index.php?rest_route=\/wp\/v2\/posts\/15804","targetHints":{"allow":["GET"]}}],"collection":[{"href":"https:\/\/pc.sc.gov.br\/index.php?rest_route=\/wp\/v2\/posts"}],"about":[{"href":"https:\/\/pc.sc.gov.br\/index.php?rest_route=\/wp\/v2\/types\/post"}],"author":[{"embeddable":true,"href":"https:\/\/pc.sc.gov.br\/index.php?rest_route=\/wp\/v2\/users\/5"}],"replies":[{"embeddable":true,"href":"https:\/\/pc.sc.gov.br\/index.php?rest_route=%2Fwp%2Fv2%2Fcomments&post=15804"}],"version-history":[{"count":4,"href":"https:\/\/pc.sc.gov.br\/index.php?rest_route=\/wp\/v2\/posts\/15804\/revisions"}],"predecessor-version":[{"id":15810,"href":"https:\/\/pc.sc.gov.br\/index.php?rest_route=\/wp\/v2\/posts\/15804\/revisions\/15810"}],"wp:featuredmedia":[{"embeddable":true,"href":"https:\/\/pc.sc.gov.br\/index.php?rest_route=\/wp\/v2\/media\/15805"}],"wp:attachment":[{"href":"https:\/\/pc.sc.gov.br\/index.php?rest_route=%2Fwp%2Fv2%2Fmedia&parent=15804"}],"wp:term":[{"taxonomy":"category","embeddable":true,"href":"https:\/\/pc.sc.gov.br\/index.php?rest_route=%2Fwp%2Fv2%2Fcategories&post=15804"},{"taxonomy":"post_tag","embeddable":true,"href":"https:\/\/pc.sc.gov.br\/index.php?rest_route=%2Fwp%2Fv2%2Ftags&post=15804"}],"curies":[{"name":"wp","href":"https:\/\/api.w.org\/{rel}","templated":true}]}}