{"id":15814,"date":"2023-12-06T15:38:54","date_gmt":"2023-12-06T18:38:54","guid":{"rendered":"https:\/\/pc.sc.gov.br\/?p=15814"},"modified":"2023-12-06T15:40:28","modified_gmt":"2023-12-06T18:40:28","slug":"dp-da-comarca-de-turvo-efetua-prisao-de-homem-com-tornozeleira-eletronica-e-extensa-ficha-criminal-por-furto-na-regiao","status":"publish","type":"post","link":"https:\/\/pc.sc.gov.br\/?p=15814","title":{"rendered":"DP da Comarca de Turvo efetua pris\u00e3o de homem com tornozeleira eletr\u00f4nica e extensa ficha criminal por furto na regi\u00e3o"},"content":{"rendered":"\t\t<div data-elementor-type=\"wp-post\" data-elementor-id=\"15814\" class=\"elementor elementor-15814\" data-elementor-post-type=\"post\">\n\t\t\t\t\t\t<section class=\"elementor-section elementor-top-section elementor-element elementor-element-aec928b elementor-section-boxed elementor-section-height-default elementor-section-height-default\" data-id=\"aec928b\" data-element_type=\"section\">\n\t\t\t\t\t\t<div class=\"elementor-container elementor-column-gap-default\">\n\t\t\t\t\t<div class=\"elementor-column elementor-col-100 elementor-top-column elementor-element elementor-element-b45f4bb\" data-id=\"b45f4bb\" data-element_type=\"column\">\n\t\t\t<div class=\"elementor-widget-wrap elementor-element-populated\">\n\t\t\t\t\t\t<div class=\"elementor-element elementor-element-eb5e7bb elementor-widget elementor-widget-heading\" data-id=\"eb5e7bb\" data-element_type=\"widget\" data-widget_type=\"heading.default\">\n\t\t\t\t<div class=\"elementor-widget-container\">\n\t\t\t\t\t<h2 class=\"elementor-heading-title elementor-size-default\">DP da Comarca de Turvo efetua pris\u00e3o de homem com tornozeleira eletr\u00f4nica e extensa ficha criminal por furto na regi\u00e3o<\/h2>\t\t\t\t<\/div>\n\t\t\t\t<\/div>\n\t\t\t\t\t<\/div>\n\t\t<\/div>\n\t\t\t\t\t<\/div>\n\t\t<\/section>\n\t\t\t\t<section class=\"elementor-section elementor-top-section elementor-element elementor-element-1a6b528 elementor-section-boxed elementor-section-height-default elementor-section-height-default\" data-id=\"1a6b528\" data-element_type=\"section\">\n\t\t\t\t\t\t<div class=\"elementor-container elementor-column-gap-default\">\n\t\t\t\t\t<div class=\"elementor-column elementor-col-100 elementor-top-column elementor-element elementor-element-7271edb\" data-id=\"7271edb\" data-element_type=\"column\">\n\t\t\t<div class=\"elementor-widget-wrap elementor-element-populated\">\n\t\t\t\t\t\t<div class=\"elementor-element elementor-element-190f84c elementor-widget elementor-widget-image\" data-id=\"190f84c\" data-element_type=\"widget\" data-widget_type=\"image.default\">\n\t\t\t\t<div class=\"elementor-widget-container\">\n\t\t\t\t\t\t\t\t\t\t\t\t\t\t\t<img fetchpriority=\"high\" decoding=\"async\" width=\"696\" height=\"392\" src=\"https:\/\/pc.sc.gov.br\/\/wp-content\/uploads\/2023\/12\/WhatsApp-Image-2023-12-06-at-14.28.44-1-1024x576.jpeg\" class=\"attachment-large size-large wp-image-15816\" alt=\"\" srcset=\"https:\/\/pc.sc.gov.br\/\/wp-content\/uploads\/2023\/12\/WhatsApp-Image-2023-12-06-at-14.28.44-1-1024x576.jpeg 1024w, https:\/\/pc.sc.gov.br\/\/wp-content\/uploads\/2023\/12\/WhatsApp-Image-2023-12-06-at-14.28.44-1-300x169.jpeg 300w, https:\/\/pc.sc.gov.br\/\/wp-content\/uploads\/2023\/12\/WhatsApp-Image-2023-12-06-at-14.28.44-1-768x432.jpeg 768w, https:\/\/pc.sc.gov.br\/\/wp-content\/uploads\/2023\/12\/WhatsApp-Image-2023-12-06-at-14.28.44-1.jpeg 1280w\" sizes=\"(max-width: 696px) 100vw, 696px\" \/>\t\t\t\t\t\t\t\t\t\t\t\t\t\t\t<\/div>\n\t\t\t\t<\/div>\n\t\t\t\t\t<\/div>\n\t\t<\/div>\n\t\t\t\t\t<\/div>\n\t\t<\/section>\n\t\t\t\t<section class=\"elementor-section elementor-top-section elementor-element elementor-element-19312aa elementor-section-boxed elementor-section-height-default elementor-section-height-default\" data-id=\"19312aa\" data-element_type=\"section\">\n\t\t\t\t\t\t<div class=\"elementor-container elementor-column-gap-default\">\n\t\t\t\t\t<div class=\"elementor-column elementor-col-100 elementor-top-column elementor-element elementor-element-0b13b55\" data-id=\"0b13b55\" data-element_type=\"column\">\n\t\t\t<div class=\"elementor-widget-wrap elementor-element-populated\">\n\t\t\t\t\t\t<div class=\"elementor-element elementor-element-9af3caf elementor-widget elementor-widget-text-editor\" data-id=\"9af3caf\" data-element_type=\"widget\" data-widget_type=\"text-editor.default\">\n\t\t\t\t<div class=\"elementor-widget-container\">\n\t\t\t\t\t\t\t\t\t<p>Nesta quarta-feira (6), a equipe da Pol\u00edcia Civil da Comarca de Turvo agiu com sucesso no cumprimento de um mandado de pris\u00e3o, detendo um indiv\u00edduo com vasto hist\u00f3rico criminal relacionado ao furto na regi\u00e3o.\u00a0<\/p><p>O indiv\u00edduo preso \u00e9 conhecido pelas in\u00fameras passagens envolvendo crimes de furto e fazia uso de tornozeleira eletr\u00f4nica e sua captura representa um avan\u00e7o significativo no enfrentamento \u00e0 criminalidade local, evidenciando a efici\u00eancia das a\u00e7\u00f5es coordenadas da Pol\u00edcia Civil.<\/p><p>A opera\u00e7\u00e3o foi resultado de um trabalho de investiga\u00e7\u00e3o meticuloso que levou \u00e0 expedi\u00e7\u00e3o de um mandado de pris\u00e3o contra o indiv\u00edduo em quest\u00e3o. Os agentes da Pol\u00edcia Civil, munidos do documento judicial, efetuaram a deten\u00e7\u00e3o sem contratempos, assegurando a ordem p\u00fablica na regi\u00e3o. A opera\u00e7\u00e3o reflete o comprometimento das autoridades locais em garantir a seguran\u00e7a e a tranquilidade da comunidade. O investigado foi encaminhado ao sistema prisional, onde ficar\u00e1 \u00e0 disposi\u00e7\u00e3o da Justi\u00e7a.<\/p><p>A Delegacia da Comarca de Turvo reafirma seu compromisso em combater ativamente a criminalidade e proteger a sociedade, agradecendo a colabora\u00e7\u00e3o da comunidade e ressaltando a import\u00e2ncia da uni\u00e3o de esfor\u00e7os para a constru\u00e7\u00e3o de uma regi\u00e3o mais segura e justa para todos.<\/p><div>\u00a0<\/div>\t\t\t\t\t\t\t\t<\/div>\n\t\t\t\t<\/div>\n\t\t\t\t\t<\/div>\n\t\t<\/div>\n\t\t\t\t\t<\/div>\n\t\t<\/section>\n\t\t\t\t<\/div>\n\t\t","protected":false},"excerpt":{"rendered":"<p>DP da Comarca de Turvo efetua pris\u00e3o de homem com tornozeleira eletr\u00f4nica e extensa ficha criminal por furto na regi\u00e3o Nesta quarta-feira (6), a equipe da Pol\u00edcia Civil da Comarca de Turvo agiu com sucesso no cumprimento de um mandado de pris\u00e3o, detendo um indiv\u00edduo com vasto hist\u00f3rico criminal relacionado ao furto na regi\u00e3o.\u00a0 O [&hellip;]<\/p>\n","protected":false},"author":5,"featured_media":15812,"comment_status":"closed","ping_status":"open","sticky":false,"template":"","format":"standard","meta":{"_monsterinsights_skip_tracking":false,"_monsterinsights_sitenote_active":false,"_monsterinsights_sitenote_note":"","_monsterinsights_sitenote_category":0,"footnotes":""},"categories":[1],"tags":[],"class_list":["post-15814","post","type-post","status-publish","format-standard","has-post-thumbnail","hentry","category-sem-categoria"],"_links":{"self":[{"href":"https:\/\/pc.sc.gov.br\/index.php?rest_route=\/wp\/v2\/posts\/15814","targetHints":{"allow":["GET"]}}],"collection":[{"href":"https:\/\/pc.sc.gov.br\/index.php?rest_route=\/wp\/v2\/posts"}],"about":[{"href":"https:\/\/pc.sc.gov.br\/index.php?rest_route=\/wp\/v2\/types\/post"}],"author":[{"embeddable":true,"href":"https:\/\/pc.sc.gov.br\/index.php?rest_route=\/wp\/v2\/users\/5"}],"replies":[{"embeddable":true,"href":"https:\/\/pc.sc.gov.br\/index.php?rest_route=%2Fwp%2Fv2%2Fcomments&post=15814"}],"version-history":[{"count":4,"href":"https:\/\/pc.sc.gov.br\/index.php?rest_route=\/wp\/v2\/posts\/15814\/revisions"}],"predecessor-version":[{"id":15819,"href":"https:\/\/pc.sc.gov.br\/index.php?rest_route=\/wp\/v2\/posts\/15814\/revisions\/15819"}],"wp:featuredmedia":[{"embeddable":true,"href":"https:\/\/pc.sc.gov.br\/index.php?rest_route=\/wp\/v2\/media\/15812"}],"wp:attachment":[{"href":"https:\/\/pc.sc.gov.br\/index.php?rest_route=%2Fwp%2Fv2%2Fmedia&parent=15814"}],"wp:term":[{"taxonomy":"category","embeddable":true,"href":"https:\/\/pc.sc.gov.br\/index.php?rest_route=%2Fwp%2Fv2%2Fcategories&post=15814"},{"taxonomy":"post_tag","embeddable":true,"href":"https:\/\/pc.sc.gov.br\/index.php?rest_route=%2Fwp%2Fv2%2Ftags&post=15814"}],"curies":[{"name":"wp","href":"https:\/\/api.w.org\/{rel}","templated":true}]}}