{"id":15841,"date":"2023-12-07T14:48:47","date_gmt":"2023-12-07T17:48:47","guid":{"rendered":"https:\/\/pc.sc.gov.br\/?p=15841"},"modified":"2023-12-07T17:08:02","modified_gmt":"2023-12-07T20:08:02","slug":"policia-civil-de-santa-catarina-participa-de-operacao-galapagos-e-mandados-sao-cumpridos-no-estado","status":"publish","type":"post","link":"https:\/\/pc.sc.gov.br\/?p=15841","title":{"rendered":"Pol\u00edcia Civil de Santa Catarina participa de opera\u00e7\u00e3o \u201cGal\u00e1pagos\u201d e mandados s\u00e3o cumpridos no estado"},"content":{"rendered":"\t\t<div data-elementor-type=\"wp-post\" data-elementor-id=\"15841\" class=\"elementor elementor-15841\" data-elementor-post-type=\"post\">\n\t\t\t\t\t\t<section class=\"elementor-section elementor-top-section elementor-element elementor-element-5de40a9 elementor-section-boxed elementor-section-height-default elementor-section-height-default\" data-id=\"5de40a9\" data-element_type=\"section\">\n\t\t\t\t\t\t<div class=\"elementor-container elementor-column-gap-default\">\n\t\t\t\t\t<div class=\"elementor-column elementor-col-100 elementor-top-column elementor-element elementor-element-8efa26f\" data-id=\"8efa26f\" data-element_type=\"column\">\n\t\t\t<div class=\"elementor-widget-wrap elementor-element-populated\">\n\t\t\t\t\t\t<div class=\"elementor-element elementor-element-bac3df4 elementor-widget elementor-widget-heading\" data-id=\"bac3df4\" data-element_type=\"widget\" data-widget_type=\"heading.default\">\n\t\t\t\t<div class=\"elementor-widget-container\">\n\t\t\t\t\t<h2 class=\"elementor-heading-title elementor-size-default\">Pol\u00edcia Civil de Santa Catarina participa de opera\u00e7\u00e3o \u201cGal\u00e1pagos\u201d e mandados s\u00e3o cumpridos no estado<\/h2>\t\t\t\t<\/div>\n\t\t\t\t<\/div>\n\t\t\t\t<div class=\"elementor-element elementor-element-4561bdd elementor-widget elementor-widget-image\" data-id=\"4561bdd\" data-element_type=\"widget\" data-widget_type=\"image.default\">\n\t\t\t\t<div class=\"elementor-widget-container\">\n\t\t\t\t\t\t\t\t\t\t\t\t\t\t\t<img fetchpriority=\"high\" decoding=\"async\" width=\"696\" height=\"522\" src=\"https:\/\/pc.sc.gov.br\/\/wp-content\/uploads\/2023\/11\/CARRO-VIATUIRA-SIRENE-NOITE-POLICIA-CIVIL-PCSC-1-1024x768.jpg\" class=\"attachment-large size-large wp-image-15332\" alt=\"\" srcset=\"https:\/\/pc.sc.gov.br\/\/wp-content\/uploads\/2023\/11\/CARRO-VIATUIRA-SIRENE-NOITE-POLICIA-CIVIL-PCSC-1-1024x768.jpg 1024w, https:\/\/pc.sc.gov.br\/\/wp-content\/uploads\/2023\/11\/CARRO-VIATUIRA-SIRENE-NOITE-POLICIA-CIVIL-PCSC-1-300x225.jpg 300w, https:\/\/pc.sc.gov.br\/\/wp-content\/uploads\/2023\/11\/CARRO-VIATUIRA-SIRENE-NOITE-POLICIA-CIVIL-PCSC-1-768x576.jpg 768w, https:\/\/pc.sc.gov.br\/\/wp-content\/uploads\/2023\/11\/CARRO-VIATUIRA-SIRENE-NOITE-POLICIA-CIVIL-PCSC-1.jpg 1280w\" sizes=\"(max-width: 696px) 100vw, 696px\" \/>\t\t\t\t\t\t\t\t\t\t\t\t\t\t\t<\/div>\n\t\t\t\t<\/div>\n\t\t\t\t\t<\/div>\n\t\t<\/div>\n\t\t\t\t\t<\/div>\n\t\t<\/section>\n\t\t\t\t<section class=\"elementor-section elementor-top-section elementor-element elementor-element-c915317 elementor-section-boxed elementor-section-height-default elementor-section-height-default\" data-id=\"c915317\" data-element_type=\"section\">\n\t\t\t\t\t\t<div class=\"elementor-container elementor-column-gap-default\">\n\t\t\t\t\t<div class=\"elementor-column elementor-col-100 elementor-top-column elementor-element elementor-element-15d1862\" data-id=\"15d1862\" data-element_type=\"column\">\n\t\t\t<div class=\"elementor-widget-wrap elementor-element-populated\">\n\t\t\t\t\t\t<div class=\"elementor-element elementor-element-7505584 elementor-widget elementor-widget-text-editor\" data-id=\"7505584\" data-element_type=\"widget\" data-widget_type=\"text-editor.default\">\n\t\t\t\t<div class=\"elementor-widget-container\">\n\t\t\t\t\t\t\t\t\t<p>Nesta quinta-feira (7), a Pol\u00edcia Civil de Santa Catarina, por meio de delegacias da Diretoria Estadual de Investiga\u00e7\u00f5es Criminais e da Coordenadoria de Opera\u00e7\u00f5es e Recursos Especiais, participou da opera\u00e7\u00e3o \u201cGal\u00e1pagos\u201d e cumpriu quatro mandados de busca e apreens\u00e3o em Balne\u00e1rio Cambori\u00fa, Bombinhas, Palho\u00e7a e S\u00e3o Jos\u00e9. As delegacias da DEIC que participaram da opera\u00e7\u00e3o foram a Delegacia de Repress\u00e3o a Entorpecentes, a Delegacia de Repress\u00e3o ao Crime Organizado e a Delegacia de Roubos e Antissequestro. <br><br><b>Opera\u00e7\u00e3o \u201cGal\u00e1pagos\u201d<\/b><br><br>Deflagrada pela Pol\u00edcia Civil do Rio Grande do Sul, por meio da 2\u00aa Delegacia de Repress\u00e3o ao Narcotr\u00e1fico, a opera\u00e7\u00e3o \u201cGal\u00e1pagos\u201d visou o cumprimento de 50 medidas cautelares, sendo 22 mandados de pris\u00e3o, 20 de busca e apreens\u00e3o, sete sequestros veiculares, e indisponibilidade de um im\u00f3vel. No total, a a\u00e7\u00e3o ocorreu em 12 munic\u00edpios dos estados de Santa Catarina e do Rio Grande do Sul. <br>At\u00e9 o momento, 19 investigados foram presos, al\u00e9m de 20 armas de fogo apreendidas, muni\u00e7\u00f5es, im\u00f3veis, autom\u00f3veis de luxo, drogas, valores em esp\u00e9cie e aparelhos celulares. A investiga\u00e7\u00e3o visa combater delitos de tr\u00e1ficos de drogas, associa\u00e7\u00e3o para o tr\u00e1fico, posse, porte e com\u00e9rcio ilegal de muni\u00e7\u00f5es e de armas de fogo de uso restrito. Participaram da a\u00e7\u00e3o cerca de 150 policiais civis.<\/p>\t\t\t\t\t\t\t\t<\/div>\n\t\t\t\t<\/div>\n\t\t\t\t\t<\/div>\n\t\t<\/div>\n\t\t\t\t\t<\/div>\n\t\t<\/section>\n\t\t\t\t<\/div>\n\t\t","protected":false},"excerpt":{"rendered":"<p>Pol\u00edcia Civil de Santa Catarina participa de opera\u00e7\u00e3o \u201cGal\u00e1pagos\u201d e mandados s\u00e3o cumpridos no estado Nesta quinta-feira (7), a Pol\u00edcia Civil de Santa Catarina, por meio de delegacias da Diretoria Estadual de Investiga\u00e7\u00f5es Criminais e da Coordenadoria de Opera\u00e7\u00f5es e Recursos Especiais, participou da opera\u00e7\u00e3o \u201cGal\u00e1pagos\u201d e cumpriu quatro mandados de busca e apreens\u00e3o em [&hellip;]<\/p>\n","protected":false},"author":5,"featured_media":15796,"comment_status":"closed","ping_status":"open","sticky":false,"template":"","format":"standard","meta":{"_monsterinsights_skip_tracking":false,"_monsterinsights_sitenote_active":false,"_monsterinsights_sitenote_note":"","_monsterinsights_sitenote_category":0,"footnotes":""},"categories":[1],"tags":[],"class_list":["post-15841","post","type-post","status-publish","format-standard","has-post-thumbnail","hentry","category-sem-categoria"],"_links":{"self":[{"href":"https:\/\/pc.sc.gov.br\/index.php?rest_route=\/wp\/v2\/posts\/15841","targetHints":{"allow":["GET"]}}],"collection":[{"href":"https:\/\/pc.sc.gov.br\/index.php?rest_route=\/wp\/v2\/posts"}],"about":[{"href":"https:\/\/pc.sc.gov.br\/index.php?rest_route=\/wp\/v2\/types\/post"}],"author":[{"embeddable":true,"href":"https:\/\/pc.sc.gov.br\/index.php?rest_route=\/wp\/v2\/users\/5"}],"replies":[{"embeddable":true,"href":"https:\/\/pc.sc.gov.br\/index.php?rest_route=%2Fwp%2Fv2%2Fcomments&post=15841"}],"version-history":[{"count":4,"href":"https:\/\/pc.sc.gov.br\/index.php?rest_route=\/wp\/v2\/posts\/15841\/revisions"}],"predecessor-version":[{"id":15845,"href":"https:\/\/pc.sc.gov.br\/index.php?rest_route=\/wp\/v2\/posts\/15841\/revisions\/15845"}],"wp:featuredmedia":[{"embeddable":true,"href":"https:\/\/pc.sc.gov.br\/index.php?rest_route=\/wp\/v2\/media\/15796"}],"wp:attachment":[{"href":"https:\/\/pc.sc.gov.br\/index.php?rest_route=%2Fwp%2Fv2%2Fmedia&parent=15841"}],"wp:term":[{"taxonomy":"category","embeddable":true,"href":"https:\/\/pc.sc.gov.br\/index.php?rest_route=%2Fwp%2Fv2%2Fcategories&post=15841"},{"taxonomy":"post_tag","embeddable":true,"href":"https:\/\/pc.sc.gov.br\/index.php?rest_route=%2Fwp%2Fv2%2Ftags&post=15841"}],"curies":[{"name":"wp","href":"https:\/\/api.w.org\/{rel}","templated":true}]}}