{"id":15846,"date":"2023-12-07T15:10:32","date_gmt":"2023-12-07T18:10:32","guid":{"rendered":"https:\/\/pc.sc.gov.br\/?p=15846"},"modified":"2023-12-07T15:12:19","modified_gmt":"2023-12-07T18:12:19","slug":"delegacia-de-homicidios-da-capital-cumpre-mandados-em-investigacao-de-morte-em-canasvieiras-e-homem-e-preso-em-flagrante-por-trafico-de-drogas","status":"publish","type":"post","link":"https:\/\/pc.sc.gov.br\/?p=15846","title":{"rendered":"Delegacia de Homic\u00eddios da Capital cumpre mandados em investiga\u00e7\u00e3o de morte em Canasvieiras e homem \u00e9 preso em flagrante por tr\u00e1fico de drogas"},"content":{"rendered":"\t\t<div data-elementor-type=\"wp-post\" data-elementor-id=\"15846\" class=\"elementor elementor-15846\" data-elementor-post-type=\"post\">\n\t\t\t\t\t\t<section class=\"elementor-section elementor-top-section elementor-element elementor-element-0ed5b8a elementor-section-boxed elementor-section-height-default elementor-section-height-default\" data-id=\"0ed5b8a\" data-element_type=\"section\">\n\t\t\t\t\t\t<div class=\"elementor-container elementor-column-gap-default\">\n\t\t\t\t\t<div class=\"elementor-column elementor-col-100 elementor-top-column elementor-element elementor-element-ac7486b\" data-id=\"ac7486b\" data-element_type=\"column\">\n\t\t\t<div class=\"elementor-widget-wrap elementor-element-populated\">\n\t\t\t\t\t\t<div class=\"elementor-element elementor-element-c16f4e7 elementor-widget elementor-widget-heading\" data-id=\"c16f4e7\" data-element_type=\"widget\" data-widget_type=\"heading.default\">\n\t\t\t\t<div class=\"elementor-widget-container\">\n\t\t\t\t\t<h2 class=\"elementor-heading-title elementor-size-default\">Delegacia de Homic\u00eddios da Capital cumpre mandados em investiga\u00e7\u00e3o de morte em Canasvieiras e homem \u00e9 preso em flagrante por tr\u00e1fico de drogas<\/h2>\t\t\t\t<\/div>\n\t\t\t\t<\/div>\n\t\t\t\t\t<\/div>\n\t\t<\/div>\n\t\t\t\t\t<\/div>\n\t\t<\/section>\n\t\t\t\t<section class=\"elementor-section elementor-top-section elementor-element elementor-element-d1546df elementor-section-boxed elementor-section-height-default elementor-section-height-default\" data-id=\"d1546df\" data-element_type=\"section\">\n\t\t\t\t\t\t<div class=\"elementor-container elementor-column-gap-default\">\n\t\t\t\t\t<div class=\"elementor-column elementor-col-100 elementor-top-column elementor-element elementor-element-48fd90e\" data-id=\"48fd90e\" data-element_type=\"column\">\n\t\t\t<div class=\"elementor-widget-wrap\">\n\t\t\t\t\t\t\t<\/div>\n\t\t<\/div>\n\t\t\t\t\t<\/div>\n\t\t<\/section>\n\t\t\t\t<section class=\"elementor-section elementor-top-section elementor-element elementor-element-d6e6743 elementor-section-boxed elementor-section-height-default elementor-section-height-default\" data-id=\"d6e6743\" data-element_type=\"section\">\n\t\t\t\t\t\t<div class=\"elementor-container elementor-column-gap-default\">\n\t\t\t\t\t<div class=\"elementor-column elementor-col-100 elementor-top-column elementor-element elementor-element-3100ed6\" data-id=\"3100ed6\" data-element_type=\"column\">\n\t\t\t<div class=\"elementor-widget-wrap elementor-element-populated\">\n\t\t\t\t\t\t<div class=\"elementor-element elementor-element-52de8e0 elementor-widget elementor-widget-image\" data-id=\"52de8e0\" data-element_type=\"widget\" data-widget_type=\"image.default\">\n\t\t\t\t<div class=\"elementor-widget-container\">\n\t\t\t\t\t\t\t\t\t\t\t\t\t\t\t<img fetchpriority=\"high\" decoding=\"async\" width=\"680\" height=\"510\" src=\"https:\/\/pc.sc.gov.br\/\/wp-content\/uploads\/2022\/12\/DP_HOMICIDIOS_CAPITAL.jpg\" class=\"attachment-large size-large wp-image-2563\" alt=\"\" srcset=\"https:\/\/pc.sc.gov.br\/\/wp-content\/uploads\/2022\/12\/DP_HOMICIDIOS_CAPITAL.jpg 680w, https:\/\/pc.sc.gov.br\/\/wp-content\/uploads\/2022\/12\/DP_HOMICIDIOS_CAPITAL-300x225.jpg 300w\" sizes=\"(max-width: 680px) 100vw, 680px\" \/>\t\t\t\t\t\t\t\t\t\t\t\t\t\t\t<\/div>\n\t\t\t\t<\/div>\n\t\t\t\t\t<\/div>\n\t\t<\/div>\n\t\t\t\t\t<\/div>\n\t\t<\/section>\n\t\t\t\t<section class=\"elementor-section elementor-top-section elementor-element elementor-element-167f417 elementor-section-boxed elementor-section-height-default elementor-section-height-default\" data-id=\"167f417\" data-element_type=\"section\">\n\t\t\t\t\t\t<div class=\"elementor-container elementor-column-gap-default\">\n\t\t\t\t\t<div class=\"elementor-column elementor-col-100 elementor-top-column elementor-element elementor-element-98c8fcd\" data-id=\"98c8fcd\" data-element_type=\"column\">\n\t\t\t<div class=\"elementor-widget-wrap elementor-element-populated\">\n\t\t\t\t\t\t<div class=\"elementor-element elementor-element-3ac8c1e elementor-widget elementor-widget-text-editor\" data-id=\"3ac8c1e\" data-element_type=\"widget\" data-widget_type=\"text-editor.default\">\n\t\t\t\t<div class=\"elementor-widget-container\">\n\t\t\t\t\t\t\t\t\t<p>Nesta quinta-feira (7), a Pol\u00edcia Civil de Santa Catarina, por meio da Delegacia de Homic\u00eddios da Capital, realizou o cumprimento de tr\u00eas mandados de busca e apreens\u00e3o na regi\u00e3o norte da Ilha, decorrentes de investiga\u00e7\u00e3o em andamento que apura as circunst\u00e2ncias e autoria do crime de homic\u00eddio ocorrido no m\u00eas de novembro na praia de Canasvieiras. <br \/>Os trabalhos resultaram em importantes informa\u00e7\u00f5es obtidas que esclareceram pontos das investiga\u00e7\u00f5es que ainda careciam de algumas dilig\u00eancias. Al\u00e9m do resultado positivo da opera\u00e7\u00e3o com rela\u00e7\u00e3o ao homic\u00eddio investigado, durante as buscas foi realizada a pris\u00e3o em flagrante de um dos investigados do crime, pois no interior de sua resid\u00eancia foram encontrados produtos relacionados a pr\u00e1tica do crime de tr\u00e1fico de drogas. <br \/>Foram apreendidos no local, em torno de meio quilo de maconha, balan\u00e7as e dinheiro. O preso foi conduzido \u00e0 CPP da Capital. Participaram da a\u00e7\u00e3o as unidades da PCSC: 1\u00aa DPCap, 5\u00aa DPCap, 6\u00aa DPCap e NOC Joinville.<\/p>\t\t\t\t\t\t\t\t<\/div>\n\t\t\t\t<\/div>\n\t\t\t\t\t<\/div>\n\t\t<\/div>\n\t\t\t\t\t<\/div>\n\t\t<\/section>\n\t\t\t\t<\/div>\n\t\t","protected":false},"excerpt":{"rendered":"<p>Delegacia de Homic\u00eddios da Capital cumpre mandados em investiga\u00e7\u00e3o de morte em Canasvieiras e homem \u00e9 preso em flagrante por tr\u00e1fico de drogas Nesta quinta-feira (7), a Pol\u00edcia Civil de Santa Catarina, por meio da Delegacia de Homic\u00eddios da Capital, realizou o cumprimento de tr\u00eas mandados de busca e apreens\u00e3o na regi\u00e3o norte da Ilha, [&hellip;]<\/p>\n","protected":false},"author":5,"featured_media":15721,"comment_status":"closed","ping_status":"open","sticky":false,"template":"","format":"standard","meta":{"_monsterinsights_skip_tracking":false,"_monsterinsights_sitenote_active":false,"_monsterinsights_sitenote_note":"","_monsterinsights_sitenote_category":0,"footnotes":""},"categories":[1],"tags":[],"class_list":["post-15846","post","type-post","status-publish","format-standard","has-post-thumbnail","hentry","category-sem-categoria"],"_links":{"self":[{"href":"https:\/\/pc.sc.gov.br\/index.php?rest_route=\/wp\/v2\/posts\/15846","targetHints":{"allow":["GET"]}}],"collection":[{"href":"https:\/\/pc.sc.gov.br\/index.php?rest_route=\/wp\/v2\/posts"}],"about":[{"href":"https:\/\/pc.sc.gov.br\/index.php?rest_route=\/wp\/v2\/types\/post"}],"author":[{"embeddable":true,"href":"https:\/\/pc.sc.gov.br\/index.php?rest_route=\/wp\/v2\/users\/5"}],"replies":[{"embeddable":true,"href":"https:\/\/pc.sc.gov.br\/index.php?rest_route=%2Fwp%2Fv2%2Fcomments&post=15846"}],"version-history":[{"count":4,"href":"https:\/\/pc.sc.gov.br\/index.php?rest_route=\/wp\/v2\/posts\/15846\/revisions"}],"predecessor-version":[{"id":15852,"href":"https:\/\/pc.sc.gov.br\/index.php?rest_route=\/wp\/v2\/posts\/15846\/revisions\/15852"}],"wp:featuredmedia":[{"embeddable":true,"href":"https:\/\/pc.sc.gov.br\/index.php?rest_route=\/wp\/v2\/media\/15721"}],"wp:attachment":[{"href":"https:\/\/pc.sc.gov.br\/index.php?rest_route=%2Fwp%2Fv2%2Fmedia&parent=15846"}],"wp:term":[{"taxonomy":"category","embeddable":true,"href":"https:\/\/pc.sc.gov.br\/index.php?rest_route=%2Fwp%2Fv2%2Fcategories&post=15846"},{"taxonomy":"post_tag","embeddable":true,"href":"https:\/\/pc.sc.gov.br\/index.php?rest_route=%2Fwp%2Fv2%2Ftags&post=15846"}],"curies":[{"name":"wp","href":"https:\/\/api.w.org\/{rel}","templated":true}]}}