{"id":15866,"date":"2023-12-07T19:37:19","date_gmt":"2023-12-07T22:37:19","guid":{"rendered":"https:\/\/pc.sc.gov.br\/?p=15866"},"modified":"2023-12-07T19:42:32","modified_gmt":"2023-12-07T22:42:32","slug":"operacao-cifra-oculta-dlav-deic-apreende-helicoptero-em-sao-paulo-em-investigacao-que-ja-sequestrou-bens-no-valor-de-r-50-milhoes","status":"publish","type":"post","link":"https:\/\/pc.sc.gov.br\/?p=15866","title":{"rendered":"Opera\u00e7\u00e3o &#8220;Cifra Oculta&#8221;: DLAV\/DEIC apreende helic\u00f3ptero em S\u00e3o Paulo em investiga\u00e7\u00e3o que j\u00e1 sequestrou bens no valor de R$ 50 milh\u00f5es"},"content":{"rendered":"\t\t<div data-elementor-type=\"wp-post\" data-elementor-id=\"15866\" class=\"elementor elementor-15866\" data-elementor-post-type=\"post\">\n\t\t\t\t\t\t<section class=\"elementor-section elementor-top-section elementor-element elementor-element-bb76d20 elementor-section-boxed elementor-section-height-default elementor-section-height-default\" data-id=\"bb76d20\" data-element_type=\"section\">\n\t\t\t\t\t\t<div class=\"elementor-container elementor-column-gap-default\">\n\t\t\t\t\t<div class=\"elementor-column elementor-col-100 elementor-top-column elementor-element elementor-element-aa310eb\" data-id=\"aa310eb\" data-element_type=\"column\">\n\t\t\t<div class=\"elementor-widget-wrap elementor-element-populated\">\n\t\t\t\t\t\t<div class=\"elementor-element elementor-element-8bd6b9f elementor-widget elementor-widget-heading\" data-id=\"8bd6b9f\" data-element_type=\"widget\" data-widget_type=\"heading.default\">\n\t\t\t\t<div class=\"elementor-widget-container\">\n\t\t\t\t\t<h2 class=\"elementor-heading-title elementor-size-default\">Opera\u00e7\u00e3o \"Cifra Oculta\": DLAV\/DEIC apreende helic\u00f3ptero em S\u00e3o Paulo em investiga\u00e7\u00e3o que j\u00e1 sequestrou bens no valor de R$ 50 milh\u00f5es<\/h2>\t\t\t\t<\/div>\n\t\t\t\t<\/div>\n\t\t\t\t\t<\/div>\n\t\t<\/div>\n\t\t\t\t\t<\/div>\n\t\t<\/section>\n\t\t\t\t<section class=\"elementor-section elementor-top-section elementor-element elementor-element-3dfe700 elementor-section-boxed elementor-section-height-default elementor-section-height-default\" data-id=\"3dfe700\" data-element_type=\"section\">\n\t\t\t\t\t\t<div class=\"elementor-container elementor-column-gap-default\">\n\t\t\t\t\t<div class=\"elementor-column elementor-col-100 elementor-top-column elementor-element elementor-element-f1eeccf\" data-id=\"f1eeccf\" data-element_type=\"column\">\n\t\t\t<div class=\"elementor-widget-wrap elementor-element-populated\">\n\t\t\t\t\t\t<div class=\"elementor-element elementor-element-9a8d3c3 elementor-widget elementor-widget-image\" data-id=\"9a8d3c3\" data-element_type=\"widget\" data-widget_type=\"image.default\">\n\t\t\t\t<div class=\"elementor-widget-container\">\n\t\t\t\t\t\t\t\t\t\t\t\t\t\t\t<img fetchpriority=\"high\" decoding=\"async\" width=\"696\" height=\"392\" src=\"https:\/\/pc.sc.gov.br\/\/wp-content\/uploads\/2023\/12\/WhatsApp-Image-2023-12-07-at-19.16.41.jpeg\" class=\"attachment-large size-large wp-image-15867\" alt=\"\" srcset=\"https:\/\/pc.sc.gov.br\/\/wp-content\/uploads\/2023\/12\/WhatsApp-Image-2023-12-07-at-19.16.41.jpeg 1024w, https:\/\/pc.sc.gov.br\/\/wp-content\/uploads\/2023\/12\/WhatsApp-Image-2023-12-07-at-19.16.41-300x169.jpeg 300w, https:\/\/pc.sc.gov.br\/\/wp-content\/uploads\/2023\/12\/WhatsApp-Image-2023-12-07-at-19.16.41-768x432.jpeg 768w\" sizes=\"(max-width: 696px) 100vw, 696px\" \/>\t\t\t\t\t\t\t\t\t\t\t\t\t\t\t<\/div>\n\t\t\t\t<\/div>\n\t\t\t\t\t<\/div>\n\t\t<\/div>\n\t\t\t\t\t<\/div>\n\t\t<\/section>\n\t\t\t\t<section class=\"elementor-section elementor-top-section elementor-element elementor-element-1da6320 elementor-section-boxed elementor-section-height-default elementor-section-height-default\" data-id=\"1da6320\" data-element_type=\"section\">\n\t\t\t\t\t\t<div class=\"elementor-container elementor-column-gap-default\">\n\t\t\t\t\t<div class=\"elementor-column elementor-col-100 elementor-top-column elementor-element elementor-element-7a6887b\" data-id=\"7a6887b\" data-element_type=\"column\">\n\t\t\t<div class=\"elementor-widget-wrap elementor-element-populated\">\n\t\t\t\t\t\t<div class=\"elementor-element elementor-element-bee814a elementor-widget elementor-widget-text-editor\" data-id=\"bee814a\" data-element_type=\"widget\" data-widget_type=\"text-editor.default\">\n\t\t\t\t<div class=\"elementor-widget-container\">\n\t\t\t\t\t\t\t\t\t<p>Em continuidade \u00e0 opera\u00e7\u00e3o Cifra Oculta, a Pol\u00edcia Civil de Santa Catarina, por meio da Delegacia de Investiga\u00e7\u00e3o \u00e0 Lavagem de Dinheiro (DLAV\/DEIC), com apoio t\u00e9cnico e operacional do Saer apreendeu nesta quinta-feira (7) um helic\u00f3ptero Robinson R44II, num hangar particular localizado na cidade de Osasco (SP). No decorrer da opera\u00e7\u00e3o Cifra Oculta, que foi deflagrada na ter\u00e7a-feira (5), tamb\u00e9m foram sequestrados 24 ve\u00edculos de luxo, im\u00f3veis, saldos em contas banc\u00e1rias, criptomoedas que soma cerca de R$ 50 milh\u00f5es. Tamb\u00e9m foram cumpridos 28 mandados de busca e apreens\u00e3o em SP, SC, RS, PA, PR.<\/p>\n<p>De acordo com o delegado Jeferson Prado a investiga\u00e7\u00e3o identificou sofisticado esquema de lavagem de capitais decorrentes de diversos crimes, especialmente tr\u00e1fico de drogas e organiza\u00e7\u00e3o criminosa. Dentre os crimes investigados est\u00e3o a aquisi\u00e7\u00e3o e utiliza\u00e7\u00e3o de interpostas pessoas para movimenta\u00e7\u00e3o de criptomoedas e de contas banc\u00e1rias, utiliza\u00e7\u00e3o de pessoas jur\u00eddicas fantasmas, a utiliza\u00e7\u00e3o de pessoas jur\u00eddicas para a mescla de valores e dissimula\u00e7\u00e3o de lucros e dividendos e aquisi\u00e7\u00e3o de bens de luxo.<\/p>\n<p>Segundo o delegado Pedro Mendes, diretor adjunto da Diretoria Estadual de Investiga\u00e7\u00f5es Criminais (DEIC\/PCSC) a opera\u00e7\u00e3o Cifra Oculta \u00e9 de vital import\u00e2ncia para coibir o crime de lavagem de dinheiro em Santa Catarina.&nbsp;<\/p>\n<p>A opera\u00e7\u00e3o contou com o apoio das Pol\u00edcias Civis de S\u00e3o Paulo, Paran\u00e1, Rio Grande do Sul e do Par\u00e1, das demais unidades especializadas da DEIC, Diretoria de Intelig\u00eancia, CORE e do Laborat\u00f3rio de Tecnologia em Lavagem de Dinheiro, al\u00e9m do MJSP, atrav\u00e9s do Projeto Impulse, que est\u00e1 inserido no Programa de Enfrentamento a Organiza\u00e7\u00f5es Criminosas (Enfoc).<span style=\"color: var( --e-global-color-text ); font-family: var( --e-global-typography-primary-font-family ), Sans-serif; font-size: var( --e-global-typography-primary-font-size ); font-weight: var( --e-global-typography-primary-font-weight ); letter-spacing: var( --e-global-typography-primary-letter-spacing );\">&nbsp;<\/span><\/p>\t\t\t\t\t\t\t\t<\/div>\n\t\t\t\t<\/div>\n\t\t\t\t\t<\/div>\n\t\t<\/div>\n\t\t\t\t\t<\/div>\n\t\t<\/section>\n\t\t\t\t<\/div>\n\t\t","protected":false},"excerpt":{"rendered":"<p>Opera\u00e7\u00e3o &#8220;Cifra Oculta&#8221;: DLAV\/DEIC apreende helic\u00f3ptero em S\u00e3o Paulo em investiga\u00e7\u00e3o que j\u00e1 sequestrou bens no valor de R$ 50 milh\u00f5es Em continuidade \u00e0 opera\u00e7\u00e3o Cifra Oculta, a Pol\u00edcia Civil de Santa Catarina, por meio da Delegacia de Investiga\u00e7\u00e3o \u00e0 Lavagem de Dinheiro (DLAV\/DEIC), com apoio t\u00e9cnico e operacional do Saer apreendeu nesta quinta-feira (7) [&hellip;]<\/p>\n","protected":false},"author":5,"featured_media":15867,"comment_status":"closed","ping_status":"open","sticky":false,"template":"","format":"standard","meta":{"_monsterinsights_skip_tracking":false,"_monsterinsights_sitenote_active":false,"_monsterinsights_sitenote_note":"","_monsterinsights_sitenote_category":0,"footnotes":""},"categories":[1],"tags":[],"class_list":["post-15866","post","type-post","status-publish","format-standard","has-post-thumbnail","hentry","category-sem-categoria"],"_links":{"self":[{"href":"https:\/\/pc.sc.gov.br\/index.php?rest_route=\/wp\/v2\/posts\/15866","targetHints":{"allow":["GET"]}}],"collection":[{"href":"https:\/\/pc.sc.gov.br\/index.php?rest_route=\/wp\/v2\/posts"}],"about":[{"href":"https:\/\/pc.sc.gov.br\/index.php?rest_route=\/wp\/v2\/types\/post"}],"author":[{"embeddable":true,"href":"https:\/\/pc.sc.gov.br\/index.php?rest_route=\/wp\/v2\/users\/5"}],"replies":[{"embeddable":true,"href":"https:\/\/pc.sc.gov.br\/index.php?rest_route=%2Fwp%2Fv2%2Fcomments&post=15866"}],"version-history":[{"count":7,"href":"https:\/\/pc.sc.gov.br\/index.php?rest_route=\/wp\/v2\/posts\/15866\/revisions"}],"predecessor-version":[{"id":15874,"href":"https:\/\/pc.sc.gov.br\/index.php?rest_route=\/wp\/v2\/posts\/15866\/revisions\/15874"}],"wp:featuredmedia":[{"embeddable":true,"href":"https:\/\/pc.sc.gov.br\/index.php?rest_route=\/wp\/v2\/media\/15867"}],"wp:attachment":[{"href":"https:\/\/pc.sc.gov.br\/index.php?rest_route=%2Fwp%2Fv2%2Fmedia&parent=15866"}],"wp:term":[{"taxonomy":"category","embeddable":true,"href":"https:\/\/pc.sc.gov.br\/index.php?rest_route=%2Fwp%2Fv2%2Fcategories&post=15866"},{"taxonomy":"post_tag","embeddable":true,"href":"https:\/\/pc.sc.gov.br\/index.php?rest_route=%2Fwp%2Fv2%2Ftags&post=15866"}],"curies":[{"name":"wp","href":"https:\/\/api.w.org\/{rel}","templated":true}]}}