{"id":15908,"date":"2023-12-11T16:23:02","date_gmt":"2023-12-11T19:23:02","guid":{"rendered":"https:\/\/pc.sc.gov.br\/?p=15908"},"modified":"2023-12-11T16:39:04","modified_gmt":"2023-12-11T19:39:04","slug":"3a-decor-deflagra-segunda-fase-da-operacao-profusao-em-joinville","status":"publish","type":"post","link":"https:\/\/pc.sc.gov.br\/?p=15908","title":{"rendered":"3\u00aa DECOR deflagra segunda fase da opera\u00e7\u00e3o &#8220;Profus\u00e3o&#8221; em Joinville"},"content":{"rendered":"\t\t<div data-elementor-type=\"wp-post\" data-elementor-id=\"15908\" class=\"elementor elementor-15908\" data-elementor-post-type=\"post\">\n\t\t\t\t\t\t<section class=\"elementor-section elementor-top-section elementor-element elementor-element-0db35c6 elementor-section-boxed elementor-section-height-default elementor-section-height-default\" data-id=\"0db35c6\" data-element_type=\"section\">\n\t\t\t\t\t\t<div class=\"elementor-container elementor-column-gap-default\">\n\t\t\t\t\t<div class=\"elementor-column elementor-col-100 elementor-top-column elementor-element elementor-element-c079a2b\" data-id=\"c079a2b\" data-element_type=\"column\">\n\t\t\t<div class=\"elementor-widget-wrap elementor-element-populated\">\n\t\t\t\t\t\t<div class=\"elementor-element elementor-element-112c077 elementor-widget elementor-widget-heading\" data-id=\"112c077\" data-element_type=\"widget\" data-widget_type=\"heading.default\">\n\t\t\t\t<div class=\"elementor-widget-container\">\n\t\t\t\t\t<h2 class=\"elementor-heading-title elementor-size-default\">3\u00aa DECOR deflagra segunda fase da opera\u00e7\u00e3o Profus\u00e3o em Joinville<\/h2>\t\t\t\t<\/div>\n\t\t\t\t<\/div>\n\t\t\t\t\t<\/div>\n\t\t<\/div>\n\t\t\t\t\t<\/div>\n\t\t<\/section>\n\t\t\t\t<section class=\"elementor-section elementor-top-section elementor-element elementor-element-734f830 elementor-section-boxed elementor-section-height-default elementor-section-height-default\" data-id=\"734f830\" data-element_type=\"section\">\n\t\t\t\t\t\t<div class=\"elementor-container elementor-column-gap-default\">\n\t\t\t\t\t<div class=\"elementor-column elementor-col-100 elementor-top-column elementor-element elementor-element-611829e\" data-id=\"611829e\" data-element_type=\"column\">\n\t\t\t<div class=\"elementor-widget-wrap elementor-element-populated\">\n\t\t\t\t\t\t<div class=\"elementor-element elementor-element-cf080ae elementor-widget elementor-widget-image\" data-id=\"cf080ae\" data-element_type=\"widget\" data-widget_type=\"image.default\">\n\t\t\t\t<div class=\"elementor-widget-container\">\n\t\t\t\t\t\t\t\t\t\t\t\t\t\t\t<img fetchpriority=\"high\" decoding=\"async\" width=\"696\" height=\"326\" src=\"https:\/\/pc.sc.gov.br\/\/wp-content\/uploads\/2023\/12\/04430082-4a90-42bc-b4ab-7f4ad9241216-fotor-20231211162357-1024x479.jpg\" class=\"attachment-large size-large wp-image-15917\" alt=\"\" srcset=\"https:\/\/pc.sc.gov.br\/\/wp-content\/uploads\/2023\/12\/04430082-4a90-42bc-b4ab-7f4ad9241216-fotor-20231211162357-1024x479.jpg 1024w, https:\/\/pc.sc.gov.br\/\/wp-content\/uploads\/2023\/12\/04430082-4a90-42bc-b4ab-7f4ad9241216-fotor-20231211162357-300x140.jpg 300w, https:\/\/pc.sc.gov.br\/\/wp-content\/uploads\/2023\/12\/04430082-4a90-42bc-b4ab-7f4ad9241216-fotor-20231211162357-768x359.jpg 768w, https:\/\/pc.sc.gov.br\/\/wp-content\/uploads\/2023\/12\/04430082-4a90-42bc-b4ab-7f4ad9241216-fotor-20231211162357.jpg 1531w\" sizes=\"(max-width: 696px) 100vw, 696px\" \/>\t\t\t\t\t\t\t\t\t\t\t\t\t\t\t<\/div>\n\t\t\t\t<\/div>\n\t\t\t\t\t<\/div>\n\t\t<\/div>\n\t\t\t\t\t<\/div>\n\t\t<\/section>\n\t\t\t\t<section class=\"elementor-section elementor-top-section elementor-element elementor-element-2064cab elementor-section-boxed elementor-section-height-default elementor-section-height-default\" data-id=\"2064cab\" data-element_type=\"section\">\n\t\t\t\t\t\t<div class=\"elementor-container elementor-column-gap-default\">\n\t\t\t\t\t<div class=\"elementor-column elementor-col-100 elementor-top-column elementor-element elementor-element-2539cbe\" data-id=\"2539cbe\" data-element_type=\"column\">\n\t\t\t<div class=\"elementor-widget-wrap elementor-element-populated\">\n\t\t\t\t\t\t<div class=\"elementor-element elementor-element-cd93105 elementor-widget elementor-widget-text-editor\" data-id=\"cd93105\" data-element_type=\"widget\" data-widget_type=\"text-editor.default\">\n\t\t\t\t<div class=\"elementor-widget-container\">\n\t\t\t\t\t\t\t\t\t<p>Policiais civis da 3\u00aa Delegacia de Combate \u00e0 Corrup\u00e7\u00e3o (DECOR), com apoio de agentes policiais da 2\u00aa DRP, deflagraram a segunda fase da Opera\u00e7\u00e3o Profus\u00e3o, na quinta-feira (7), por meio da qual foram cumpridos dois mandados de pris\u00e3o preventiva.&nbsp;<span style=\"font-family: var( --e-global-typography-primary-font-family ), Sans-serif; font-size: var( --e-global-typography-primary-font-size ); font-weight: var( --e-global-typography-primary-font-weight ); letter-spacing: var( --e-global-typography-primary-letter-spacing );\">A primeira fase da Opera\u00e7\u00e3o Profus\u00e3o foi realizada na \u00faltima semana de novembro, no dia 30\/11\/2023, data em que foram cumpridos 14 mandados de busca e apreens\u00e3o, dois mandados de pris\u00e3o e duas ordens de suspens\u00e3o do exerc\u00edcio de atividade econ\u00f4mica, nas cidades de Joinville e Araquari.<\/span><\/p>\n<p>As dilig\u00eancias realizadas na sexta-feira se deram ap\u00f3s a descoberta de novos elementos probat\u00f3rios que puderam demonstrar, de forma ainda mais contundente, a atua\u00e7\u00e3o do grupo criminoso mediante o cometimento de crimes de falsidade ideol\u00f3gica, inser\u00e7\u00e3o de dados falsos em sistema de informa\u00e7\u00f5es e organiza\u00e7\u00e3o criminosa, perpetrados, em tese, por agentes p\u00fablicos em conluio com intermediadores particulares.<\/p>\n<p>Um dos investigados presos \u00e9 ocupante do cargo de vereador de Joinville que e foi detido na \u00e1rea externa da C\u00e2mara do munic\u00edpio e encaminhado \u00e0 sede da 3\u00aa DECOR para o prosseguimento nos procedimentos de Pol\u00edcia Judici\u00e1ria.&nbsp;<span style=\"font-family: var( --e-global-typography-primary-font-family ), Sans-serif; font-size: var( --e-global-typography-primary-font-size ); font-weight: var( --e-global-typography-primary-font-weight ); letter-spacing: var( --e-global-typography-primary-letter-spacing );\">A investiga\u00e7\u00e3o prossegue por meio da 3\u00aa DECOR, que segue analisando os diversos materiais apreendidos quando da deflagra\u00e7\u00e3o inicial da opera\u00e7\u00e3o policial.<\/span><\/p>\n<div>&nbsp;<\/div>\t\t\t\t\t\t\t\t<\/div>\n\t\t\t\t<\/div>\n\t\t\t\t\t<\/div>\n\t\t<\/div>\n\t\t\t\t\t<\/div>\n\t\t<\/section>\n\t\t\t\t<\/div>\n\t\t","protected":false},"excerpt":{"rendered":"<p>3\u00aa DECOR deflagra segunda fase da opera\u00e7\u00e3o Profus\u00e3o em Joinville Policiais civis da 3\u00aa Delegacia de Combate \u00e0 Corrup\u00e7\u00e3o (DECOR), com apoio de agentes policiais da 2\u00aa DRP, deflagraram a segunda fase da Opera\u00e7\u00e3o Profus\u00e3o, na quinta-feira (7), por meio da qual foram cumpridos dois mandados de pris\u00e3o preventiva.&nbsp;A primeira fase da Opera\u00e7\u00e3o Profus\u00e3o foi [&hellip;]<\/p>\n","protected":false},"author":5,"featured_media":15910,"comment_status":"closed","ping_status":"open","sticky":false,"template":"","format":"standard","meta":{"_monsterinsights_skip_tracking":false,"_monsterinsights_sitenote_active":false,"_monsterinsights_sitenote_note":"","_monsterinsights_sitenote_category":0,"footnotes":""},"categories":[1],"tags":[],"class_list":["post-15908","post","type-post","status-publish","format-standard","has-post-thumbnail","hentry","category-sem-categoria"],"_links":{"self":[{"href":"https:\/\/pc.sc.gov.br\/index.php?rest_route=\/wp\/v2\/posts\/15908","targetHints":{"allow":["GET"]}}],"collection":[{"href":"https:\/\/pc.sc.gov.br\/index.php?rest_route=\/wp\/v2\/posts"}],"about":[{"href":"https:\/\/pc.sc.gov.br\/index.php?rest_route=\/wp\/v2\/types\/post"}],"author":[{"embeddable":true,"href":"https:\/\/pc.sc.gov.br\/index.php?rest_route=\/wp\/v2\/users\/5"}],"replies":[{"embeddable":true,"href":"https:\/\/pc.sc.gov.br\/index.php?rest_route=%2Fwp%2Fv2%2Fcomments&post=15908"}],"version-history":[{"count":7,"href":"https:\/\/pc.sc.gov.br\/index.php?rest_route=\/wp\/v2\/posts\/15908\/revisions"}],"predecessor-version":[{"id":15923,"href":"https:\/\/pc.sc.gov.br\/index.php?rest_route=\/wp\/v2\/posts\/15908\/revisions\/15923"}],"wp:featuredmedia":[{"embeddable":true,"href":"https:\/\/pc.sc.gov.br\/index.php?rest_route=\/wp\/v2\/media\/15910"}],"wp:attachment":[{"href":"https:\/\/pc.sc.gov.br\/index.php?rest_route=%2Fwp%2Fv2%2Fmedia&parent=15908"}],"wp:term":[{"taxonomy":"category","embeddable":true,"href":"https:\/\/pc.sc.gov.br\/index.php?rest_route=%2Fwp%2Fv2%2Fcategories&post=15908"},{"taxonomy":"post_tag","embeddable":true,"href":"https:\/\/pc.sc.gov.br\/index.php?rest_route=%2Fwp%2Fv2%2Ftags&post=15908"}],"curies":[{"name":"wp","href":"https:\/\/api.w.org\/{rel}","templated":true}]}}