{"id":15909,"date":"2023-12-11T15:31:20","date_gmt":"2023-12-11T18:31:20","guid":{"rendered":"https:\/\/pc.sc.gov.br\/?p=15909"},"modified":"2023-12-11T15:32:23","modified_gmt":"2023-12-11T18:32:23","slug":"draco-deic-apreende-carro-de-luxo-de-uma-organizacao-criminosa","status":"publish","type":"post","link":"https:\/\/pc.sc.gov.br\/?p=15909","title":{"rendered":"DRACO\/DEIC apreende carro de luxo de uma organiza\u00e7\u00e3o criminosa"},"content":{"rendered":"\t\t<div data-elementor-type=\"wp-post\" data-elementor-id=\"15909\" class=\"elementor elementor-15909\" data-elementor-post-type=\"post\">\n\t\t\t\t\t\t<section class=\"elementor-section elementor-top-section elementor-element elementor-element-b9c3440 elementor-section-boxed elementor-section-height-default elementor-section-height-default\" data-id=\"b9c3440\" data-element_type=\"section\">\n\t\t\t\t\t\t<div class=\"elementor-container elementor-column-gap-default\">\n\t\t\t\t\t<div class=\"elementor-column elementor-col-100 elementor-top-column elementor-element elementor-element-a8e1743\" data-id=\"a8e1743\" data-element_type=\"column\">\n\t\t\t<div class=\"elementor-widget-wrap elementor-element-populated\">\n\t\t\t\t\t\t<div class=\"elementor-element elementor-element-88ae248 elementor-widget elementor-widget-heading\" data-id=\"88ae248\" data-element_type=\"widget\" data-widget_type=\"heading.default\">\n\t\t\t\t<div class=\"elementor-widget-container\">\n\t\t\t\t\t<h2 class=\"elementor-heading-title elementor-size-default\">DRACO\/DEIC apreende carro de luxo de uma organiza\u00e7\u00e3o criminosa<\/h2>\t\t\t\t<\/div>\n\t\t\t\t<\/div>\n\t\t\t\t\t<\/div>\n\t\t<\/div>\n\t\t\t\t\t<\/div>\n\t\t<\/section>\n\t\t\t\t<section class=\"elementor-section elementor-top-section elementor-element elementor-element-7a4628f elementor-section-boxed elementor-section-height-default elementor-section-height-default\" data-id=\"7a4628f\" data-element_type=\"section\">\n\t\t\t\t\t\t<div class=\"elementor-container elementor-column-gap-default\">\n\t\t\t\t\t<div class=\"elementor-column elementor-col-100 elementor-top-column elementor-element elementor-element-07a549e\" data-id=\"07a549e\" data-element_type=\"column\">\n\t\t\t<div class=\"elementor-widget-wrap elementor-element-populated\">\n\t\t\t\t\t\t<div class=\"elementor-element elementor-element-235403d elementor-widget elementor-widget-image\" data-id=\"235403d\" data-element_type=\"widget\" data-widget_type=\"image.default\">\n\t\t\t\t<div class=\"elementor-widget-container\">\n\t\t\t\t\t\t\t\t\t\t\t\t\t\t\t<img fetchpriority=\"high\" decoding=\"async\" width=\"696\" height=\"449\" src=\"https:\/\/pc.sc.gov.br\/\/wp-content\/uploads\/2023\/12\/WhatsApp-Image-2023-12-09-at-14.58.10-1024x661.jpeg\" class=\"attachment-large size-large wp-image-15912\" alt=\"\" srcset=\"https:\/\/pc.sc.gov.br\/\/wp-content\/uploads\/2023\/12\/WhatsApp-Image-2023-12-09-at-14.58.10-1024x661.jpeg 1024w, https:\/\/pc.sc.gov.br\/\/wp-content\/uploads\/2023\/12\/WhatsApp-Image-2023-12-09-at-14.58.10-300x194.jpeg 300w, https:\/\/pc.sc.gov.br\/\/wp-content\/uploads\/2023\/12\/WhatsApp-Image-2023-12-09-at-14.58.10-768x496.jpeg 768w, https:\/\/pc.sc.gov.br\/\/wp-content\/uploads\/2023\/12\/WhatsApp-Image-2023-12-09-at-14.58.10-1536x992.jpeg 1536w, https:\/\/pc.sc.gov.br\/\/wp-content\/uploads\/2023\/12\/WhatsApp-Image-2023-12-09-at-14.58.10.jpeg 1597w\" sizes=\"(max-width: 696px) 100vw, 696px\" \/>\t\t\t\t\t\t\t\t\t\t\t\t\t\t\t<\/div>\n\t\t\t\t<\/div>\n\t\t\t\t\t<\/div>\n\t\t<\/div>\n\t\t\t\t\t<\/div>\n\t\t<\/section>\n\t\t\t\t<section class=\"elementor-section elementor-top-section elementor-element elementor-element-34e74c1 elementor-section-boxed elementor-section-height-default elementor-section-height-default\" data-id=\"34e74c1\" data-element_type=\"section\">\n\t\t\t\t\t\t<div class=\"elementor-container elementor-column-gap-default\">\n\t\t\t\t\t<div class=\"elementor-column elementor-col-100 elementor-top-column elementor-element elementor-element-31a713a\" data-id=\"31a713a\" data-element_type=\"column\">\n\t\t\t<div class=\"elementor-widget-wrap elementor-element-populated\">\n\t\t\t\t\t\t<div class=\"elementor-element elementor-element-55844bc elementor-widget elementor-widget-text-editor\" data-id=\"55844bc\" data-element_type=\"widget\" data-widget_type=\"text-editor.default\">\n\t\t\t\t<div class=\"elementor-widget-container\">\n\t\t\t\t\t\t\t\t\t<p>A Pol\u00edcia Civil de Santa Catarina, por meio da Delegacia de Repress\u00e3o ao Crime Organizado da Diretoria Estadual de Investiga\u00e7\u00f5es Criminais, apreendeu com o apoio da Pol\u00edcia Militar de S\u00e3o Francisco do Sul, com carro da marca BMW pertencente \u00e0 organiza\u00e7\u00e3o criminosa investigada. <br \/>Ap\u00f3s monitoramento realizado pela equipe da DRACO, verificou-se que o ve\u00edculo estava circulando em S\u00e3o Francisco do Sul. Diante disso, foi solicitado apoio da Pol\u00edcia Militar e o ve\u00edculo foi localizado e apreendido, sendo encaminhado para a DEIC para os procedimentos legais.<br \/>O ve\u00edculo foi apreendido em raz\u00e3o decis\u00e3o judicial de sequestro de bens decorrente de investiga\u00e7\u00e3o da DRACO que culminou na deflagra\u00e7\u00e3o da opera\u00e7\u00e3o policial \u201cPlanalto 01\u201d, ocorrida em 16 de novembro na regi\u00e3o norte do Estado.<br \/>Em raz\u00e3o da opera\u00e7\u00e3o policial \u201cPlanalto 01\u201d, foram apreendidos, at\u00e9 o momento, quatro ve\u00edculos de luxo utilizados pelo grupo, al\u00e9m de grande quantidade de drogas. No ano de 2023, a DRACO j\u00e1 deflagrou mais de 25 opera\u00e7\u00f5es policiais no Estado de Santa Catarina.<\/p><p>\u00a0<\/p>\t\t\t\t\t\t\t\t<\/div>\n\t\t\t\t<\/div>\n\t\t\t\t\t<\/div>\n\t\t<\/div>\n\t\t\t\t\t<\/div>\n\t\t<\/section>\n\t\t\t\t<\/div>\n\t\t","protected":false},"excerpt":{"rendered":"<p>DRACO\/DEIC apreende carro de luxo de uma organiza\u00e7\u00e3o criminosa A Pol\u00edcia Civil de Santa Catarina, por meio da Delegacia de Repress\u00e3o ao Crime Organizado da Diretoria Estadual de Investiga\u00e7\u00f5es Criminais, apreendeu com o apoio da Pol\u00edcia Militar de S\u00e3o Francisco do Sul, com carro da marca BMW pertencente \u00e0 organiza\u00e7\u00e3o criminosa investigada. Ap\u00f3s monitoramento realizado [&hellip;]<\/p>\n","protected":false},"author":5,"featured_media":15912,"comment_status":"closed","ping_status":"open","sticky":false,"template":"","format":"standard","meta":{"_monsterinsights_skip_tracking":false,"_monsterinsights_sitenote_active":false,"_monsterinsights_sitenote_note":"","_monsterinsights_sitenote_category":0,"footnotes":""},"categories":[1],"tags":[],"class_list":["post-15909","post","type-post","status-publish","format-standard","has-post-thumbnail","hentry","category-sem-categoria"],"_links":{"self":[{"href":"https:\/\/pc.sc.gov.br\/index.php?rest_route=\/wp\/v2\/posts\/15909","targetHints":{"allow":["GET"]}}],"collection":[{"href":"https:\/\/pc.sc.gov.br\/index.php?rest_route=\/wp\/v2\/posts"}],"about":[{"href":"https:\/\/pc.sc.gov.br\/index.php?rest_route=\/wp\/v2\/types\/post"}],"author":[{"embeddable":true,"href":"https:\/\/pc.sc.gov.br\/index.php?rest_route=\/wp\/v2\/users\/5"}],"replies":[{"embeddable":true,"href":"https:\/\/pc.sc.gov.br\/index.php?rest_route=%2Fwp%2Fv2%2Fcomments&post=15909"}],"version-history":[{"count":4,"href":"https:\/\/pc.sc.gov.br\/index.php?rest_route=\/wp\/v2\/posts\/15909\/revisions"}],"predecessor-version":[{"id":15916,"href":"https:\/\/pc.sc.gov.br\/index.php?rest_route=\/wp\/v2\/posts\/15909\/revisions\/15916"}],"wp:featuredmedia":[{"embeddable":true,"href":"https:\/\/pc.sc.gov.br\/index.php?rest_route=\/wp\/v2\/media\/15912"}],"wp:attachment":[{"href":"https:\/\/pc.sc.gov.br\/index.php?rest_route=%2Fwp%2Fv2%2Fmedia&parent=15909"}],"wp:term":[{"taxonomy":"category","embeddable":true,"href":"https:\/\/pc.sc.gov.br\/index.php?rest_route=%2Fwp%2Fv2%2Fcategories&post=15909"},{"taxonomy":"post_tag","embeddable":true,"href":"https:\/\/pc.sc.gov.br\/index.php?rest_route=%2Fwp%2Fv2%2Ftags&post=15909"}],"curies":[{"name":"wp","href":"https:\/\/api.w.org\/{rel}","templated":true}]}}