{"id":15936,"date":"2023-12-11T19:21:48","date_gmt":"2023-12-11T22:21:48","guid":{"rendered":"https:\/\/pc.sc.gov.br\/?p=15936"},"modified":"2023-12-11T19:23:12","modified_gmt":"2023-12-11T22:23:12","slug":"dpcami-de-ararangua-inaugura-memorial-pelas-vidas-das-52-vitimas-de-feminicidio-de-sc-em-2023","status":"publish","type":"post","link":"https:\/\/pc.sc.gov.br\/?p=15936","title":{"rendered":"DPCAMI de Ararangu\u00e1 inaugura memorial pelas vidas das 52 v\u00edtimas de feminic\u00eddio de SC em 2023"},"content":{"rendered":"\t\t<div data-elementor-type=\"wp-post\" data-elementor-id=\"15936\" class=\"elementor elementor-15936\" data-elementor-post-type=\"post\">\n\t\t\t\t\t\t<section class=\"elementor-section elementor-top-section elementor-element elementor-element-b125057 elementor-section-boxed elementor-section-height-default elementor-section-height-default\" data-id=\"b125057\" data-element_type=\"section\">\n\t\t\t\t\t\t<div class=\"elementor-container elementor-column-gap-default\">\n\t\t\t\t\t<div class=\"elementor-column elementor-col-100 elementor-top-column elementor-element elementor-element-02e894e\" data-id=\"02e894e\" data-element_type=\"column\">\n\t\t\t<div class=\"elementor-widget-wrap elementor-element-populated\">\n\t\t\t\t\t\t<div class=\"elementor-element elementor-element-da1c503 elementor-widget elementor-widget-heading\" data-id=\"da1c503\" data-element_type=\"widget\" data-widget_type=\"heading.default\">\n\t\t\t\t<div class=\"elementor-widget-container\">\n\t\t\t\t\t<h2 class=\"elementor-heading-title elementor-size-default\">DPCAMI de Ararangu\u00e1 inaugura memorial pelas vidas das 52 v\u00edtimas de feminic\u00eddio de SC em 2023<\/h2>\t\t\t\t<\/div>\n\t\t\t\t<\/div>\n\t\t\t\t\t<\/div>\n\t\t<\/div>\n\t\t\t\t\t<\/div>\n\t\t<\/section>\n\t\t\t\t<section class=\"elementor-section elementor-top-section elementor-element elementor-element-1385ef0 elementor-section-boxed elementor-section-height-default elementor-section-height-default\" data-id=\"1385ef0\" data-element_type=\"section\">\n\t\t\t\t\t\t<div class=\"elementor-container elementor-column-gap-default\">\n\t\t\t\t\t<div class=\"elementor-column elementor-col-100 elementor-top-column elementor-element elementor-element-bcdedfc\" data-id=\"bcdedfc\" data-element_type=\"column\">\n\t\t\t<div class=\"elementor-widget-wrap elementor-element-populated\">\n\t\t\t\t\t\t<div class=\"elementor-element elementor-element-57d7cad elementor-widget elementor-widget-image\" data-id=\"57d7cad\" data-element_type=\"widget\" data-widget_type=\"image.default\">\n\t\t\t\t<div class=\"elementor-widget-container\">\n\t\t\t\t\t\t\t\t\t\t\t\t\t\t\t<img fetchpriority=\"high\" decoding=\"async\" width=\"696\" height=\"496\" src=\"https:\/\/pc.sc.gov.br\/\/wp-content\/uploads\/2023\/12\/WhatsApp-Image-2023-12-11-at-18.56.37-1024x730.jpeg\" class=\"attachment-large size-large wp-image-15938\" alt=\"\" srcset=\"https:\/\/pc.sc.gov.br\/\/wp-content\/uploads\/2023\/12\/WhatsApp-Image-2023-12-11-at-18.56.37-1024x730.jpeg 1024w, https:\/\/pc.sc.gov.br\/\/wp-content\/uploads\/2023\/12\/WhatsApp-Image-2023-12-11-at-18.56.37-300x214.jpeg 300w, https:\/\/pc.sc.gov.br\/\/wp-content\/uploads\/2023\/12\/WhatsApp-Image-2023-12-11-at-18.56.37-768x548.jpeg 768w, https:\/\/pc.sc.gov.br\/\/wp-content\/uploads\/2023\/12\/WhatsApp-Image-2023-12-11-at-18.56.37.jpeg 1280w\" sizes=\"(max-width: 696px) 100vw, 696px\" \/>\t\t\t\t\t\t\t\t\t\t\t\t\t\t\t<\/div>\n\t\t\t\t<\/div>\n\t\t\t\t\t<\/div>\n\t\t<\/div>\n\t\t\t\t\t<\/div>\n\t\t<\/section>\n\t\t\t\t<section class=\"elementor-section elementor-top-section elementor-element elementor-element-f72349e elementor-section-boxed elementor-section-height-default elementor-section-height-default\" data-id=\"f72349e\" data-element_type=\"section\">\n\t\t\t\t\t\t<div class=\"elementor-container elementor-column-gap-default\">\n\t\t\t\t\t<div class=\"elementor-column elementor-col-100 elementor-top-column elementor-element elementor-element-6675511\" data-id=\"6675511\" data-element_type=\"column\">\n\t\t\t<div class=\"elementor-widget-wrap elementor-element-populated\">\n\t\t\t\t\t\t<div class=\"elementor-element elementor-element-3530e07 elementor-widget elementor-widget-text-editor\" data-id=\"3530e07\" data-element_type=\"widget\" data-widget_type=\"text-editor.default\">\n\t\t\t\t<div class=\"elementor-widget-container\">\n\t\t\t\t\t\t\t\t\t<p>Nesta segunda-feira (11), a Delegacia de Prote\u00e7\u00e3o \u00e0 Crian\u00e7a, ao Adolescente, \u00e0 Mulher e ao Idoso de Ararangu\u00e1 inaugurou um memorial pelas vidas das 52 v\u00edtimas de feminic\u00eddios no ano de 2023, em Santa Catarina. No muro da DPCAMI, foram afixados sapatos com indica\u00e7\u00e3o dos munic\u00edpios em que as v\u00edtimas morreram e as datas. A iniciativa foi da delegada titular da unidade especializada, Eliane Chaves.<span style=\"font-family: var( --e-global-typography-primary-font-family ), Sans-serif; font-size: var( --e-global-typography-primary-font-size ); font-weight: var( --e-global-typography-primary-font-weight ); letter-spacing: var( --e-global-typography-primary-letter-spacing );\">&nbsp;<\/span><\/p><p>\u201c\u00c9 muito importante que n\u00f3s possamos olhar para essa imagem impactante, que cada par de sapatos lembra uma v\u00edtima de feminic\u00eddio aqui em nosso estado, para que n\u00f3s possamos refletir sobre a origem dessa viol\u00eancia e pensar qual \u00e9 o papel de cada um de n\u00f3s no enfrentamento a essa viol\u00eancia t\u00e3o cruel que acaba n\u00e3o s\u00f3 atingindo todas as mulheres, mas tamb\u00e9m a fam\u00edlia e toda a sociedade catarinense\u201d, destaca a delegada Eliane.<br><span style=\"font-family: var( --e-global-typography-primary-font-family ), Sans-serif; font-size: var( --e-global-typography-primary-font-size ); font-weight: var( --e-global-typography-primary-font-weight ); letter-spacing: var( --e-global-typography-primary-letter-spacing );\"><br>Escrito no muro da delegacia e na mente de todos que passam pelo local fica o questionamento \u201cPor que os homens matam as mulheres?\u201d.<\/span><br><\/p>\t\t\t\t\t\t\t\t<\/div>\n\t\t\t\t<\/div>\n\t\t\t\t\t<\/div>\n\t\t<\/div>\n\t\t\t\t\t<\/div>\n\t\t<\/section>\n\t\t\t\t<\/div>\n\t\t","protected":false},"excerpt":{"rendered":"<p>DPCAMI de Ararangu\u00e1 inaugura memorial pelas vidas das 52 v\u00edtimas de feminic\u00eddio de SC em 2023 Nesta segunda-feira (11), a Delegacia de Prote\u00e7\u00e3o \u00e0 Crian\u00e7a, ao Adolescente, \u00e0 Mulher e ao Idoso de Ararangu\u00e1 inaugurou um memorial pelas vidas das 52 v\u00edtimas de feminic\u00eddios no ano de 2023, em Santa Catarina. No muro da DPCAMI, [&hellip;]<\/p>\n","protected":false},"author":5,"featured_media":15938,"comment_status":"closed","ping_status":"open","sticky":false,"template":"","format":"standard","meta":{"_monsterinsights_skip_tracking":false,"_monsterinsights_sitenote_active":false,"_monsterinsights_sitenote_note":"","_monsterinsights_sitenote_category":0,"footnotes":""},"categories":[1],"tags":[],"class_list":["post-15936","post","type-post","status-publish","format-standard","has-post-thumbnail","hentry","category-sem-categoria"],"_links":{"self":[{"href":"https:\/\/pc.sc.gov.br\/index.php?rest_route=\/wp\/v2\/posts\/15936","targetHints":{"allow":["GET"]}}],"collection":[{"href":"https:\/\/pc.sc.gov.br\/index.php?rest_route=\/wp\/v2\/posts"}],"about":[{"href":"https:\/\/pc.sc.gov.br\/index.php?rest_route=\/wp\/v2\/types\/post"}],"author":[{"embeddable":true,"href":"https:\/\/pc.sc.gov.br\/index.php?rest_route=\/wp\/v2\/users\/5"}],"replies":[{"embeddable":true,"href":"https:\/\/pc.sc.gov.br\/index.php?rest_route=%2Fwp%2Fv2%2Fcomments&post=15936"}],"version-history":[{"count":4,"href":"https:\/\/pc.sc.gov.br\/index.php?rest_route=\/wp\/v2\/posts\/15936\/revisions"}],"predecessor-version":[{"id":15942,"href":"https:\/\/pc.sc.gov.br\/index.php?rest_route=\/wp\/v2\/posts\/15936\/revisions\/15942"}],"wp:featuredmedia":[{"embeddable":true,"href":"https:\/\/pc.sc.gov.br\/index.php?rest_route=\/wp\/v2\/media\/15938"}],"wp:attachment":[{"href":"https:\/\/pc.sc.gov.br\/index.php?rest_route=%2Fwp%2Fv2%2Fmedia&parent=15936"}],"wp:term":[{"taxonomy":"category","embeddable":true,"href":"https:\/\/pc.sc.gov.br\/index.php?rest_route=%2Fwp%2Fv2%2Fcategories&post=15936"},{"taxonomy":"post_tag","embeddable":true,"href":"https:\/\/pc.sc.gov.br\/index.php?rest_route=%2Fwp%2Fv2%2Ftags&post=15936"}],"curies":[{"name":"wp","href":"https:\/\/api.w.org\/{rel}","templated":true}]}}