{"id":15944,"date":"2023-12-12T19:08:57","date_gmt":"2023-12-12T22:08:57","guid":{"rendered":"https:\/\/pc.sc.gov.br\/?p=15944"},"modified":"2023-12-12T19:15:20","modified_gmt":"2023-12-12T22:15:20","slug":"em-chapeco-policia-civil-prende-empresario-pela-pratica-de-violencia-domestica-contra-esposa","status":"publish","type":"post","link":"https:\/\/pc.sc.gov.br\/?p=15944","title":{"rendered":"Em Chapec\u00f3, Pol\u00edcia Civil prende empres\u00e1rio pela pr\u00e1tica de viol\u00eancia dom\u00e9stica contra esposa"},"content":{"rendered":"\t\t<div data-elementor-type=\"wp-post\" data-elementor-id=\"15944\" class=\"elementor elementor-15944\" data-elementor-post-type=\"post\">\n\t\t\t\t\t\t<section class=\"elementor-section elementor-top-section elementor-element elementor-element-f0f6de1 elementor-section-boxed elementor-section-height-default elementor-section-height-default\" data-id=\"f0f6de1\" data-element_type=\"section\">\n\t\t\t\t\t\t<div class=\"elementor-container elementor-column-gap-default\">\n\t\t\t\t\t<div class=\"elementor-column elementor-col-100 elementor-top-column elementor-element elementor-element-763a0b7\" data-id=\"763a0b7\" data-element_type=\"column\">\n\t\t\t<div class=\"elementor-widget-wrap elementor-element-populated\">\n\t\t\t\t\t\t<div class=\"elementor-element elementor-element-87c0112 elementor-widget elementor-widget-heading\" data-id=\"87c0112\" data-element_type=\"widget\" data-widget_type=\"heading.default\">\n\t\t\t\t<div class=\"elementor-widget-container\">\n\t\t\t\t\t<h2 class=\"elementor-heading-title elementor-size-default\">Em Chapec\u00f3, Pol\u00edcia Civil prende empres\u00e1rio pela pr\u00e1tica de viol\u00eancia dom\u00e9stica contra esposa<\/h2>\t\t\t\t<\/div>\n\t\t\t\t<\/div>\n\t\t\t\t\t<\/div>\n\t\t<\/div>\n\t\t\t\t\t<\/div>\n\t\t<\/section>\n\t\t\t\t<section class=\"elementor-section elementor-top-section elementor-element elementor-element-913588a elementor-section-boxed elementor-section-height-default elementor-section-height-default\" data-id=\"913588a\" data-element_type=\"section\">\n\t\t\t\t\t\t<div class=\"elementor-container elementor-column-gap-default\">\n\t\t\t\t\t<div class=\"elementor-column elementor-col-100 elementor-top-column elementor-element elementor-element-230315e\" data-id=\"230315e\" data-element_type=\"column\">\n\t\t\t<div class=\"elementor-widget-wrap elementor-element-populated\">\n\t\t\t\t\t\t<div class=\"elementor-element elementor-element-43451e4 elementor-widget elementor-widget-image\" data-id=\"43451e4\" data-element_type=\"widget\" data-widget_type=\"image.default\">\n\t\t\t\t<div class=\"elementor-widget-container\">\n\t\t\t\t\t\t\t\t\t\t\t\t\t\t\t<img fetchpriority=\"high\" decoding=\"async\" width=\"696\" height=\"511\" src=\"https:\/\/pc.sc.gov.br\/\/wp-content\/uploads\/2023\/11\/CARRO-VIATUIRA-SIRENE-NOITE-POLICIA-CIVIL-PCSC-e1755805030931-1024x752.jpg\" class=\"attachment-large size-large wp-image-15215\" alt=\"\" srcset=\"https:\/\/pc.sc.gov.br\/\/wp-content\/uploads\/2023\/11\/CARRO-VIATUIRA-SIRENE-NOITE-POLICIA-CIVIL-PCSC-e1755805030931-1024x752.jpg 1024w, https:\/\/pc.sc.gov.br\/\/wp-content\/uploads\/2023\/11\/CARRO-VIATUIRA-SIRENE-NOITE-POLICIA-CIVIL-PCSC-e1755805030931-300x220.jpg 300w, https:\/\/pc.sc.gov.br\/\/wp-content\/uploads\/2023\/11\/CARRO-VIATUIRA-SIRENE-NOITE-POLICIA-CIVIL-PCSC-e1755805030931-768x564.jpg 768w, https:\/\/pc.sc.gov.br\/\/wp-content\/uploads\/2023\/11\/CARRO-VIATUIRA-SIRENE-NOITE-POLICIA-CIVIL-PCSC-e1755805030931.jpg 1280w\" sizes=\"(max-width: 696px) 100vw, 696px\" \/>\t\t\t\t\t\t\t\t\t\t\t\t\t\t\t<\/div>\n\t\t\t\t<\/div>\n\t\t\t\t\t<\/div>\n\t\t<\/div>\n\t\t\t\t\t<\/div>\n\t\t<\/section>\n\t\t\t\t<section class=\"elementor-section elementor-top-section elementor-element elementor-element-b81339f elementor-section-boxed elementor-section-height-default elementor-section-height-default\" data-id=\"b81339f\" data-element_type=\"section\">\n\t\t\t\t\t\t<div class=\"elementor-container elementor-column-gap-default\">\n\t\t\t\t\t<div class=\"elementor-column elementor-col-100 elementor-top-column elementor-element elementor-element-b8cede5\" data-id=\"b8cede5\" data-element_type=\"column\">\n\t\t\t<div class=\"elementor-widget-wrap elementor-element-populated\">\n\t\t\t\t\t\t<div class=\"elementor-element elementor-element-8a48df9 elementor-widget elementor-widget-text-editor\" data-id=\"8a48df9\" data-element_type=\"widget\" data-widget_type=\"text-editor.default\">\n\t\t\t\t<div class=\"elementor-widget-container\">\n\t\t\t\t\t\t\t\t\t<p>A Pol\u00edcia Civil de Chapec\u00f3, por meio da Delegacia de Prote\u00e7\u00e3o \u00e0 Crian\u00e7a, ao Adolescente, \u00e0 Mulher e ao Idoso (DPCAMI) prendeu preventivamente um homem por crimes em contexto de viol\u00eancia dom\u00e9stica praticados contra sua esposa.<\/p>\n<p>Inconformado com a separa\u00e7\u00e3o, o empres\u00e1rio passou a fazer amea\u00e7as de morte contra a esposa para que ela retomasse o relacionamento, chegou a descumprir medidas protetivas de urg\u00eancia fazendo contato com a v\u00edtima com essa finalidade, al\u00e9m de ter tentado incrimin\u00e1-la colocando drogas em seu ve\u00edculo e acionando a pol\u00edcia.<\/p>\n<p>Os fatos foram investigados e esclarecidos pela Pol\u00edcia Civil, raz\u00e3o pela qual a autoridade policial representou pela pris\u00e3o preventiva do criminoso, pedido deferido pelo Poder Judici\u00e1rio. O autor foi preso e encaminhado ao Sistema Penitenci\u00e1rio. O investigado foi indiciado pela Pol\u00edcia Civil pela pr\u00e1tica de, pelo menos, seis crimes, dentre eles amea\u00e7a, descumprimento de medidas protetivas de urg\u00eancia, denuncia\u00e7\u00e3o caluniosa, dentre outros.&nbsp;<span style=\"font-family: var( --e-global-typography-text-font-family ), Sans-serif; font-size: var( --e-global-typography-text-font-size );\">Outras condutas do suspeito ainda est\u00e3o sendo investigadas pela equipe da DPCAMI e podem resultar no agravamento da situa\u00e7\u00e3o do autor.<\/span><span style=\"color: var( --e-global-color-text ); font-family: var( --e-global-typography-primary-font-family ), Sans-serif; font-size: var( --e-global-typography-primary-font-size ); font-weight: var( --e-global-typography-primary-font-weight ); letter-spacing: var( --e-global-typography-primary-letter-spacing );\">&nbsp;<\/span><\/p>\t\t\t\t\t\t\t\t<\/div>\n\t\t\t\t<\/div>\n\t\t\t\t\t<\/div>\n\t\t<\/div>\n\t\t\t\t\t<\/div>\n\t\t<\/section>\n\t\t\t\t<\/div>\n\t\t","protected":false},"excerpt":{"rendered":"<p>Em Chapec\u00f3, Pol\u00edcia Civil prende empres\u00e1rio pela pr\u00e1tica de viol\u00eancia dom\u00e9stica contra esposa A Pol\u00edcia Civil de Chapec\u00f3, por meio da Delegacia de Prote\u00e7\u00e3o \u00e0 Crian\u00e7a, ao Adolescente, \u00e0 Mulher e ao Idoso (DPCAMI) prendeu preventivamente um homem por crimes em contexto de viol\u00eancia dom\u00e9stica praticados contra sua esposa. Inconformado com a separa\u00e7\u00e3o, o empres\u00e1rio [&hellip;]<\/p>\n","protected":false},"author":5,"featured_media":15215,"comment_status":"closed","ping_status":"open","sticky":false,"template":"","format":"standard","meta":{"_monsterinsights_skip_tracking":false,"_monsterinsights_sitenote_active":false,"_monsterinsights_sitenote_note":"","_monsterinsights_sitenote_category":0,"footnotes":""},"categories":[1],"tags":[],"class_list":["post-15944","post","type-post","status-publish","format-standard","has-post-thumbnail","hentry","category-sem-categoria"],"_links":{"self":[{"href":"https:\/\/pc.sc.gov.br\/index.php?rest_route=\/wp\/v2\/posts\/15944","targetHints":{"allow":["GET"]}}],"collection":[{"href":"https:\/\/pc.sc.gov.br\/index.php?rest_route=\/wp\/v2\/posts"}],"about":[{"href":"https:\/\/pc.sc.gov.br\/index.php?rest_route=\/wp\/v2\/types\/post"}],"author":[{"embeddable":true,"href":"https:\/\/pc.sc.gov.br\/index.php?rest_route=\/wp\/v2\/users\/5"}],"replies":[{"embeddable":true,"href":"https:\/\/pc.sc.gov.br\/index.php?rest_route=%2Fwp%2Fv2%2Fcomments&post=15944"}],"version-history":[{"count":3,"href":"https:\/\/pc.sc.gov.br\/index.php?rest_route=\/wp\/v2\/posts\/15944\/revisions"}],"predecessor-version":[{"id":15948,"href":"https:\/\/pc.sc.gov.br\/index.php?rest_route=\/wp\/v2\/posts\/15944\/revisions\/15948"}],"wp:featuredmedia":[{"embeddable":true,"href":"https:\/\/pc.sc.gov.br\/index.php?rest_route=\/wp\/v2\/media\/15215"}],"wp:attachment":[{"href":"https:\/\/pc.sc.gov.br\/index.php?rest_route=%2Fwp%2Fv2%2Fmedia&parent=15944"}],"wp:term":[{"taxonomy":"category","embeddable":true,"href":"https:\/\/pc.sc.gov.br\/index.php?rest_route=%2Fwp%2Fv2%2Fcategories&post=15944"},{"taxonomy":"post_tag","embeddable":true,"href":"https:\/\/pc.sc.gov.br\/index.php?rest_route=%2Fwp%2Fv2%2Ftags&post=15944"}],"curies":[{"name":"wp","href":"https:\/\/api.w.org\/{rel}","templated":true}]}}