{"id":15949,"date":"2023-12-12T19:39:42","date_gmt":"2023-12-12T22:39:42","guid":{"rendered":"https:\/\/pc.sc.gov.br\/?p=15949"},"modified":"2023-12-12T19:40:08","modified_gmt":"2023-12-12T22:40:08","slug":"dic-de-maravilha-prende-no-rs-foragido-pela-pratica-do-crime-de-estupro-contra-a-propria-sobrinha","status":"publish","type":"post","link":"https:\/\/pc.sc.gov.br\/?p=15949","title":{"rendered":"DIC de Maravilha prende no RS foragido pela pr\u00e1tica do crime de estupro contra a pr\u00f3pria sobrinha"},"content":{"rendered":"\t\t<div data-elementor-type=\"wp-post\" data-elementor-id=\"15949\" class=\"elementor elementor-15949\" data-elementor-post-type=\"post\">\n\t\t\t\t\t\t<section class=\"elementor-section elementor-top-section elementor-element elementor-element-f71dad5 elementor-section-boxed elementor-section-height-default elementor-section-height-default\" data-id=\"f71dad5\" data-element_type=\"section\">\n\t\t\t\t\t\t<div class=\"elementor-container elementor-column-gap-default\">\n\t\t\t\t\t<div class=\"elementor-column elementor-col-100 elementor-top-column elementor-element elementor-element-c54781d\" data-id=\"c54781d\" data-element_type=\"column\">\n\t\t\t<div class=\"elementor-widget-wrap elementor-element-populated\">\n\t\t\t\t\t\t<div class=\"elementor-element elementor-element-08aac1c elementor-widget elementor-widget-heading\" data-id=\"08aac1c\" data-element_type=\"widget\" data-widget_type=\"heading.default\">\n\t\t\t\t<div class=\"elementor-widget-container\">\n\t\t\t\t\t<h2 class=\"elementor-heading-title elementor-size-default\">DIC de Maravilha prende no RS foragido pela pr\u00e1tica do crime de estupro contra a pr\u00f3pria sobrinha<\/h2>\t\t\t\t<\/div>\n\t\t\t\t<\/div>\n\t\t\t\t\t<\/div>\n\t\t<\/div>\n\t\t\t\t\t<\/div>\n\t\t<\/section>\n\t\t\t\t<section class=\"elementor-section elementor-top-section elementor-element elementor-element-5271442 elementor-section-boxed elementor-section-height-default elementor-section-height-default\" data-id=\"5271442\" data-element_type=\"section\">\n\t\t\t\t\t\t<div class=\"elementor-container elementor-column-gap-default\">\n\t\t\t\t\t<div class=\"elementor-column elementor-col-100 elementor-top-column elementor-element elementor-element-539e089\" data-id=\"539e089\" data-element_type=\"column\">\n\t\t\t<div class=\"elementor-widget-wrap elementor-element-populated\">\n\t\t\t\t\t\t<div class=\"elementor-element elementor-element-bdf3a9e elementor-widget elementor-widget-image\" data-id=\"bdf3a9e\" data-element_type=\"widget\" data-widget_type=\"image.default\">\n\t\t\t\t<div class=\"elementor-widget-container\">\n\t\t\t\t\t\t\t\t\t\t\t\t\t\t\t<img fetchpriority=\"high\" decoding=\"async\" width=\"696\" height=\"753\" src=\"https:\/\/pc.sc.gov.br\/\/wp-content\/uploads\/2023\/12\/aabac463-b9c5-4b10-a85c-e829f0693c75-fotor-20231212193514.jpg\" class=\"attachment-large size-large wp-image-15950\" alt=\"\" srcset=\"https:\/\/pc.sc.gov.br\/\/wp-content\/uploads\/2023\/12\/aabac463-b9c5-4b10-a85c-e829f0693c75-fotor-20231212193514.jpg 735w, https:\/\/pc.sc.gov.br\/\/wp-content\/uploads\/2023\/12\/aabac463-b9c5-4b10-a85c-e829f0693c75-fotor-20231212193514-277x300.jpg 277w\" sizes=\"(max-width: 696px) 100vw, 696px\" \/>\t\t\t\t\t\t\t\t\t\t\t\t\t\t\t<\/div>\n\t\t\t\t<\/div>\n\t\t\t\t\t<\/div>\n\t\t<\/div>\n\t\t\t\t\t<\/div>\n\t\t<\/section>\n\t\t\t\t<section class=\"elementor-section elementor-top-section elementor-element elementor-element-4c8aa3b elementor-section-boxed elementor-section-height-default elementor-section-height-default\" data-id=\"4c8aa3b\" data-element_type=\"section\">\n\t\t\t\t\t\t<div class=\"elementor-container elementor-column-gap-default\">\n\t\t\t\t\t<div class=\"elementor-column elementor-col-100 elementor-top-column elementor-element elementor-element-39252cd\" data-id=\"39252cd\" data-element_type=\"column\">\n\t\t\t<div class=\"elementor-widget-wrap elementor-element-populated\">\n\t\t\t\t\t\t<div class=\"elementor-element elementor-element-c863967 elementor-widget elementor-widget-text-editor\" data-id=\"c863967\" data-element_type=\"widget\" data-widget_type=\"text-editor.default\">\n\t\t\t\t<div class=\"elementor-widget-container\">\n\t\t\t\t\t\t\t\t\t<p>A Pol\u00edcia Civil prendeu um homem que estava foragido pela pr\u00e1tica de reiterados crimes de estupro de vulner\u00e1vel contra a pr\u00f3pria sobrinha desde crian\u00e7a. Policiais da Divis\u00e3o de Investiga\u00e7\u00e3o Criminal (DIC) de Maravilha foram at\u00e9 Ira\u00ed, no Rio Grande Sul, onde encontraram o homem e realizaram a captura sem resist\u00eancia.<\/p>\n<p>O fato chegou ao conhecimento da Pol\u00edcia Civil no in\u00edcio deste ano e a investiga\u00e7\u00e3o foi realizada pela Delegacia de Pol\u00edcia da Comarca (DPCo) de Palmitos, a qual concluiu que o investigado abusou sexualmente da pr\u00f3pria sobrinha durante quase cinco anos consecutivamente, por v\u00e1rias vezes.<\/p>\n<p>Segundo apurado, durante contatos familiares, a menina foi v\u00edtima de atos libidinosos e sexuais dos nove aos 14 anos de idade em situa\u00e7\u00f5es diversas e reiteradas e somente se sentiu \u201cconfort\u00e1vel\u201d para relatar a situa\u00e7\u00e3o este ano, quando a fam\u00edlia se afastou da presen\u00e7a do autor.&nbsp;<\/p>\n<p>Durante a investiga\u00e7\u00e3o, o investigado chegou a amea\u00e7ar os pais da v\u00edtima com o intuito de constrang\u00ea-los a desvirtuar a comunica\u00e7\u00e3o do crime, ato que constitui outro delito, o de coa\u00e7\u00e3o no curso do processo, no caso, do inqu\u00e9rito policial.<\/p>\n<p>Os reiterados e graves crimes motivaram o pedido de pris\u00e3o preventiva do autor, o qual foi deferido pela ju\u00edza da Comarca de Palmitos. O homem \u00e9 natural de Ira\u00ed e possui hist\u00f3rico policial por suposto envolvimento em diversos delitos desde 2004 e foi encaminhado ao sistema prisional do Rio Grande do Sul.<span style=\"color: var( --e-global-color-text ); font-family: var( --e-global-typography-primary-font-family ), Sans-serif; font-size: var( --e-global-typography-primary-font-size ); font-weight: var( --e-global-typography-primary-font-weight ); letter-spacing: var( --e-global-typography-primary-letter-spacing );\">&nbsp;<\/span><\/p><p><span style=\"color: var( --e-global-color-text ); font-family: var( --e-global-typography-primary-font-family ), Sans-serif; font-size: var( --e-global-typography-primary-font-size ); font-weight: var( --e-global-typography-primary-font-weight ); letter-spacing: var( --e-global-typography-primary-letter-spacing );\">A seguir, o delegado Rodrigo Moura comenta a pris\u00e3o do investigado.<\/span><\/p>\t\t\t\t\t\t\t\t<\/div>\n\t\t\t\t<\/div>\n\t\t\t\t\t<\/div>\n\t\t<\/div>\n\t\t\t\t\t<\/div>\n\t\t<\/section>\n\t\t\t\t<section class=\"elementor-section elementor-top-section elementor-element elementor-element-86b7b35 elementor-section-boxed elementor-section-height-default elementor-section-height-default\" data-id=\"86b7b35\" data-element_type=\"section\">\n\t\t\t\t\t\t<div class=\"elementor-container elementor-column-gap-default\">\n\t\t\t\t\t<div class=\"elementor-column elementor-col-100 elementor-top-column elementor-element elementor-element-1254c8e\" data-id=\"1254c8e\" data-element_type=\"column\">\n\t\t\t<div class=\"elementor-widget-wrap elementor-element-populated\">\n\t\t\t\t\t\t<div class=\"elementor-element elementor-element-8d98bf7 elementor-widget elementor-widget-video\" data-id=\"8d98bf7\" data-element_type=\"widget\" data-settings=\"{&quot;video_type&quot;:&quot;hosted&quot;,&quot;controls&quot;:&quot;yes&quot;}\" data-widget_type=\"video.default\">\n\t\t\t\t<div class=\"elementor-widget-container\">\n\t\t\t\t\t\t\t<div class=\"e-hosted-video elementor-wrapper elementor-open-inline\">\n\t\t\t\t\t<video class=\"elementor-video\" src=\"https:\/\/pc.sc.gov.br\/wp-content\/uploads\/2023\/12\/WhatsApp-Video-2023-12-12-at-19.24.42.mp4\" controls=\"\" preload=\"metadata\"><\/video>\n\t\t\t\t<\/div>\n\t\t\t\t\t\t<\/div>\n\t\t\t\t<\/div>\n\t\t\t\t\t<\/div>\n\t\t<\/div>\n\t\t\t\t\t<\/div>\n\t\t<\/section>\n\t\t\t\t<\/div>\n\t\t","protected":false},"excerpt":{"rendered":"<p>DIC de Maravilha prende no RS foragido pela pr\u00e1tica do crime de estupro contra a pr\u00f3pria sobrinha A Pol\u00edcia Civil prendeu um homem que estava foragido pela pr\u00e1tica de reiterados crimes de estupro de vulner\u00e1vel contra a pr\u00f3pria sobrinha desde crian\u00e7a. Policiais da Divis\u00e3o de Investiga\u00e7\u00e3o Criminal (DIC) de Maravilha foram at\u00e9 Ira\u00ed, no Rio [&hellip;]<\/p>\n","protected":false},"author":5,"featured_media":15950,"comment_status":"closed","ping_status":"open","sticky":false,"template":"","format":"standard","meta":{"_monsterinsights_skip_tracking":false,"_monsterinsights_sitenote_active":false,"_monsterinsights_sitenote_note":"","_monsterinsights_sitenote_category":0,"footnotes":""},"categories":[1],"tags":[],"class_list":["post-15949","post","type-post","status-publish","format-standard","has-post-thumbnail","hentry","category-sem-categoria"],"_links":{"self":[{"href":"https:\/\/pc.sc.gov.br\/index.php?rest_route=\/wp\/v2\/posts\/15949","targetHints":{"allow":["GET"]}}],"collection":[{"href":"https:\/\/pc.sc.gov.br\/index.php?rest_route=\/wp\/v2\/posts"}],"about":[{"href":"https:\/\/pc.sc.gov.br\/index.php?rest_route=\/wp\/v2\/types\/post"}],"author":[{"embeddable":true,"href":"https:\/\/pc.sc.gov.br\/index.php?rest_route=\/wp\/v2\/users\/5"}],"replies":[{"embeddable":true,"href":"https:\/\/pc.sc.gov.br\/index.php?rest_route=%2Fwp%2Fv2%2Fcomments&post=15949"}],"version-history":[{"count":4,"href":"https:\/\/pc.sc.gov.br\/index.php?rest_route=\/wp\/v2\/posts\/15949\/revisions"}],"predecessor-version":[{"id":15955,"href":"https:\/\/pc.sc.gov.br\/index.php?rest_route=\/wp\/v2\/posts\/15949\/revisions\/15955"}],"wp:featuredmedia":[{"embeddable":true,"href":"https:\/\/pc.sc.gov.br\/index.php?rest_route=\/wp\/v2\/media\/15950"}],"wp:attachment":[{"href":"https:\/\/pc.sc.gov.br\/index.php?rest_route=%2Fwp%2Fv2%2Fmedia&parent=15949"}],"wp:term":[{"taxonomy":"category","embeddable":true,"href":"https:\/\/pc.sc.gov.br\/index.php?rest_route=%2Fwp%2Fv2%2Fcategories&post=15949"},{"taxonomy":"post_tag","embeddable":true,"href":"https:\/\/pc.sc.gov.br\/index.php?rest_route=%2Fwp%2Fv2%2Ftags&post=15949"}],"curies":[{"name":"wp","href":"https:\/\/api.w.org\/{rel}","templated":true}]}}