{"id":15956,"date":"2023-12-13T14:07:06","date_gmt":"2023-12-13T17:07:06","guid":{"rendered":"https:\/\/pc.sc.gov.br\/?p=15956"},"modified":"2023-12-13T14:08:14","modified_gmt":"2023-12-13T17:08:14","slug":"policia-civil-participa-de-palestra-e-treinamento-ministrados-pelo-consulado-geral-dos-eua-as-forcas-de-seguranca-de-itajai","status":"publish","type":"post","link":"https:\/\/pc.sc.gov.br\/?p=15956","title":{"rendered":"Pol\u00edcia Civil participa de palestra e treinamento ministrados pelo Consulado-Geral dos EUA \u00e0s for\u00e7as de seguran\u00e7a de Itaja\u00ed"},"content":{"rendered":"\t\t<div data-elementor-type=\"wp-post\" data-elementor-id=\"15956\" class=\"elementor elementor-15956\" data-elementor-post-type=\"post\">\n\t\t\t\t\t\t<section class=\"elementor-section elementor-top-section elementor-element elementor-element-e52d813 elementor-section-boxed elementor-section-height-default elementor-section-height-default\" data-id=\"e52d813\" data-element_type=\"section\">\n\t\t\t\t\t\t<div class=\"elementor-container elementor-column-gap-default\">\n\t\t\t\t\t<div class=\"elementor-column elementor-col-100 elementor-top-column elementor-element elementor-element-220a88c\" data-id=\"220a88c\" data-element_type=\"column\">\n\t\t\t<div class=\"elementor-widget-wrap elementor-element-populated\">\n\t\t\t\t\t\t<div class=\"elementor-element elementor-element-cc09761 elementor-widget elementor-widget-heading\" data-id=\"cc09761\" data-element_type=\"widget\" data-widget_type=\"heading.default\">\n\t\t\t\t<div class=\"elementor-widget-container\">\n\t\t\t\t\t<h2 class=\"elementor-heading-title elementor-size-default\">Pol\u00edcia Civil participa de palestra e treinamento ministrados pelo Consulado-Geral dos EUA \u00e0s for\u00e7as de seguran\u00e7a de Itaja\u00ed <\/h2>\t\t\t\t<\/div>\n\t\t\t\t<\/div>\n\t\t\t\t\t<\/div>\n\t\t<\/div>\n\t\t\t\t\t<\/div>\n\t\t<\/section>\n\t\t\t\t<section class=\"elementor-section elementor-top-section elementor-element elementor-element-3d195e5 elementor-section-boxed elementor-section-height-default elementor-section-height-default\" data-id=\"3d195e5\" data-element_type=\"section\">\n\t\t\t\t\t\t<div class=\"elementor-container elementor-column-gap-default\">\n\t\t\t\t\t<div class=\"elementor-column elementor-col-100 elementor-top-column elementor-element elementor-element-60ef610\" data-id=\"60ef610\" data-element_type=\"column\">\n\t\t\t<div class=\"elementor-widget-wrap elementor-element-populated\">\n\t\t\t\t\t\t<div class=\"elementor-element elementor-element-1649ded elementor-widget elementor-widget-image\" data-id=\"1649ded\" data-element_type=\"widget\" data-widget_type=\"image.default\">\n\t\t\t\t<div class=\"elementor-widget-container\">\n\t\t\t\t\t\t\t\t\t\t\t\t\t\t\t<img fetchpriority=\"high\" decoding=\"async\" width=\"696\" height=\"522\" src=\"https:\/\/pc.sc.gov.br\/\/wp-content\/uploads\/2023\/12\/WhatsApp-Image-2023-12-13-at-09.38.58-1024x768.jpeg\" class=\"attachment-large size-large wp-image-15958\" alt=\"\" srcset=\"https:\/\/pc.sc.gov.br\/\/wp-content\/uploads\/2023\/12\/WhatsApp-Image-2023-12-13-at-09.38.58-1024x768.jpeg 1024w, https:\/\/pc.sc.gov.br\/\/wp-content\/uploads\/2023\/12\/WhatsApp-Image-2023-12-13-at-09.38.58-300x225.jpeg 300w, https:\/\/pc.sc.gov.br\/\/wp-content\/uploads\/2023\/12\/WhatsApp-Image-2023-12-13-at-09.38.58-768x576.jpeg 768w, https:\/\/pc.sc.gov.br\/\/wp-content\/uploads\/2023\/12\/WhatsApp-Image-2023-12-13-at-09.38.58-1536x1152.jpeg 1536w, https:\/\/pc.sc.gov.br\/\/wp-content\/uploads\/2023\/12\/WhatsApp-Image-2023-12-13-at-09.38.58.jpeg 1600w\" sizes=\"(max-width: 696px) 100vw, 696px\" \/>\t\t\t\t\t\t\t\t\t\t\t\t\t\t\t<\/div>\n\t\t\t\t<\/div>\n\t\t\t\t\t<\/div>\n\t\t<\/div>\n\t\t\t\t\t<\/div>\n\t\t<\/section>\n\t\t\t\t<section class=\"elementor-section elementor-top-section elementor-element elementor-element-03c309d elementor-section-boxed elementor-section-height-default elementor-section-height-default\" data-id=\"03c309d\" data-element_type=\"section\">\n\t\t\t\t\t\t<div class=\"elementor-container elementor-column-gap-default\">\n\t\t\t\t\t<div class=\"elementor-column elementor-col-100 elementor-top-column elementor-element elementor-element-ec82f92\" data-id=\"ec82f92\" data-element_type=\"column\">\n\t\t\t<div class=\"elementor-widget-wrap elementor-element-populated\">\n\t\t\t\t\t\t<div class=\"elementor-element elementor-element-e98603a elementor-widget elementor-widget-text-editor\" data-id=\"e98603a\" data-element_type=\"widget\" data-widget_type=\"text-editor.default\">\n\t\t\t\t<div class=\"elementor-widget-container\">\n\t\t\t\t\t\t\t\t\t<p>Na ter\u00e7a-feira (12), a Pol\u00edcia Civil de Santa Catarina participou de palestra e treinamento ministrados pelo Consulado-Geral dos EUA (Porto Alegre), atrav\u00e9s do Servi\u00e7o de Seguran\u00e7a Diplom\u00e1tica, \u00e0s for\u00e7as de seguran\u00e7a de Itaja\u00ed. O curso teve por objetivo capacitar o efetivo policial local na detec\u00e7\u00e3o de fraudes e estreitar os la\u00e7os entre as institui\u00e7\u00f5es envolvidas.<br \/>Participaram do evento integrantes da Pol\u00edcia Civil, da Pol\u00edcia Federal, da Pol\u00edcia Militar, da Guarda Municipal, da Marinha do Brasil, da Pol\u00edcia Rodovi\u00e1ria Federal, do GAECO, do Aeroporto de Navegantes, das companhias a\u00e9reas e dos Portos da regi\u00e3o.<br \/>A Pol\u00edcia Civil de Santa Catarina deixa registrado o seu agradecimento aos servidores do Consulado-Geral dos EUA (Porto Alegre) pelo compartilhamento de conhecimento.<\/p>\t\t\t\t\t\t\t\t<\/div>\n\t\t\t\t<\/div>\n\t\t\t\t\t<\/div>\n\t\t<\/div>\n\t\t\t\t\t<\/div>\n\t\t<\/section>\n\t\t\t\t<section class=\"elementor-section elementor-top-section elementor-element elementor-element-2ea4519 elementor-section-boxed elementor-section-height-default elementor-section-height-default\" data-id=\"2ea4519\" data-element_type=\"section\">\n\t\t\t\t\t\t<div class=\"elementor-container elementor-column-gap-default\">\n\t\t\t\t\t<div class=\"elementor-column elementor-col-100 elementor-top-column elementor-element elementor-element-558f52e\" data-id=\"558f52e\" data-element_type=\"column\">\n\t\t\t<div class=\"elementor-widget-wrap elementor-element-populated\">\n\t\t\t\t\t\t<div class=\"elementor-element elementor-element-1fb33a2 elementor-widget elementor-widget-image\" data-id=\"1fb33a2\" data-element_type=\"widget\" data-widget_type=\"image.default\">\n\t\t\t\t<div class=\"elementor-widget-container\">\n\t\t\t\t\t\t\t\t\t\t\t\t\t\t\t<img decoding=\"async\" width=\"696\" height=\"522\" src=\"https:\/\/pc.sc.gov.br\/\/wp-content\/uploads\/2023\/12\/WhatsApp-Image-2023-12-13-at-09.38.50-1024x768.jpeg\" class=\"attachment-large size-large wp-image-15957\" alt=\"\" srcset=\"https:\/\/pc.sc.gov.br\/\/wp-content\/uploads\/2023\/12\/WhatsApp-Image-2023-12-13-at-09.38.50-1024x768.jpeg 1024w, https:\/\/pc.sc.gov.br\/\/wp-content\/uploads\/2023\/12\/WhatsApp-Image-2023-12-13-at-09.38.50-300x225.jpeg 300w, https:\/\/pc.sc.gov.br\/\/wp-content\/uploads\/2023\/12\/WhatsApp-Image-2023-12-13-at-09.38.50-768x576.jpeg 768w, https:\/\/pc.sc.gov.br\/\/wp-content\/uploads\/2023\/12\/WhatsApp-Image-2023-12-13-at-09.38.50-1536x1152.jpeg 1536w, https:\/\/pc.sc.gov.br\/\/wp-content\/uploads\/2023\/12\/WhatsApp-Image-2023-12-13-at-09.38.50.jpeg 1600w\" sizes=\"(max-width: 696px) 100vw, 696px\" \/>\t\t\t\t\t\t\t\t\t\t\t\t\t\t\t<\/div>\n\t\t\t\t<\/div>\n\t\t\t\t\t<\/div>\n\t\t<\/div>\n\t\t\t\t\t<\/div>\n\t\t<\/section>\n\t\t\t\t<\/div>\n\t\t","protected":false},"excerpt":{"rendered":"<p>Pol\u00edcia Civil participa de palestra e treinamento ministrados pelo Consulado-Geral dos EUA \u00e0s for\u00e7as de seguran\u00e7a de Itaja\u00ed Na ter\u00e7a-feira (12), a Pol\u00edcia Civil de Santa Catarina participou de palestra e treinamento ministrados pelo Consulado-Geral dos EUA (Porto Alegre), atrav\u00e9s do Servi\u00e7o de Seguran\u00e7a Diplom\u00e1tica, \u00e0s for\u00e7as de seguran\u00e7a de Itaja\u00ed. O curso teve por [&hellip;]<\/p>\n","protected":false},"author":5,"featured_media":15958,"comment_status":"closed","ping_status":"open","sticky":false,"template":"","format":"standard","meta":{"_monsterinsights_skip_tracking":false,"_monsterinsights_sitenote_active":false,"_monsterinsights_sitenote_note":"","_monsterinsights_sitenote_category":0,"footnotes":""},"categories":[1],"tags":[],"class_list":["post-15956","post","type-post","status-publish","format-standard","has-post-thumbnail","hentry","category-sem-categoria"],"_links":{"self":[{"href":"https:\/\/pc.sc.gov.br\/index.php?rest_route=\/wp\/v2\/posts\/15956","targetHints":{"allow":["GET"]}}],"collection":[{"href":"https:\/\/pc.sc.gov.br\/index.php?rest_route=\/wp\/v2\/posts"}],"about":[{"href":"https:\/\/pc.sc.gov.br\/index.php?rest_route=\/wp\/v2\/types\/post"}],"author":[{"embeddable":true,"href":"https:\/\/pc.sc.gov.br\/index.php?rest_route=\/wp\/v2\/users\/5"}],"replies":[{"embeddable":true,"href":"https:\/\/pc.sc.gov.br\/index.php?rest_route=%2Fwp%2Fv2%2Fcomments&post=15956"}],"version-history":[{"count":4,"href":"https:\/\/pc.sc.gov.br\/index.php?rest_route=\/wp\/v2\/posts\/15956\/revisions"}],"predecessor-version":[{"id":15962,"href":"https:\/\/pc.sc.gov.br\/index.php?rest_route=\/wp\/v2\/posts\/15956\/revisions\/15962"}],"wp:featuredmedia":[{"embeddable":true,"href":"https:\/\/pc.sc.gov.br\/index.php?rest_route=\/wp\/v2\/media\/15958"}],"wp:attachment":[{"href":"https:\/\/pc.sc.gov.br\/index.php?rest_route=%2Fwp%2Fv2%2Fmedia&parent=15956"}],"wp:term":[{"taxonomy":"category","embeddable":true,"href":"https:\/\/pc.sc.gov.br\/index.php?rest_route=%2Fwp%2Fv2%2Fcategories&post=15956"},{"taxonomy":"post_tag","embeddable":true,"href":"https:\/\/pc.sc.gov.br\/index.php?rest_route=%2Fwp%2Fv2%2Ftags&post=15956"}],"curies":[{"name":"wp","href":"https:\/\/api.w.org\/{rel}","templated":true}]}}