{"id":15963,"date":"2023-12-13T14:17:01","date_gmt":"2023-12-13T17:17:01","guid":{"rendered":"https:\/\/pc.sc.gov.br\/?p=15963"},"modified":"2023-12-13T14:18:47","modified_gmt":"2023-12-13T17:18:47","slug":"policia-civil-revela-caso-de-falsificacao-e-uso-de-atestado-medico-falso-durante-investigacao-de-pichacao-antissemita-na-ufsc","status":"publish","type":"post","link":"https:\/\/pc.sc.gov.br\/?p=15963","title":{"rendered":"Pol\u00edcia Civil revela caso de falsifica\u00e7\u00e3o e uso de atestado m\u00e9dico falso durante investiga\u00e7\u00e3o de picha\u00e7\u00e3o antissemita na UFSC"},"content":{"rendered":"\t\t<div data-elementor-type=\"wp-post\" data-elementor-id=\"15963\" class=\"elementor elementor-15963\" data-elementor-post-type=\"post\">\n\t\t\t\t\t\t<section class=\"elementor-section elementor-top-section elementor-element elementor-element-410c959 elementor-section-boxed elementor-section-height-default elementor-section-height-default\" data-id=\"410c959\" data-element_type=\"section\">\n\t\t\t\t\t\t<div class=\"elementor-container elementor-column-gap-default\">\n\t\t\t\t\t<div class=\"elementor-column elementor-col-100 elementor-top-column elementor-element elementor-element-4c5e54d\" data-id=\"4c5e54d\" data-element_type=\"column\">\n\t\t\t<div class=\"elementor-widget-wrap elementor-element-populated\">\n\t\t\t\t\t\t<div class=\"elementor-element elementor-element-4461638 elementor-widget elementor-widget-heading\" data-id=\"4461638\" data-element_type=\"widget\" data-widget_type=\"heading.default\">\n\t\t\t\t<div class=\"elementor-widget-container\">\n\t\t\t\t\t<h2 class=\"elementor-heading-title elementor-size-default\">Pol\u00edcia Civil revela caso de falsifica\u00e7\u00e3o e uso de atestado m\u00e9dico falso durante investiga\u00e7\u00e3o de picha\u00e7\u00e3o antissemita na UFSC<\/h2>\t\t\t\t<\/div>\n\t\t\t\t<\/div>\n\t\t\t\t\t<\/div>\n\t\t<\/div>\n\t\t\t\t\t<\/div>\n\t\t<\/section>\n\t\t\t\t<section class=\"elementor-section elementor-top-section elementor-element elementor-element-b22465e elementor-section-boxed elementor-section-height-default elementor-section-height-default\" data-id=\"b22465e\" data-element_type=\"section\">\n\t\t\t\t\t\t<div class=\"elementor-container elementor-column-gap-default\">\n\t\t\t\t\t<div class=\"elementor-column elementor-col-100 elementor-top-column elementor-element elementor-element-a37c362\" data-id=\"a37c362\" data-element_type=\"column\">\n\t\t\t<div class=\"elementor-widget-wrap elementor-element-populated\">\n\t\t\t\t\t\t<div class=\"elementor-element elementor-element-d77fc35 elementor-widget elementor-widget-image\" data-id=\"d77fc35\" data-element_type=\"widget\" data-widget_type=\"image.default\">\n\t\t\t\t<div class=\"elementor-widget-container\">\n\t\t\t\t\t\t\t\t\t\t\t\t\t\t\t<img fetchpriority=\"high\" decoding=\"async\" width=\"696\" height=\"927\" src=\"https:\/\/pc.sc.gov.br\/\/wp-content\/uploads\/2023\/12\/WhatsApp-Image-2023-12-13-at-09.18.45-2-769x1024.jpeg\" class=\"attachment-large size-large wp-image-15964\" alt=\"\" srcset=\"https:\/\/pc.sc.gov.br\/\/wp-content\/uploads\/2023\/12\/WhatsApp-Image-2023-12-13-at-09.18.45-2-769x1024.jpeg 769w, https:\/\/pc.sc.gov.br\/\/wp-content\/uploads\/2023\/12\/WhatsApp-Image-2023-12-13-at-09.18.45-2-225x300.jpeg 225w, https:\/\/pc.sc.gov.br\/\/wp-content\/uploads\/2023\/12\/WhatsApp-Image-2023-12-13-at-09.18.45-2-768x1023.jpeg 768w, https:\/\/pc.sc.gov.br\/\/wp-content\/uploads\/2023\/12\/WhatsApp-Image-2023-12-13-at-09.18.45-2-1153x1536.jpeg 1153w, https:\/\/pc.sc.gov.br\/\/wp-content\/uploads\/2023\/12\/WhatsApp-Image-2023-12-13-at-09.18.45-2.jpeg 1201w\" sizes=\"(max-width: 696px) 100vw, 696px\" \/>\t\t\t\t\t\t\t\t\t\t\t\t\t\t\t<\/div>\n\t\t\t\t<\/div>\n\t\t\t\t\t<\/div>\n\t\t<\/div>\n\t\t\t\t\t<\/div>\n\t\t<\/section>\n\t\t\t\t<section class=\"elementor-section elementor-top-section elementor-element elementor-element-773417b elementor-section-boxed elementor-section-height-default elementor-section-height-default\" data-id=\"773417b\" data-element_type=\"section\">\n\t\t\t\t\t\t<div class=\"elementor-container elementor-column-gap-default\">\n\t\t\t\t\t<div class=\"elementor-column elementor-col-100 elementor-top-column elementor-element elementor-element-2bfb776\" data-id=\"2bfb776\" data-element_type=\"column\">\n\t\t\t<div class=\"elementor-widget-wrap elementor-element-populated\">\n\t\t\t\t\t\t<div class=\"elementor-element elementor-element-6c48537 elementor-widget elementor-widget-text-editor\" data-id=\"6c48537\" data-element_type=\"widget\" data-widget_type=\"text-editor.default\">\n\t\t\t\t<div class=\"elementor-widget-container\">\n\t\t\t\t\t\t\t\t\t<p>Nesta quarta-feira (13), a Pol\u00edcia Civil de Santa Catarina, por meio de Delegacia de Repress\u00e3o ao Racismo e a Delitos de Intoler\u00e2ncia da Diretoria Estadual de Investiga\u00e7\u00f5es Criminais, deu cumprimento a um mandado de busca e apreens\u00e3o na casa de um homem suspeito de ser o autor das picha\u00e7\u00f5es amea\u00e7adoras e antissemitas realizadas em novembro do ano passado no Centro de Ci\u00eancias da Sa\u00fade da Universidade Federal de Santa Catarina.<br \/>Durante as buscas, foram localizados blocos de atestados m\u00e9dicos subtra\u00eddos de diferentes hospitais, bem como carimbos de diferentes m\u00e9dicos. O investigado, que estudava enfermagem na universidade e possui ascend\u00eancia judia, confessou ter feito os escritos e desenhado a su\u00e1stica no banheiro do CCS\/UFSC a fim de encobrir o seu esquema de falsifica\u00e7\u00e3o e utiliza\u00e7\u00e3o de documentos falsos. Alegou nunca ter sofrido qualquer tipo de amea\u00e7a enquanto estudou naquele Centro.<\/p>\t\t\t\t\t\t\t\t<\/div>\n\t\t\t\t<\/div>\n\t\t\t\t\t<\/div>\n\t\t<\/div>\n\t\t\t\t\t<\/div>\n\t\t<\/section>\n\t\t\t\t<section class=\"elementor-section elementor-top-section elementor-element elementor-element-1c73680 elementor-section-boxed elementor-section-height-default elementor-section-height-default\" data-id=\"1c73680\" data-element_type=\"section\">\n\t\t\t\t\t\t<div class=\"elementor-container elementor-column-gap-default\">\n\t\t\t\t\t<div class=\"elementor-column elementor-col-100 elementor-top-column elementor-element elementor-element-55bab27\" data-id=\"55bab27\" data-element_type=\"column\">\n\t\t\t<div class=\"elementor-widget-wrap elementor-element-populated\">\n\t\t\t\t\t\t<div class=\"elementor-element elementor-element-c015b6e elementor-widget elementor-widget-image\" data-id=\"c015b6e\" data-element_type=\"widget\" data-widget_type=\"image.default\">\n\t\t\t\t<div class=\"elementor-widget-container\">\n\t\t\t\t\t\t\t\t\t\t\t\t\t\t\t<img decoding=\"async\" width=\"696\" height=\"724\" src=\"https:\/\/pc.sc.gov.br\/\/wp-content\/uploads\/2023\/12\/WhatsApp-Image-2023-12-13-at-09.18.45-1.jpeg\" class=\"attachment-large size-large wp-image-15965\" alt=\"\" srcset=\"https:\/\/pc.sc.gov.br\/\/wp-content\/uploads\/2023\/12\/WhatsApp-Image-2023-12-13-at-09.18.45-1.jpeg 917w, https:\/\/pc.sc.gov.br\/\/wp-content\/uploads\/2023\/12\/WhatsApp-Image-2023-12-13-at-09.18.45-1-288x300.jpeg 288w, https:\/\/pc.sc.gov.br\/\/wp-content\/uploads\/2023\/12\/WhatsApp-Image-2023-12-13-at-09.18.45-1-768x799.jpeg 768w\" sizes=\"(max-width: 696px) 100vw, 696px\" \/>\t\t\t\t\t\t\t\t\t\t\t\t\t\t\t<\/div>\n\t\t\t\t<\/div>\n\t\t\t\t\t<\/div>\n\t\t<\/div>\n\t\t\t\t\t<\/div>\n\t\t<\/section>\n\t\t\t\t<section class=\"elementor-section elementor-top-section elementor-element elementor-element-dd2448c elementor-section-boxed elementor-section-height-default elementor-section-height-default\" data-id=\"dd2448c\" data-element_type=\"section\">\n\t\t\t\t\t\t<div class=\"elementor-container elementor-column-gap-default\">\n\t\t\t\t\t<div class=\"elementor-column elementor-col-100 elementor-top-column elementor-element elementor-element-7622219\" data-id=\"7622219\" data-element_type=\"column\">\n\t\t\t<div class=\"elementor-widget-wrap elementor-element-populated\">\n\t\t\t\t\t\t<div class=\"elementor-element elementor-element-38338a0 elementor-widget elementor-widget-image\" data-id=\"38338a0\" data-element_type=\"widget\" data-widget_type=\"image.default\">\n\t\t\t\t<div class=\"elementor-widget-container\">\n\t\t\t\t\t\t\t\t\t\t\t\t\t\t\t<img decoding=\"async\" width=\"590\" height=\"532\" src=\"https:\/\/pc.sc.gov.br\/\/wp-content\/uploads\/2023\/12\/WhatsApp-Image-2023-12-13-at-09.18.45.jpeg\" class=\"attachment-large size-large wp-image-15966\" alt=\"\" srcset=\"https:\/\/pc.sc.gov.br\/\/wp-content\/uploads\/2023\/12\/WhatsApp-Image-2023-12-13-at-09.18.45.jpeg 590w, https:\/\/pc.sc.gov.br\/\/wp-content\/uploads\/2023\/12\/WhatsApp-Image-2023-12-13-at-09.18.45-300x271.jpeg 300w\" sizes=\"(max-width: 590px) 100vw, 590px\" \/>\t\t\t\t\t\t\t\t\t\t\t\t\t\t\t<\/div>\n\t\t\t\t<\/div>\n\t\t\t\t\t<\/div>\n\t\t<\/div>\n\t\t\t\t\t<\/div>\n\t\t<\/section>\n\t\t\t\t<\/div>\n\t\t","protected":false},"excerpt":{"rendered":"<p>Pol\u00edcia Civil revela caso de falsifica\u00e7\u00e3o e uso de atestado m\u00e9dico falso durante investiga\u00e7\u00e3o de picha\u00e7\u00e3o antissemita na UFSC Nesta quarta-feira (13), a Pol\u00edcia Civil de Santa Catarina, por meio de Delegacia de Repress\u00e3o ao Racismo e a Delitos de Intoler\u00e2ncia da Diretoria Estadual de Investiga\u00e7\u00f5es Criminais, deu cumprimento a um mandado de busca e [&hellip;]<\/p>\n","protected":false},"author":5,"featured_media":15964,"comment_status":"closed","ping_status":"open","sticky":false,"template":"","format":"standard","meta":{"_monsterinsights_skip_tracking":false,"_monsterinsights_sitenote_active":false,"_monsterinsights_sitenote_note":"","_monsterinsights_sitenote_category":0,"footnotes":""},"categories":[1],"tags":[],"class_list":["post-15963","post","type-post","status-publish","format-standard","has-post-thumbnail","hentry","category-sem-categoria"],"_links":{"self":[{"href":"https:\/\/pc.sc.gov.br\/index.php?rest_route=\/wp\/v2\/posts\/15963","targetHints":{"allow":["GET"]}}],"collection":[{"href":"https:\/\/pc.sc.gov.br\/index.php?rest_route=\/wp\/v2\/posts"}],"about":[{"href":"https:\/\/pc.sc.gov.br\/index.php?rest_route=\/wp\/v2\/types\/post"}],"author":[{"embeddable":true,"href":"https:\/\/pc.sc.gov.br\/index.php?rest_route=\/wp\/v2\/users\/5"}],"replies":[{"embeddable":true,"href":"https:\/\/pc.sc.gov.br\/index.php?rest_route=%2Fwp%2Fv2%2Fcomments&post=15963"}],"version-history":[{"count":4,"href":"https:\/\/pc.sc.gov.br\/index.php?rest_route=\/wp\/v2\/posts\/15963\/revisions"}],"predecessor-version":[{"id":15970,"href":"https:\/\/pc.sc.gov.br\/index.php?rest_route=\/wp\/v2\/posts\/15963\/revisions\/15970"}],"wp:featuredmedia":[{"embeddable":true,"href":"https:\/\/pc.sc.gov.br\/index.php?rest_route=\/wp\/v2\/media\/15964"}],"wp:attachment":[{"href":"https:\/\/pc.sc.gov.br\/index.php?rest_route=%2Fwp%2Fv2%2Fmedia&parent=15963"}],"wp:term":[{"taxonomy":"category","embeddable":true,"href":"https:\/\/pc.sc.gov.br\/index.php?rest_route=%2Fwp%2Fv2%2Fcategories&post=15963"},{"taxonomy":"post_tag","embeddable":true,"href":"https:\/\/pc.sc.gov.br\/index.php?rest_route=%2Fwp%2Fv2%2Ftags&post=15963"}],"curies":[{"name":"wp","href":"https:\/\/api.w.org\/{rel}","templated":true}]}}