{"id":15997,"date":"2023-12-14T16:17:21","date_gmt":"2023-12-14T19:17:21","guid":{"rendered":"https:\/\/pc.sc.gov.br\/?p=15997"},"modified":"2023-12-14T16:18:20","modified_gmt":"2023-12-14T19:18:20","slug":"operacao-da-policia-civil-prende-cinco-suspeitos-de-triplo-homicidio-em-ilhota","status":"publish","type":"post","link":"https:\/\/pc.sc.gov.br\/?p=15997","title":{"rendered":"Opera\u00e7\u00e3o da Pol\u00edcia Civil prende cinco suspeitos de triplo homic\u00eddio em Ilhota"},"content":{"rendered":"\t\t<div data-elementor-type=\"wp-post\" data-elementor-id=\"15997\" class=\"elementor elementor-15997\" data-elementor-post-type=\"post\">\n\t\t\t\t\t\t<section class=\"elementor-section elementor-top-section elementor-element elementor-element-7ca0b23 elementor-section-boxed elementor-section-height-default elementor-section-height-default\" data-id=\"7ca0b23\" data-element_type=\"section\">\n\t\t\t\t\t\t<div class=\"elementor-container elementor-column-gap-default\">\n\t\t\t\t\t<div class=\"elementor-column elementor-col-100 elementor-top-column elementor-element elementor-element-3b74fe7\" data-id=\"3b74fe7\" data-element_type=\"column\">\n\t\t\t<div class=\"elementor-widget-wrap elementor-element-populated\">\n\t\t\t\t\t\t<div class=\"elementor-element elementor-element-eb738a9 elementor-widget elementor-widget-heading\" data-id=\"eb738a9\" data-element_type=\"widget\" data-widget_type=\"heading.default\">\n\t\t\t\t<div class=\"elementor-widget-container\">\n\t\t\t\t\t<h2 class=\"elementor-heading-title elementor-size-default\">Opera\u00e7\u00e3o da Pol\u00edcia Civil prende cinco suspeitos de triplo homic\u00eddio em Ilhota<\/h2>\t\t\t\t<\/div>\n\t\t\t\t<\/div>\n\t\t\t\t\t<\/div>\n\t\t<\/div>\n\t\t\t\t\t<\/div>\n\t\t<\/section>\n\t\t\t\t<section class=\"elementor-section elementor-top-section elementor-element elementor-element-6263289 elementor-section-boxed elementor-section-height-default elementor-section-height-default\" data-id=\"6263289\" data-element_type=\"section\">\n\t\t\t\t\t\t<div class=\"elementor-container elementor-column-gap-default\">\n\t\t\t\t\t<div class=\"elementor-column elementor-col-100 elementor-top-column elementor-element elementor-element-476da3c\" data-id=\"476da3c\" data-element_type=\"column\">\n\t\t\t<div class=\"elementor-widget-wrap elementor-element-populated\">\n\t\t\t\t\t\t<div class=\"elementor-element elementor-element-efd55ef elementor-widget elementor-widget-image\" data-id=\"efd55ef\" data-element_type=\"widget\" data-widget_type=\"image.default\">\n\t\t\t\t<div class=\"elementor-widget-container\">\n\t\t\t\t\t\t\t\t\t\t\t\t\t\t\t<img fetchpriority=\"high\" decoding=\"async\" width=\"696\" height=\"522\" src=\"https:\/\/pc.sc.gov.br\/\/wp-content\/uploads\/2023\/12\/WhatsApp-Image-2023-12-14-at-16.11.02-1024x768.jpeg\" class=\"attachment-large size-large wp-image-15998\" alt=\"\" srcset=\"https:\/\/pc.sc.gov.br\/\/wp-content\/uploads\/2023\/12\/WhatsApp-Image-2023-12-14-at-16.11.02-1024x768.jpeg 1024w, https:\/\/pc.sc.gov.br\/\/wp-content\/uploads\/2023\/12\/WhatsApp-Image-2023-12-14-at-16.11.02-300x225.jpeg 300w, https:\/\/pc.sc.gov.br\/\/wp-content\/uploads\/2023\/12\/WhatsApp-Image-2023-12-14-at-16.11.02-768x576.jpeg 768w, https:\/\/pc.sc.gov.br\/\/wp-content\/uploads\/2023\/12\/WhatsApp-Image-2023-12-14-at-16.11.02.jpeg 1280w\" sizes=\"(max-width: 696px) 100vw, 696px\" \/>\t\t\t\t\t\t\t\t\t\t\t\t\t\t\t<\/div>\n\t\t\t\t<\/div>\n\t\t\t\t\t<\/div>\n\t\t<\/div>\n\t\t\t\t\t<\/div>\n\t\t<\/section>\n\t\t\t\t<section class=\"elementor-section elementor-top-section elementor-element elementor-element-1908dda elementor-section-boxed elementor-section-height-default elementor-section-height-default\" data-id=\"1908dda\" data-element_type=\"section\">\n\t\t\t\t\t\t<div class=\"elementor-container elementor-column-gap-default\">\n\t\t\t\t\t<div class=\"elementor-column elementor-col-100 elementor-top-column elementor-element elementor-element-96380fe\" data-id=\"96380fe\" data-element_type=\"column\">\n\t\t\t<div class=\"elementor-widget-wrap elementor-element-populated\">\n\t\t\t\t\t\t<div class=\"elementor-element elementor-element-02aafbc elementor-widget elementor-widget-text-editor\" data-id=\"02aafbc\" data-element_type=\"widget\" data-widget_type=\"text-editor.default\">\n\t\t\t\t<div class=\"elementor-widget-container\">\n\t\t\t\t\t\t\t\t\t<p>Nesta quinta-feira (14), as pol\u00edcias Civil e Militar de Gaspar trabalharam em conjunto em uma opera\u00e7\u00e3o no munic\u00edpio de Ilhota. De acordo com as autoridades, cinco homens foram presos suspeitos pelo triplo homic\u00eddio registrado na cidade em outubro, que vitimou um homem e seus dois filhos. Durante a a\u00e7\u00e3o, foram cumpridos tamb\u00e9m 15 mandados de busca e apreens\u00e3o.<br>As dilig\u00eancias aconteceram em diversos bairros de Gaspar e Ilhota e somaram aproximadamente 70 policiais sob o comando do Delegado Paulo Koerich, titular da Comarca de Gaspar; e do Delegado Diogo Bastos Medeiros, respons\u00e1vel pela investiga\u00e7\u00e3o coordenada com a Delegacia de Ilhota. Na oportunidade, foram apreendidos diversos objetos e materiais que interessam para a investiga\u00e7\u00e3o. <br>Tamb\u00e9m participaram da a\u00e7\u00e3o o apoio do Servi\u00e7o Aeropolicial Policial (SAER) e o canil do 10\u00ba Batalh\u00e3o da PM de Blumenau.<br><br><b>Relembre o caso<\/b><br>No dia 25 de outubro, o homem e seus dois filhos estavam em uma propriedade localizada no bairro Boa Vista, em Ilhota, negociando a compra de um s\u00edtio. Em determinado momento, quatro homens chegaram em duas motos (um ficou na rua e tr\u00eas entraram atirando). Ap\u00f3s o tiroteio, eles amea\u00e7aram a dona da casa e a trancaram no quarto. Em seguida, fugiram levando o celular da mulher e tamb\u00e9m o DVR das c\u00e2meras de seguran\u00e7a.<br>Quando o Corpo de Bombeiros Volunt\u00e1rios de Ilhota chegou, duas das v\u00edtimas (o pai e um dos filhos) j\u00e1 estavam sem vida. O corpo de um deles foi encontrado pr\u00f3ximo \u00e0 varanda, com les\u00f5es na regi\u00e3o da cabe\u00e7a. J\u00e1 o segundo estava no sof\u00e1, com ferimentos na cabe\u00e7a.<br>A terceira v\u00edtima estava em outro c\u00f4modo e tinha oito marcas de tiros pelo corpo. O jovem estava bastante agitado e foi encaminhado em estado grave ao Hospital Marieta Konder Bornhausen, em Itaja\u00ed. Por\u00e9m, ele n\u00e3o resistiu e teve a morte confirmada no dia seguinte.<\/p>\t\t\t\t\t\t\t\t<\/div>\n\t\t\t\t<\/div>\n\t\t\t\t\t<\/div>\n\t\t<\/div>\n\t\t\t\t\t<\/div>\n\t\t<\/section>\n\t\t\t\t<\/div>\n\t\t","protected":false},"excerpt":{"rendered":"<p>Opera\u00e7\u00e3o da Pol\u00edcia Civil prende cinco suspeitos de triplo homic\u00eddio em Ilhota Nesta quinta-feira (14), as pol\u00edcias Civil e Militar de Gaspar trabalharam em conjunto em uma opera\u00e7\u00e3o no munic\u00edpio de Ilhota. De acordo com as autoridades, cinco homens foram presos suspeitos pelo triplo homic\u00eddio registrado na cidade em outubro, que vitimou um homem e [&hellip;]<\/p>\n","protected":false},"author":5,"featured_media":15998,"comment_status":"closed","ping_status":"open","sticky":false,"template":"","format":"standard","meta":{"_monsterinsights_skip_tracking":false,"_monsterinsights_sitenote_active":false,"_monsterinsights_sitenote_note":"","_monsterinsights_sitenote_category":0,"footnotes":""},"categories":[1],"tags":[],"class_list":["post-15997","post","type-post","status-publish","format-standard","has-post-thumbnail","hentry","category-sem-categoria"],"_links":{"self":[{"href":"https:\/\/pc.sc.gov.br\/index.php?rest_route=\/wp\/v2\/posts\/15997","targetHints":{"allow":["GET"]}}],"collection":[{"href":"https:\/\/pc.sc.gov.br\/index.php?rest_route=\/wp\/v2\/posts"}],"about":[{"href":"https:\/\/pc.sc.gov.br\/index.php?rest_route=\/wp\/v2\/types\/post"}],"author":[{"embeddable":true,"href":"https:\/\/pc.sc.gov.br\/index.php?rest_route=\/wp\/v2\/users\/5"}],"replies":[{"embeddable":true,"href":"https:\/\/pc.sc.gov.br\/index.php?rest_route=%2Fwp%2Fv2%2Fcomments&post=15997"}],"version-history":[{"count":4,"href":"https:\/\/pc.sc.gov.br\/index.php?rest_route=\/wp\/v2\/posts\/15997\/revisions"}],"predecessor-version":[{"id":16002,"href":"https:\/\/pc.sc.gov.br\/index.php?rest_route=\/wp\/v2\/posts\/15997\/revisions\/16002"}],"wp:featuredmedia":[{"embeddable":true,"href":"https:\/\/pc.sc.gov.br\/index.php?rest_route=\/wp\/v2\/media\/15998"}],"wp:attachment":[{"href":"https:\/\/pc.sc.gov.br\/index.php?rest_route=%2Fwp%2Fv2%2Fmedia&parent=15997"}],"wp:term":[{"taxonomy":"category","embeddable":true,"href":"https:\/\/pc.sc.gov.br\/index.php?rest_route=%2Fwp%2Fv2%2Fcategories&post=15997"},{"taxonomy":"post_tag","embeddable":true,"href":"https:\/\/pc.sc.gov.br\/index.php?rest_route=%2Fwp%2Fv2%2Ftags&post=15997"}],"curies":[{"name":"wp","href":"https:\/\/api.w.org\/{rel}","templated":true}]}}