{"id":16010,"date":"2023-12-14T17:04:45","date_gmt":"2023-12-14T20:04:45","guid":{"rendered":"https:\/\/pc.sc.gov.br\/?p=16010"},"modified":"2023-12-14T17:07:03","modified_gmt":"2023-12-14T20:07:03","slug":"policia-civil-prende-duas-pessoas-em-flagrante-por-trafico-de-drogas-na-praia-do-rosa-em-imbituba","status":"publish","type":"post","link":"https:\/\/pc.sc.gov.br\/?p=16010","title":{"rendered":"Pol\u00edcia Civil prende duas pessoas em flagrante na Praia do Rosa em Imbituba"},"content":{"rendered":"\t\t<div data-elementor-type=\"wp-post\" data-elementor-id=\"16010\" class=\"elementor elementor-16010\" data-elementor-post-type=\"post\">\n\t\t\t\t\t\t<section class=\"elementor-section elementor-top-section elementor-element elementor-element-53ea303 elementor-section-boxed elementor-section-height-default elementor-section-height-default\" data-id=\"53ea303\" data-element_type=\"section\">\n\t\t\t\t\t\t<div class=\"elementor-container elementor-column-gap-default\">\n\t\t\t\t\t<div class=\"elementor-column elementor-col-100 elementor-top-column elementor-element elementor-element-d2297b4\" data-id=\"d2297b4\" data-element_type=\"column\">\n\t\t\t<div class=\"elementor-widget-wrap elementor-element-populated\">\n\t\t\t\t\t\t<div class=\"elementor-element elementor-element-761fe25 elementor-widget elementor-widget-heading\" data-id=\"761fe25\" data-element_type=\"widget\" data-widget_type=\"heading.default\">\n\t\t\t\t<div class=\"elementor-widget-container\">\n\t\t\t\t\t<h2 class=\"elementor-heading-title elementor-size-default\">Pol\u00edcia Civil prende duas pessoas em flagrante na Praia do Rosa em Imbituba<\/h2>\t\t\t\t<\/div>\n\t\t\t\t<\/div>\n\t\t\t\t\t<\/div>\n\t\t<\/div>\n\t\t\t\t\t<\/div>\n\t\t<\/section>\n\t\t\t\t<section class=\"elementor-section elementor-top-section elementor-element elementor-element-0c5e85c elementor-section-boxed elementor-section-height-default elementor-section-height-default\" data-id=\"0c5e85c\" data-element_type=\"section\">\n\t\t\t\t\t\t<div class=\"elementor-container elementor-column-gap-default\">\n\t\t\t\t\t<div class=\"elementor-column elementor-col-100 elementor-top-column elementor-element elementor-element-8e7e1c3\" data-id=\"8e7e1c3\" data-element_type=\"column\">\n\t\t\t<div class=\"elementor-widget-wrap elementor-element-populated\">\n\t\t\t\t\t\t<div class=\"elementor-element elementor-element-dfee974 elementor-widget elementor-widget-image\" data-id=\"dfee974\" data-element_type=\"widget\" data-widget_type=\"image.default\">\n\t\t\t\t<div class=\"elementor-widget-container\">\n\t\t\t\t\t\t\t\t\t\t\t\t\t\t\t<img fetchpriority=\"high\" decoding=\"async\" width=\"696\" height=\"928\" src=\"https:\/\/pc.sc.gov.br\/\/wp-content\/uploads\/2023\/12\/WhatsApp-Image-2023-12-14-at-13.17.29-768x1024.jpeg\" class=\"attachment-large size-large wp-image-16011\" alt=\"\" srcset=\"https:\/\/pc.sc.gov.br\/\/wp-content\/uploads\/2023\/12\/WhatsApp-Image-2023-12-14-at-13.17.29-768x1024.jpeg 768w, https:\/\/pc.sc.gov.br\/\/wp-content\/uploads\/2023\/12\/WhatsApp-Image-2023-12-14-at-13.17.29-225x300.jpeg 225w, https:\/\/pc.sc.gov.br\/\/wp-content\/uploads\/2023\/12\/WhatsApp-Image-2023-12-14-at-13.17.29-1152x1536.jpeg 1152w, https:\/\/pc.sc.gov.br\/\/wp-content\/uploads\/2023\/12\/WhatsApp-Image-2023-12-14-at-13.17.29.jpeg 1200w\" sizes=\"(max-width: 696px) 100vw, 696px\" \/>\t\t\t\t\t\t\t\t\t\t\t\t\t\t\t<\/div>\n\t\t\t\t<\/div>\n\t\t\t\t\t<\/div>\n\t\t<\/div>\n\t\t\t\t\t<\/div>\n\t\t<\/section>\n\t\t\t\t<section class=\"elementor-section elementor-top-section elementor-element elementor-element-067f453 elementor-section-boxed elementor-section-height-default elementor-section-height-default\" data-id=\"067f453\" data-element_type=\"section\">\n\t\t\t\t\t\t<div class=\"elementor-container elementor-column-gap-default\">\n\t\t\t\t\t<div class=\"elementor-column elementor-col-100 elementor-top-column elementor-element elementor-element-06da2b6\" data-id=\"06da2b6\" data-element_type=\"column\">\n\t\t\t<div class=\"elementor-widget-wrap elementor-element-populated\">\n\t\t\t\t\t\t<div class=\"elementor-element elementor-element-f0cd5dc elementor-widget elementor-widget-text-editor\" data-id=\"f0cd5dc\" data-element_type=\"widget\" data-widget_type=\"text-editor.default\">\n\t\t\t\t<div class=\"elementor-widget-container\">\n\t\t\t\t\t\t\t\t\t<p>Nesta quinta-feira (14), a Pol\u00edcia Civil de Santa Catarina, em opera\u00e7\u00e3o coordenada pela Divis\u00e3o de Investiga\u00e7\u00e3o Criminal (DIC) de Tubar\u00e3o, deu cumprimento a mandado de busca e apreens\u00e3o na Praia do Rosa, em Imbituba. A a\u00e7\u00e3o contou com participa\u00e7\u00e3o da DIC de Laguna e da Delegacia de Pol\u00edcia da Comarca de Imbituba.<br \/>A a\u00e7\u00e3o resultou na pris\u00e3o em flagrante de dois homens e na apreens\u00e3o de um resolver, muni\u00e7\u00f5es e quantidade significativa de entorpecentes \u2013 incluindo-se ecstasy, maconha e haxixe.<br \/>O mandado decorre de investiga\u00e7\u00e3o que apura tr\u00e1fico de drogas, que teria origem na localidade alvo e com distribui\u00e7\u00e3o para Tubar\u00e3o e regi\u00e3o. Os elementos de informa\u00e7\u00e3o coletados justificaram a representa\u00e7\u00e3o realizada pela Pol\u00edcia Civil para cumprimento de mandado de busca e apreens\u00e3o no local. A representa\u00e7\u00e3o foi deferida pelo ju\u00edzo da Vara Criminal de Imbituba, ap\u00f3s manifesta\u00e7\u00e3o favor\u00e1vel do Minist\u00e9rio P\u00fablico local. <br \/>Os presos foram encaminhados \u00e0 Delegacia de Imbituba para os procedimentos legais.<\/p>\t\t\t\t\t\t\t\t<\/div>\n\t\t\t\t<\/div>\n\t\t\t\t\t<\/div>\n\t\t<\/div>\n\t\t\t\t\t<\/div>\n\t\t<\/section>\n\t\t\t\t<\/div>\n\t\t","protected":false},"excerpt":{"rendered":"<p>Pol\u00edcia Civil prende duas pessoas em flagrante na Praia do Rosa em Imbituba Nesta quinta-feira (14), a Pol\u00edcia Civil de Santa Catarina, em opera\u00e7\u00e3o coordenada pela Divis\u00e3o de Investiga\u00e7\u00e3o Criminal (DIC) de Tubar\u00e3o, deu cumprimento a mandado de busca e apreens\u00e3o na Praia do Rosa, em Imbituba. A a\u00e7\u00e3o contou com participa\u00e7\u00e3o da DIC de [&hellip;]<\/p>\n","protected":false},"author":5,"featured_media":16011,"comment_status":"closed","ping_status":"open","sticky":false,"template":"","format":"standard","meta":{"_monsterinsights_skip_tracking":false,"_monsterinsights_sitenote_active":false,"_monsterinsights_sitenote_note":"","_monsterinsights_sitenote_category":0,"footnotes":""},"categories":[1],"tags":[],"class_list":["post-16010","post","type-post","status-publish","format-standard","has-post-thumbnail","hentry","category-sem-categoria"],"_links":{"self":[{"href":"https:\/\/pc.sc.gov.br\/index.php?rest_route=\/wp\/v2\/posts\/16010","targetHints":{"allow":["GET"]}}],"collection":[{"href":"https:\/\/pc.sc.gov.br\/index.php?rest_route=\/wp\/v2\/posts"}],"about":[{"href":"https:\/\/pc.sc.gov.br\/index.php?rest_route=\/wp\/v2\/types\/post"}],"author":[{"embeddable":true,"href":"https:\/\/pc.sc.gov.br\/index.php?rest_route=\/wp\/v2\/users\/5"}],"replies":[{"embeddable":true,"href":"https:\/\/pc.sc.gov.br\/index.php?rest_route=%2Fwp%2Fv2%2Fcomments&post=16010"}],"version-history":[{"count":8,"href":"https:\/\/pc.sc.gov.br\/index.php?rest_route=\/wp\/v2\/posts\/16010\/revisions"}],"predecessor-version":[{"id":16019,"href":"https:\/\/pc.sc.gov.br\/index.php?rest_route=\/wp\/v2\/posts\/16010\/revisions\/16019"}],"wp:featuredmedia":[{"embeddable":true,"href":"https:\/\/pc.sc.gov.br\/index.php?rest_route=\/wp\/v2\/media\/16011"}],"wp:attachment":[{"href":"https:\/\/pc.sc.gov.br\/index.php?rest_route=%2Fwp%2Fv2%2Fmedia&parent=16010"}],"wp:term":[{"taxonomy":"category","embeddable":true,"href":"https:\/\/pc.sc.gov.br\/index.php?rest_route=%2Fwp%2Fv2%2Fcategories&post=16010"},{"taxonomy":"post_tag","embeddable":true,"href":"https:\/\/pc.sc.gov.br\/index.php?rest_route=%2Fwp%2Fv2%2Ftags&post=16010"}],"curies":[{"name":"wp","href":"https:\/\/api.w.org\/{rel}","templated":true}]}}