{"id":16020,"date":"2023-12-14T17:21:30","date_gmt":"2023-12-14T20:21:30","guid":{"rendered":"https:\/\/pc.sc.gov.br\/?p=16020"},"modified":"2023-12-14T17:22:26","modified_gmt":"2023-12-14T20:22:26","slug":"policia-civil-prende-homem-por-participar-de-fraude-bancaria-que-gerou-cerca-de-r-300-mil-de-prejuizo-a-vitima","status":"publish","type":"post","link":"https:\/\/pc.sc.gov.br\/?p=16020","title":{"rendered":"Pol\u00edcia Civil prende homem por participar de fraude banc\u00e1ria que gerou cerca de R$ 300 mil de preju\u00edzo \u00e0 v\u00edtima"},"content":{"rendered":"\t\t<div data-elementor-type=\"wp-post\" data-elementor-id=\"16020\" class=\"elementor elementor-16020\" data-elementor-post-type=\"post\">\n\t\t\t\t\t\t<section class=\"elementor-section elementor-top-section elementor-element elementor-element-d1d89b4 elementor-section-boxed elementor-section-height-default elementor-section-height-default\" data-id=\"d1d89b4\" data-element_type=\"section\">\n\t\t\t\t\t\t<div class=\"elementor-container elementor-column-gap-default\">\n\t\t\t\t\t<div class=\"elementor-column elementor-col-100 elementor-top-column elementor-element elementor-element-7c02d27\" data-id=\"7c02d27\" data-element_type=\"column\">\n\t\t\t<div class=\"elementor-widget-wrap elementor-element-populated\">\n\t\t\t\t\t\t<div class=\"elementor-element elementor-element-b1b590d elementor-widget elementor-widget-heading\" data-id=\"b1b590d\" data-element_type=\"widget\" data-widget_type=\"heading.default\">\n\t\t\t\t<div class=\"elementor-widget-container\">\n\t\t\t\t\t<h2 class=\"elementor-heading-title elementor-size-default\">Pol\u00edcia Civil prende homem por participar de fraude banc\u00e1ria que gerou cerca de R$ 300 mil de preju\u00edzo \u00e0 v\u00edtima<\/h2>\t\t\t\t<\/div>\n\t\t\t\t<\/div>\n\t\t\t\t\t<\/div>\n\t\t<\/div>\n\t\t\t\t\t<\/div>\n\t\t<\/section>\n\t\t\t\t<section class=\"elementor-section elementor-top-section elementor-element elementor-element-601fb28 elementor-section-boxed elementor-section-height-default elementor-section-height-default\" data-id=\"601fb28\" data-element_type=\"section\">\n\t\t\t\t\t\t<div class=\"elementor-container elementor-column-gap-default\">\n\t\t\t\t\t<div class=\"elementor-column elementor-col-100 elementor-top-column elementor-element elementor-element-d493f44\" data-id=\"d493f44\" data-element_type=\"column\">\n\t\t\t<div class=\"elementor-widget-wrap elementor-element-populated\">\n\t\t\t\t\t\t<div class=\"elementor-element elementor-element-9d2067e elementor-widget elementor-widget-image\" data-id=\"9d2067e\" data-element_type=\"widget\" data-widget_type=\"image.default\">\n\t\t\t\t<div class=\"elementor-widget-container\">\n\t\t\t\t\t\t\t\t\t\t\t\t\t\t\t<img fetchpriority=\"high\" decoding=\"async\" width=\"696\" height=\"522\" src=\"https:\/\/pc.sc.gov.br\/\/wp-content\/uploads\/2023\/11\/CARRO-VIATUIRA-SIRENE-NOITE-POLICIA-CIVIL-PCSC-1-1024x768.jpg\" class=\"attachment-large size-large wp-image-15332\" alt=\"\" srcset=\"https:\/\/pc.sc.gov.br\/\/wp-content\/uploads\/2023\/11\/CARRO-VIATUIRA-SIRENE-NOITE-POLICIA-CIVIL-PCSC-1-1024x768.jpg 1024w, https:\/\/pc.sc.gov.br\/\/wp-content\/uploads\/2023\/11\/CARRO-VIATUIRA-SIRENE-NOITE-POLICIA-CIVIL-PCSC-1-300x225.jpg 300w, https:\/\/pc.sc.gov.br\/\/wp-content\/uploads\/2023\/11\/CARRO-VIATUIRA-SIRENE-NOITE-POLICIA-CIVIL-PCSC-1-768x576.jpg 768w, https:\/\/pc.sc.gov.br\/\/wp-content\/uploads\/2023\/11\/CARRO-VIATUIRA-SIRENE-NOITE-POLICIA-CIVIL-PCSC-1.jpg 1280w\" sizes=\"(max-width: 696px) 100vw, 696px\" \/>\t\t\t\t\t\t\t\t\t\t\t\t\t\t\t<\/div>\n\t\t\t\t<\/div>\n\t\t\t\t\t<\/div>\n\t\t<\/div>\n\t\t\t\t\t<\/div>\n\t\t<\/section>\n\t\t\t\t<section class=\"elementor-section elementor-top-section elementor-element elementor-element-fa92404 elementor-section-boxed elementor-section-height-default elementor-section-height-default\" data-id=\"fa92404\" data-element_type=\"section\">\n\t\t\t\t\t\t<div class=\"elementor-container elementor-column-gap-default\">\n\t\t\t\t\t<div class=\"elementor-column elementor-col-100 elementor-top-column elementor-element elementor-element-ac075fc\" data-id=\"ac075fc\" data-element_type=\"column\">\n\t\t\t<div class=\"elementor-widget-wrap elementor-element-populated\">\n\t\t\t\t\t\t<div class=\"elementor-element elementor-element-3ff8723 elementor-widget elementor-widget-text-editor\" data-id=\"3ff8723\" data-element_type=\"widget\" data-widget_type=\"text-editor.default\">\n\t\t\t\t<div class=\"elementor-widget-container\">\n\t\t\t\t\t\t\t\t\t<p>A Pol\u00edcia Civil de Santa Catarina, por meio da Divis\u00e3o de Combate a Estelionatos do Departamento de Investiga\u00e7\u00e3o Criminal da Capital (DPA\/DIC), em a\u00e7\u00e3o conjunta com a Pol\u00edcia Civil do Distrito Federal e de Goi\u00e1s, efetuou pris\u00e3o de um homem que participou de uma fraude banc\u00e1ria que gerou preju\u00edzo aproximado de R$ 300 mil \u00e0 v\u00edtima. <br \/>Na ocasi\u00e3o do crime, os golpistas contataram a v\u00edtima, dizendo que haveria uma compra n\u00e3o reconhecida em sua conta, orientando-a a realizar alguns procedimentos. Por meio desses procedimentos, os golpistas hackearam a conta da v\u00edtima, transferiram os valores e os pulverizaram na sequ\u00eancia. <br \/>A Pol\u00edcia Civil de Santa Catarina alerta que os bancos n\u00e3o solicitam a seus clientes que informem senhas ou realizem procedimentos por telefone. Em caso de d\u00favidas sobre contatos banc\u00e1rios e transa\u00e7\u00f5es financeiras, procure sua ag\u00eancia antes de fazer qualquer procedimento.<br \/>Al\u00e9m da pris\u00e3o tempor\u00e1ria cumprida no Distrito Federal, foram cumpridas buscas domiciliares naquele estado e em Goi\u00e1s.<\/p>\t\t\t\t\t\t\t\t<\/div>\n\t\t\t\t<\/div>\n\t\t\t\t\t<\/div>\n\t\t<\/div>\n\t\t\t\t\t<\/div>\n\t\t<\/section>\n\t\t\t\t<\/div>\n\t\t","protected":false},"excerpt":{"rendered":"<p>Pol\u00edcia Civil prende homem por participar de fraude banc\u00e1ria que gerou cerca de R$ 300 mil de preju\u00edzo \u00e0 v\u00edtima A Pol\u00edcia Civil de Santa Catarina, por meio da Divis\u00e3o de Combate a Estelionatos do Departamento de Investiga\u00e7\u00e3o Criminal da Capital (DPA\/DIC), em a\u00e7\u00e3o conjunta com a Pol\u00edcia Civil do Distrito Federal e de Goi\u00e1s, [&hellip;]<\/p>\n","protected":false},"author":5,"featured_media":15215,"comment_status":"closed","ping_status":"open","sticky":false,"template":"","format":"standard","meta":{"_monsterinsights_skip_tracking":false,"_monsterinsights_sitenote_active":false,"_monsterinsights_sitenote_note":"","_monsterinsights_sitenote_category":0,"footnotes":""},"categories":[1],"tags":[],"class_list":["post-16020","post","type-post","status-publish","format-standard","has-post-thumbnail","hentry","category-sem-categoria"],"_links":{"self":[{"href":"https:\/\/pc.sc.gov.br\/index.php?rest_route=\/wp\/v2\/posts\/16020","targetHints":{"allow":["GET"]}}],"collection":[{"href":"https:\/\/pc.sc.gov.br\/index.php?rest_route=\/wp\/v2\/posts"}],"about":[{"href":"https:\/\/pc.sc.gov.br\/index.php?rest_route=\/wp\/v2\/types\/post"}],"author":[{"embeddable":true,"href":"https:\/\/pc.sc.gov.br\/index.php?rest_route=\/wp\/v2\/users\/5"}],"replies":[{"embeddable":true,"href":"https:\/\/pc.sc.gov.br\/index.php?rest_route=%2Fwp%2Fv2%2Fcomments&post=16020"}],"version-history":[{"count":4,"href":"https:\/\/pc.sc.gov.br\/index.php?rest_route=\/wp\/v2\/posts\/16020\/revisions"}],"predecessor-version":[{"id":16024,"href":"https:\/\/pc.sc.gov.br\/index.php?rest_route=\/wp\/v2\/posts\/16020\/revisions\/16024"}],"wp:featuredmedia":[{"embeddable":true,"href":"https:\/\/pc.sc.gov.br\/index.php?rest_route=\/wp\/v2\/media\/15215"}],"wp:attachment":[{"href":"https:\/\/pc.sc.gov.br\/index.php?rest_route=%2Fwp%2Fv2%2Fmedia&parent=16020"}],"wp:term":[{"taxonomy":"category","embeddable":true,"href":"https:\/\/pc.sc.gov.br\/index.php?rest_route=%2Fwp%2Fv2%2Fcategories&post=16020"},{"taxonomy":"post_tag","embeddable":true,"href":"https:\/\/pc.sc.gov.br\/index.php?rest_route=%2Fwp%2Fv2%2Ftags&post=16020"}],"curies":[{"name":"wp","href":"https:\/\/api.w.org\/{rel}","templated":true}]}}