{"id":16025,"date":"2023-12-14T19:16:37","date_gmt":"2023-12-14T22:16:37","guid":{"rendered":"https:\/\/pc.sc.gov.br\/?p=16025"},"modified":"2023-12-14T19:17:43","modified_gmt":"2023-12-14T22:17:43","slug":"policia-civil-indicia-turista-argentina-por-racismo-em-bombinhas","status":"publish","type":"post","link":"https:\/\/pc.sc.gov.br\/?p=16025","title":{"rendered":"Pol\u00edcia Civil indicia turista argentina por racismo em Bombinhas"},"content":{"rendered":"\t\t<div data-elementor-type=\"wp-post\" data-elementor-id=\"16025\" class=\"elementor elementor-16025\" data-elementor-post-type=\"post\">\n\t\t\t\t\t\t<section class=\"elementor-section elementor-top-section elementor-element elementor-element-965d399 elementor-section-boxed elementor-section-height-default elementor-section-height-default\" data-id=\"965d399\" data-element_type=\"section\">\n\t\t\t\t\t\t<div class=\"elementor-container elementor-column-gap-default\">\n\t\t\t\t\t<div class=\"elementor-column elementor-col-100 elementor-top-column elementor-element elementor-element-cf2ea78\" data-id=\"cf2ea78\" data-element_type=\"column\">\n\t\t\t<div class=\"elementor-widget-wrap elementor-element-populated\">\n\t\t\t\t\t\t<div class=\"elementor-element elementor-element-844acd4 elementor-widget elementor-widget-heading\" data-id=\"844acd4\" data-element_type=\"widget\" data-widget_type=\"heading.default\">\n\t\t\t\t<div class=\"elementor-widget-container\">\n\t\t\t\t\t<h2 class=\"elementor-heading-title elementor-size-default\">Pol\u00edcia Civil indicia turista argentina por racismo em Bombinhas<\/h2>\t\t\t\t<\/div>\n\t\t\t\t<\/div>\n\t\t\t\t\t<\/div>\n\t\t<\/div>\n\t\t\t\t\t<\/div>\n\t\t<\/section>\n\t\t\t\t<section class=\"elementor-section elementor-top-section elementor-element elementor-element-0516ce8 elementor-section-boxed elementor-section-height-default elementor-section-height-default\" data-id=\"0516ce8\" data-element_type=\"section\">\n\t\t\t\t\t\t<div class=\"elementor-container elementor-column-gap-default\">\n\t\t\t\t\t<div class=\"elementor-column elementor-col-100 elementor-top-column elementor-element elementor-element-18bd37b\" data-id=\"18bd37b\" data-element_type=\"column\">\n\t\t\t<div class=\"elementor-widget-wrap elementor-element-populated\">\n\t\t\t\t\t\t<div class=\"elementor-element elementor-element-f7a5961 elementor-widget elementor-widget-image\" data-id=\"f7a5961\" data-element_type=\"widget\" data-widget_type=\"image.default\">\n\t\t\t\t<div class=\"elementor-widget-container\">\n\t\t\t\t\t\t\t\t\t\t\t\t\t\t\t<img fetchpriority=\"high\" decoding=\"async\" width=\"696\" height=\"534\" src=\"https:\/\/pc.sc.gov.br\/\/wp-content\/uploads\/2023\/04\/VIATURA_000000000023.jpg\" class=\"attachment-large size-large wp-image-7988\" alt=\"viatura da policia civil sombra de policial civil\" srcset=\"https:\/\/pc.sc.gov.br\/\/wp-content\/uploads\/2023\/04\/VIATURA_000000000023.jpg 939w, https:\/\/pc.sc.gov.br\/\/wp-content\/uploads\/2023\/04\/VIATURA_000000000023-300x230.jpg 300w, https:\/\/pc.sc.gov.br\/\/wp-content\/uploads\/2023\/04\/VIATURA_000000000023-768x589.jpg 768w\" sizes=\"(max-width: 696px) 100vw, 696px\" \/>\t\t\t\t\t\t\t\t\t\t\t\t\t\t\t<\/div>\n\t\t\t\t<\/div>\n\t\t\t\t\t<\/div>\n\t\t<\/div>\n\t\t\t\t\t<\/div>\n\t\t<\/section>\n\t\t\t\t<section class=\"elementor-section elementor-top-section elementor-element elementor-element-fe77198 elementor-section-boxed elementor-section-height-default elementor-section-height-default\" data-id=\"fe77198\" data-element_type=\"section\">\n\t\t\t\t\t\t<div class=\"elementor-container elementor-column-gap-default\">\n\t\t\t\t\t<div class=\"elementor-column elementor-col-100 elementor-top-column elementor-element elementor-element-0d73057\" data-id=\"0d73057\" data-element_type=\"column\">\n\t\t\t<div class=\"elementor-widget-wrap elementor-element-populated\">\n\t\t\t\t\t\t<div class=\"elementor-element elementor-element-cc4b342 elementor-widget elementor-widget-text-editor\" data-id=\"cc4b342\" data-element_type=\"widget\" data-widget_type=\"text-editor.default\">\n\t\t\t\t<div class=\"elementor-widget-container\">\n\t\t\t\t\t\t\t\t\t<p>Nesta quinta-feira (14), a Pol\u00edcia Civil de Santa Catarina, por meio da Delegacia de Pol\u00edcia do munic\u00edpio de Bombinhas, indiciou uma turista argentina pela pr\u00e1tica reiterada do crime de racismo. Tudo come\u00e7ou no final do m\u00eas de novembro, quando turistas argentinos e funcion\u00e1rios do ped\u00e1gio da taxa de preserva\u00e7\u00e3o ambiental (TPA) entraram em atrito. <br \/>De acordo com as investiga\u00e7\u00f5es, uma fam\u00edlia de argentinos se recusava a parar seus ve\u00edculos no ped\u00e1gio na entrada da cidade, alegando serem isentos do pagamento, j\u00e1 que possuem im\u00f3vel no munic\u00edpio.<br \/>Ocorre que, segundo constatado pela Pol\u00edcia Civil, todo ve\u00edculo com placa estrangeira, ainda que isento, deve parar e apresentar o documento com QR Code de isen\u00e7\u00e3o para ser liberado, o que eles se recusavam a fazer. Dessa forma, apenas placas brasileiras isentas podem passar direto pelo ped\u00e1gio.<br \/>A Pol\u00edcia Civil teve acesso a cinco v\u00eddeos feito por funcion\u00e1rios do ped\u00e1gio e, em tr\u00eas deles, aparece a mulher fazendo ofensas aos funcion\u00e1rios com rela\u00e7\u00e3o \u00e0 ra\u00e7a e a etnia deles. Os crimes ocorreram em ao menos tr\u00eas oportunidades diferentes e foram praticados pela mesma mulher.<br \/>O delegado respons\u00e1vel pela investiga\u00e7\u00e3o entendeu que as ofensas raciais n\u00e3o eram direcionadas a pessoas espec\u00edficas, mas a qualquer brasileiro que estivesse presente, tendo como motiva\u00e7\u00e3o \u00fanica e exclusivamente a proced\u00eancia nacional daquelas pessoas (Brasil), o que se enquadra ao previsto no art. 20, \u201ccaput\u201d da lei 7.716\/89.<br \/>A turista foi indiciada pelo crime de racismo praticado por tr\u00eas vezes, de forma continuada. O procedimento foi finalizado e encaminhado ao Poder Judici\u00e1rio e ao Minist\u00e9rio P\u00fablico.<\/p>\t\t\t\t\t\t\t\t<\/div>\n\t\t\t\t<\/div>\n\t\t\t\t\t<\/div>\n\t\t<\/div>\n\t\t\t\t\t<\/div>\n\t\t<\/section>\n\t\t\t\t<\/div>\n\t\t","protected":false},"excerpt":{"rendered":"<p>Pol\u00edcia Civil indicia turista argentina por racismo em Bombinhas Nesta quinta-feira (14), a Pol\u00edcia Civil de Santa Catarina, por meio da Delegacia de Pol\u00edcia do munic\u00edpio de Bombinhas, indiciou uma turista argentina pela pr\u00e1tica reiterada do crime de racismo. Tudo come\u00e7ou no final do m\u00eas de novembro, quando turistas argentinos e funcion\u00e1rios do ped\u00e1gio da [&hellip;]<\/p>\n","protected":false},"author":5,"featured_media":7988,"comment_status":"closed","ping_status":"open","sticky":false,"template":"","format":"standard","meta":{"_monsterinsights_skip_tracking":false,"_monsterinsights_sitenote_active":false,"_monsterinsights_sitenote_note":"","_monsterinsights_sitenote_category":0,"footnotes":""},"categories":[1],"tags":[],"class_list":["post-16025","post","type-post","status-publish","format-standard","has-post-thumbnail","hentry","category-sem-categoria"],"_links":{"self":[{"href":"https:\/\/pc.sc.gov.br\/index.php?rest_route=\/wp\/v2\/posts\/16025","targetHints":{"allow":["GET"]}}],"collection":[{"href":"https:\/\/pc.sc.gov.br\/index.php?rest_route=\/wp\/v2\/posts"}],"about":[{"href":"https:\/\/pc.sc.gov.br\/index.php?rest_route=\/wp\/v2\/types\/post"}],"author":[{"embeddable":true,"href":"https:\/\/pc.sc.gov.br\/index.php?rest_route=\/wp\/v2\/users\/5"}],"replies":[{"embeddable":true,"href":"https:\/\/pc.sc.gov.br\/index.php?rest_route=%2Fwp%2Fv2%2Fcomments&post=16025"}],"version-history":[{"count":4,"href":"https:\/\/pc.sc.gov.br\/index.php?rest_route=\/wp\/v2\/posts\/16025\/revisions"}],"predecessor-version":[{"id":16029,"href":"https:\/\/pc.sc.gov.br\/index.php?rest_route=\/wp\/v2\/posts\/16025\/revisions\/16029"}],"wp:featuredmedia":[{"embeddable":true,"href":"https:\/\/pc.sc.gov.br\/index.php?rest_route=\/wp\/v2\/media\/7988"}],"wp:attachment":[{"href":"https:\/\/pc.sc.gov.br\/index.php?rest_route=%2Fwp%2Fv2%2Fmedia&parent=16025"}],"wp:term":[{"taxonomy":"category","embeddable":true,"href":"https:\/\/pc.sc.gov.br\/index.php?rest_route=%2Fwp%2Fv2%2Fcategories&post=16025"},{"taxonomy":"post_tag","embeddable":true,"href":"https:\/\/pc.sc.gov.br\/index.php?rest_route=%2Fwp%2Fv2%2Ftags&post=16025"}],"curies":[{"name":"wp","href":"https:\/\/api.w.org\/{rel}","templated":true}]}}