{"id":16030,"date":"2023-12-14T19:41:57","date_gmt":"2023-12-14T22:41:57","guid":{"rendered":"https:\/\/pc.sc.gov.br\/?p=16030"},"modified":"2023-12-15T13:25:46","modified_gmt":"2023-12-15T16:25:46","slug":"policia-civil-prende-estelionatario-investigado-por-aplicar-golpe-milionario-em-ararangua","status":"publish","type":"post","link":"https:\/\/pc.sc.gov.br\/?p=16030","title":{"rendered":"Pol\u00edcia Civil prende estelionat\u00e1rio investigado por aplicar golpe milion\u00e1rio em Ararangu\u00e1"},"content":{"rendered":"\t\t<div data-elementor-type=\"wp-post\" data-elementor-id=\"16030\" class=\"elementor elementor-16030\" data-elementor-post-type=\"post\">\n\t\t\t\t\t\t<section class=\"elementor-section elementor-top-section elementor-element elementor-element-f99b406 elementor-section-boxed elementor-section-height-default elementor-section-height-default\" data-id=\"f99b406\" data-element_type=\"section\">\n\t\t\t\t\t\t<div class=\"elementor-container elementor-column-gap-default\">\n\t\t\t\t\t<div class=\"elementor-column elementor-col-100 elementor-top-column elementor-element elementor-element-7657ac2\" data-id=\"7657ac2\" data-element_type=\"column\">\n\t\t\t<div class=\"elementor-widget-wrap elementor-element-populated\">\n\t\t\t\t\t\t<div class=\"elementor-element elementor-element-0a744d6 elementor-widget elementor-widget-heading\" data-id=\"0a744d6\" data-element_type=\"widget\" data-widget_type=\"heading.default\">\n\t\t\t\t<div class=\"elementor-widget-container\">\n\t\t\t\t\t<h2 class=\"elementor-heading-title elementor-size-default\">Pol\u00edcia Civil prende estelionat\u00e1rio investigado por aplicar golpe milion\u00e1rio em Ararangu\u00e1<\/h2>\t\t\t\t<\/div>\n\t\t\t\t<\/div>\n\t\t\t\t\t<\/div>\n\t\t<\/div>\n\t\t\t\t\t<\/div>\n\t\t<\/section>\n\t\t\t\t<section class=\"elementor-section elementor-top-section elementor-element elementor-element-82c1664 elementor-section-boxed elementor-section-height-default elementor-section-height-default\" data-id=\"82c1664\" data-element_type=\"section\">\n\t\t\t\t\t\t<div class=\"elementor-container elementor-column-gap-default\">\n\t\t\t\t\t<div class=\"elementor-column elementor-col-100 elementor-top-column elementor-element elementor-element-a50b5d1\" data-id=\"a50b5d1\" data-element_type=\"column\">\n\t\t\t<div class=\"elementor-widget-wrap elementor-element-populated\">\n\t\t\t\t\t\t<div class=\"elementor-element elementor-element-6cf6fe6 elementor-widget elementor-widget-image\" data-id=\"6cf6fe6\" data-element_type=\"widget\" data-widget_type=\"image.default\">\n\t\t\t\t<div class=\"elementor-widget-container\">\n\t\t\t\t\t\t\t\t\t\t\t\t\t\t\t<img fetchpriority=\"high\" decoding=\"async\" width=\"510\" height=\"680\" src=\"https:\/\/pc.sc.gov.br\/\/wp-content\/uploads\/2022\/12\/DIC_00063.jpg\" class=\"attachment-large size-large wp-image-2561\" alt=\"\" srcset=\"https:\/\/pc.sc.gov.br\/\/wp-content\/uploads\/2022\/12\/DIC_00063.jpg 510w, https:\/\/pc.sc.gov.br\/\/wp-content\/uploads\/2022\/12\/DIC_00063-225x300.jpg 225w\" sizes=\"(max-width: 510px) 100vw, 510px\" \/>\t\t\t\t\t\t\t\t\t\t\t\t\t\t\t<\/div>\n\t\t\t\t<\/div>\n\t\t\t\t\t<\/div>\n\t\t<\/div>\n\t\t\t\t\t<\/div>\n\t\t<\/section>\n\t\t\t\t<section class=\"elementor-section elementor-top-section elementor-element elementor-element-3b8c041 elementor-section-boxed elementor-section-height-default elementor-section-height-default\" data-id=\"3b8c041\" data-element_type=\"section\">\n\t\t\t\t\t\t<div class=\"elementor-container elementor-column-gap-default\">\n\t\t\t\t\t<div class=\"elementor-column elementor-col-100 elementor-top-column elementor-element elementor-element-667dc76\" data-id=\"667dc76\" data-element_type=\"column\">\n\t\t\t<div class=\"elementor-widget-wrap elementor-element-populated\">\n\t\t\t\t\t\t<div class=\"elementor-element elementor-element-6f37956 elementor-widget elementor-widget-text-editor\" data-id=\"6f37956\" data-element_type=\"widget\" data-widget_type=\"text-editor.default\">\n\t\t\t\t<div class=\"elementor-widget-container\">\n\t\t\t\t\t\t\t\t\t<p>A Pol\u00edcia Civil de Santa Catarina, por meio da Divis\u00e3o de Investiga\u00e7\u00e3o Criminal de Ararangu\u00e1, realizou a pris\u00e3o preventiva de um homem, pelo crime de estelionato em concurso material com crimes contra a Administra\u00e7\u00e3o P\u00fablica, relacionados a parcelamento do solo urbano. O homem \u00e9 investigado por ter se apropriado de mais de R$ 5 milh\u00f5es de diversas v\u00edtimas da regi\u00e3o de Ararangu\u00e1. A investiga\u00e7\u00e3o iniciou na 1\u00aa Delegacia de Pol\u00edcia de Ararangu\u00e1.&nbsp;<br>O preso fora localizado ap\u00f3s campanas e dilig\u00eancias investigativas em sua resid\u00eancia, no Morro dos Conventos. Ap\u00f3s seu recolhimento, ele foi encaminhado para o pres\u00eddio Regional de Ararangu\u00e1. <\/p>\t\t\t\t\t\t\t\t<\/div>\n\t\t\t\t<\/div>\n\t\t\t\t\t<\/div>\n\t\t<\/div>\n\t\t\t\t\t<\/div>\n\t\t<\/section>\n\t\t\t\t<\/div>\n\t\t","protected":false},"excerpt":{"rendered":"<p>Pol\u00edcia Civil prende estelionat\u00e1rio investigado por aplicar golpe milion\u00e1rio em Ararangu\u00e1 A Pol\u00edcia Civil de Santa Catarina, por meio da Divis\u00e3o de Investiga\u00e7\u00e3o Criminal de Ararangu\u00e1, realizou a pris\u00e3o preventiva de um homem, pelo crime de estelionato em concurso material com crimes contra a Administra\u00e7\u00e3o P\u00fablica, relacionados a parcelamento do solo urbano. O homem \u00e9 [&hellip;]<\/p>\n","protected":false},"author":5,"featured_media":2561,"comment_status":"closed","ping_status":"open","sticky":false,"template":"","format":"standard","meta":{"_monsterinsights_skip_tracking":false,"_monsterinsights_sitenote_active":false,"_monsterinsights_sitenote_note":"","_monsterinsights_sitenote_category":0,"footnotes":""},"categories":[1],"tags":[],"class_list":["post-16030","post","type-post","status-publish","format-standard","has-post-thumbnail","hentry","category-sem-categoria"],"_links":{"self":[{"href":"https:\/\/pc.sc.gov.br\/index.php?rest_route=\/wp\/v2\/posts\/16030","targetHints":{"allow":["GET"]}}],"collection":[{"href":"https:\/\/pc.sc.gov.br\/index.php?rest_route=\/wp\/v2\/posts"}],"about":[{"href":"https:\/\/pc.sc.gov.br\/index.php?rest_route=\/wp\/v2\/types\/post"}],"author":[{"embeddable":true,"href":"https:\/\/pc.sc.gov.br\/index.php?rest_route=\/wp\/v2\/users\/5"}],"replies":[{"embeddable":true,"href":"https:\/\/pc.sc.gov.br\/index.php?rest_route=%2Fwp%2Fv2%2Fcomments&post=16030"}],"version-history":[{"count":7,"href":"https:\/\/pc.sc.gov.br\/index.php?rest_route=\/wp\/v2\/posts\/16030\/revisions"}],"predecessor-version":[{"id":16047,"href":"https:\/\/pc.sc.gov.br\/index.php?rest_route=\/wp\/v2\/posts\/16030\/revisions\/16047"}],"wp:featuredmedia":[{"embeddable":true,"href":"https:\/\/pc.sc.gov.br\/index.php?rest_route=\/wp\/v2\/media\/2561"}],"wp:attachment":[{"href":"https:\/\/pc.sc.gov.br\/index.php?rest_route=%2Fwp%2Fv2%2Fmedia&parent=16030"}],"wp:term":[{"taxonomy":"category","embeddable":true,"href":"https:\/\/pc.sc.gov.br\/index.php?rest_route=%2Fwp%2Fv2%2Fcategories&post=16030"},{"taxonomy":"post_tag","embeddable":true,"href":"https:\/\/pc.sc.gov.br\/index.php?rest_route=%2Fwp%2Fv2%2Ftags&post=16030"}],"curies":[{"name":"wp","href":"https:\/\/api.w.org\/{rel}","templated":true}]}}