{"id":16035,"date":"2023-12-15T12:33:34","date_gmt":"2023-12-15T15:33:34","guid":{"rendered":"https:\/\/pc.sc.gov.br\/?p=16035"},"modified":"2023-12-15T12:36:39","modified_gmt":"2023-12-15T15:36:39","slug":"estacao-verao-policia-civil-participa-do-lancamento-da-acao-do-governo-de-sc-que-reforcara-a-presenca-de-guarda-vidas-aumentara-o-policiamento-e-ampliara-acoes-para-garantir-balneabilidade-das-praia","status":"publish","type":"post","link":"https:\/\/pc.sc.gov.br\/?p=16035","title":{"rendered":"Esta\u00e7\u00e3o Ver\u00e3o: Pol\u00edcia Civil participa do lan\u00e7amento da a\u00e7\u00e3o do Governo de SC que refor\u00e7ar\u00e1 a presen\u00e7a de guarda-vidas, aumentar\u00e1 o policiamento e ampliar\u00e1 a\u00e7\u00f5es para garantir balneabilidade das praias neste ver\u00e3o"},"content":{"rendered":"\t\t<div data-elementor-type=\"wp-post\" data-elementor-id=\"16035\" class=\"elementor elementor-16035\" data-elementor-post-type=\"post\">\n\t\t\t\t\t\t<section class=\"elementor-section elementor-top-section elementor-element elementor-element-d8de998 elementor-section-boxed elementor-section-height-default elementor-section-height-default\" data-id=\"d8de998\" data-element_type=\"section\">\n\t\t\t\t\t\t<div class=\"elementor-container elementor-column-gap-default\">\n\t\t\t\t\t<div class=\"elementor-column elementor-col-100 elementor-top-column elementor-element elementor-element-fe9e9f7\" data-id=\"fe9e9f7\" data-element_type=\"column\">\n\t\t\t<div class=\"elementor-widget-wrap elementor-element-populated\">\n\t\t\t\t\t\t<div class=\"elementor-element elementor-element-3b4eefe elementor-widget elementor-widget-heading\" data-id=\"3b4eefe\" data-element_type=\"widget\" data-widget_type=\"heading.default\">\n\t\t\t\t<div class=\"elementor-widget-container\">\n\t\t\t\t\t<h2 class=\"elementor-heading-title elementor-size-default\">Esta\u00e7\u00e3o Ver\u00e3o: Pol\u00edcia Civil participa do lan\u00e7amento da a\u00e7\u00e3o do Governo de SC que refor\u00e7ar\u00e1 a presen\u00e7a de guarda-vidas, aumentar\u00e1 o policiamento e ampliar\u00e1 a\u00e7\u00f5es para garantir balneabilidade das praias neste ver\u00e3o<\/h2>\t\t\t\t<\/div>\n\t\t\t\t<\/div>\n\t\t\t\t\t<\/div>\n\t\t<\/div>\n\t\t\t\t\t<\/div>\n\t\t<\/section>\n\t\t\t\t<section class=\"elementor-section elementor-top-section elementor-element elementor-element-1e28c55 elementor-section-boxed elementor-section-height-default elementor-section-height-default\" data-id=\"1e28c55\" data-element_type=\"section\">\n\t\t\t\t\t\t<div class=\"elementor-container elementor-column-gap-default\">\n\t\t\t\t\t<div class=\"elementor-column elementor-col-100 elementor-top-column elementor-element elementor-element-b146664\" data-id=\"b146664\" data-element_type=\"column\">\n\t\t\t<div class=\"elementor-widget-wrap elementor-element-populated\">\n\t\t\t\t\t\t<div class=\"elementor-element elementor-element-4736bc0 elementor-widget elementor-widget-image\" data-id=\"4736bc0\" data-element_type=\"widget\" data-widget_type=\"image.default\">\n\t\t\t\t<div class=\"elementor-widget-container\">\n\t\t\t\t\t\t\t\t\t\t\t\t\t\t\t<img fetchpriority=\"high\" decoding=\"async\" width=\"696\" height=\"464\" src=\"https:\/\/pc.sc.gov.br\/\/wp-content\/uploads\/2023\/12\/53399560463_9ee2e78c68_k-1024x683.jpg\" class=\"attachment-large size-large wp-image-16037\" alt=\"\" srcset=\"https:\/\/pc.sc.gov.br\/\/wp-content\/uploads\/2023\/12\/53399560463_9ee2e78c68_k-1024x683.jpg 1024w, https:\/\/pc.sc.gov.br\/\/wp-content\/uploads\/2023\/12\/53399560463_9ee2e78c68_k-300x200.jpg 300w, https:\/\/pc.sc.gov.br\/\/wp-content\/uploads\/2023\/12\/53399560463_9ee2e78c68_k-768x512.jpg 768w, https:\/\/pc.sc.gov.br\/\/wp-content\/uploads\/2023\/12\/53399560463_9ee2e78c68_k-1536x1024.jpg 1536w, https:\/\/pc.sc.gov.br\/\/wp-content\/uploads\/2023\/12\/53399560463_9ee2e78c68_k.jpg 2048w\" sizes=\"(max-width: 696px) 100vw, 696px\" \/>\t\t\t\t\t\t\t\t\t\t\t\t\t\t\t<\/div>\n\t\t\t\t<\/div>\n\t\t\t\t\t<\/div>\n\t\t<\/div>\n\t\t\t\t\t<\/div>\n\t\t<\/section>\n\t\t\t\t<section class=\"elementor-section elementor-top-section elementor-element elementor-element-97c4932 elementor-section-boxed elementor-section-height-default elementor-section-height-default\" data-id=\"97c4932\" data-element_type=\"section\">\n\t\t\t\t\t\t<div class=\"elementor-container elementor-column-gap-default\">\n\t\t\t\t\t<div class=\"elementor-column elementor-col-100 elementor-top-column elementor-element elementor-element-e9cf102\" data-id=\"e9cf102\" data-element_type=\"column\">\n\t\t\t<div class=\"elementor-widget-wrap elementor-element-populated\">\n\t\t\t\t\t\t<div class=\"elementor-element elementor-element-9a5efe1 elementor-widget elementor-widget-text-editor\" data-id=\"9a5efe1\" data-element_type=\"widget\" data-widget_type=\"text-editor.default\">\n\t\t\t\t<div class=\"elementor-widget-container\">\n\t\t\t\t\t\t\t\t\t<p>Nesta sexta-feira (15), o Governo de Santa Catarina lan\u00e7ou oficialmente um extenso pacote de a\u00e7\u00f5es para a Esta\u00e7\u00e3o Ver\u00e3o na temporada 2023\/2024. A Pol\u00edcia Civil de Santa Catarina, representada pelo seu delegado-geral, Ulisses Gabriel, esteve presente no evento e garantiu refor\u00e7o policial n\u00e3o apenas para o atendimento do cidad\u00e3o nos registros de ocorr\u00eancias, mas tamb\u00e9m para o trabalho de investiga\u00e7\u00e3o e outras a\u00e7\u00f5es espec\u00edficas, com a finalidade de levar uma pronta resposta \u00e0 sociedade catarinense e seus visitantes. <br>\u201cA Pol\u00edcia Civil de Santa Catarina ir\u00e1 refor\u00e7ar o seu contingente no litoral e nas delegacias de regi\u00f5es praianas, iremos garantir o atendimento de excel\u00eancia ao turista e ao catarinense\u201d, explica o delegado-geral.<br><b><br>A\u00e7\u00f5es da Pol\u00edcia Civil<\/b><br>Durante a opera\u00e7\u00e3o Esta\u00e7\u00e3o Ver\u00e3o 2023-2024, a Pol\u00edcia Civil de Santa Catarina realizar\u00e1 diversas a\u00e7\u00f5es no \u00e2mbito da seguran\u00e7a p\u00fablica objetivando uma resposta r\u00e1pida e efetiva para aqueles cidad\u00e3os que est\u00e3o passando pelo estado de SC, seja de f\u00e9rias, passeio ou mesmo a trabalho, e que de alguma forma venham a serem v\u00edtimas de atos criminosos.<br>No total, 1.193 policiais civis, entre delegados, agentes e escriv\u00e3es de pol\u00edcia, estar\u00e3o mobilizados para a opera\u00e7\u00e3o, sendo que 400 deles foram convocados de outras regi\u00f5es do estado especificamente para a opera\u00e7\u00e3o Esta\u00e7\u00e3o Ver\u00e3o. <br>Durante as a\u00e7\u00f5es, a PCSC objetiva aproximar-se ainda mais da sociedade catarinense, por meio de entrega de pulseiras de identifica\u00e7\u00e3o e de distintivo de Policial Mirim para as crian\u00e7as. Al\u00e9m disso, ser\u00e3o utilizados quadriciclos que permitir\u00e3o que o policial possa percorrer uma extens\u00e3o maior de areia por per\u00edodo, visando um melhor atendimento.<br>A Pol\u00edcia Civil contar\u00e1 com atendimento bil\u00edngue aos turistas nas unidades do aeroporto e do terminal Rita Maria. Durante o per\u00edodo, acontecer\u00e3o ainda a\u00e7\u00f5es de cinotecnia policial (envolvendo c\u00e3es), do Servi\u00e7o Aeropolicial (SAER), da Coordenadoria de Opera\u00e7\u00f5es e Recursos Especiais da PCSC, atendimentos \u00e0s v\u00edtimas de viol\u00eancia dom\u00e9stica nas Salas Lil\u00e1s, a\u00e7\u00f5es dos N\u00facleos de Intelig\u00eancia da PCSC e da Ger\u00eancia de Tecnologia e Informa\u00e7\u00e3o da PCSC.<span style=\"font-family: var( --e-global-typography-primary-font-family ), Sans-serif; font-size: var( --e-global-typography-primary-font-size ); font-weight: var( --e-global-typography-primary-font-weight ); letter-spacing: var( --e-global-typography-primary-letter-spacing );\">&nbsp;<\/span><\/p><p><br><\/p>\t\t\t\t\t\t\t\t<\/div>\n\t\t\t\t<\/div>\n\t\t\t\t\t<\/div>\n\t\t<\/div>\n\t\t\t\t\t<\/div>\n\t\t<\/section>\n\t\t\t\t<section class=\"elementor-section elementor-top-section elementor-element elementor-element-be34c16 elementor-section-boxed elementor-section-height-default elementor-section-height-default\" data-id=\"be34c16\" data-element_type=\"section\">\n\t\t\t\t\t\t<div class=\"elementor-container elementor-column-gap-default\">\n\t\t\t\t\t<div class=\"elementor-column elementor-col-100 elementor-top-column elementor-element elementor-element-0a847a4\" data-id=\"0a847a4\" data-element_type=\"column\">\n\t\t\t<div class=\"elementor-widget-wrap elementor-element-populated\">\n\t\t\t\t\t\t<div class=\"elementor-element elementor-element-61af7d3 elementor-widget elementor-widget-image\" data-id=\"61af7d3\" data-element_type=\"widget\" data-widget_type=\"image.default\">\n\t\t\t\t<div class=\"elementor-widget-container\">\n\t\t\t\t\t\t\t\t\t\t\t\t\t\t\t<img decoding=\"async\" width=\"696\" height=\"464\" src=\"https:\/\/pc.sc.gov.br\/\/wp-content\/uploads\/2023\/12\/53398440622_a835bbc45d_k-1024x683.jpg\" class=\"attachment-large size-large wp-image-16036\" alt=\"\" srcset=\"https:\/\/pc.sc.gov.br\/\/wp-content\/uploads\/2023\/12\/53398440622_a835bbc45d_k-1024x683.jpg 1024w, https:\/\/pc.sc.gov.br\/\/wp-content\/uploads\/2023\/12\/53398440622_a835bbc45d_k-300x200.jpg 300w, https:\/\/pc.sc.gov.br\/\/wp-content\/uploads\/2023\/12\/53398440622_a835bbc45d_k-768x512.jpg 768w, https:\/\/pc.sc.gov.br\/\/wp-content\/uploads\/2023\/12\/53398440622_a835bbc45d_k-1536x1024.jpg 1536w, https:\/\/pc.sc.gov.br\/\/wp-content\/uploads\/2023\/12\/53398440622_a835bbc45d_k.jpg 2048w\" sizes=\"(max-width: 696px) 100vw, 696px\" \/>\t\t\t\t\t\t\t\t\t\t\t\t\t\t\t<\/div>\n\t\t\t\t<\/div>\n\t\t\t\t\t<\/div>\n\t\t<\/div>\n\t\t\t\t\t<\/div>\n\t\t<\/section>\n\t\t\t\t<section class=\"elementor-section elementor-top-section elementor-element elementor-element-0ef3740 elementor-section-boxed elementor-section-height-default elementor-section-height-default\" data-id=\"0ef3740\" data-element_type=\"section\">\n\t\t\t\t\t\t<div class=\"elementor-container elementor-column-gap-default\">\n\t\t\t\t\t<div class=\"elementor-column elementor-col-100 elementor-top-column elementor-element elementor-element-185d62d\" data-id=\"185d62d\" data-element_type=\"column\">\n\t\t\t<div class=\"elementor-widget-wrap elementor-element-populated\">\n\t\t\t\t\t\t<div class=\"elementor-element elementor-element-4cce2de elementor-widget elementor-widget-text-editor\" data-id=\"4cce2de\" data-element_type=\"widget\" data-widget_type=\"text-editor.default\">\n\t\t\t\t<div class=\"elementor-widget-container\">\n\t\t\t\t\t\t\t\t\t<p><b>Opera\u00e7\u00e3o Esta\u00e7\u00e3o Ver\u00e3o 2023-2024<br><\/b><br>O esfor\u00e7o conjunto do Governo do Estado tem como objetivo organizar os trabalhos em uma temporada em que h\u00e1 um enorme n\u00famero de visitantes e um aumento no fluxo em suas praias, resorts, parques-aqu\u00e1ticos e tudo que o ver\u00e3o pode proporcionar. A estimativa \u00e9 de que 2,8 milh\u00f5es de turistas de outros estados e internacionais venham para as cidades catarinenses.<br>Para organiza\u00e7\u00e3o dos trabalhos do Poder P\u00fablico, as a\u00e7\u00f5es da Esta\u00e7\u00e3o Ver\u00e3o est\u00e3o previstas entre dezembro 2023 e mar\u00e7o de 2024. Est\u00e3o envolvidos a Pol\u00edcia Cient\u00edfica, a Pol\u00edcia Civil, os Bombeiros Militares, a Pol\u00edcia Militar, a Casan, a Celesc, a Secretaria de Estado da Sa\u00fade, a Secretaria de Estado do Turismo e o Instituto de Meio Ambiente de SC.<br>\u201cEstamos dando a devida aten\u00e7\u00e3o a nossa esta\u00e7\u00e3o de ver\u00e3o, n\u00e3o ser\u00e1 mais apenas uma temporada e sim uma esta\u00e7\u00e3o fixa. S\u00e3o todas as for\u00e7as do Estado trabalhando na maior opera\u00e7\u00e3o do turismo nunca vista antes\u201d, destaca o governador Jorginho Mello.<br>Al\u00e9m da a\u00e7\u00e3o conjunta de v\u00e1rios \u00f3rg\u00e3os p\u00fablicos estaduais, a Esta\u00e7\u00e3o Ver\u00e3o conta com a participa\u00e7\u00e3o de organiza\u00e7\u00f5es do setor privado: como o Sebrae e a Federa\u00e7\u00e3o do Com\u00e9rcio de Bens, Servi\u00e7os e Turismo de Santa Catarina (Fecomercio-SC), tendo o objetivo de destacar o estado nacionalmente e internacionalmente nesse per\u00edodo.<br>Nas a\u00e7\u00f5es tur\u00edsticas, um dos principais intuitos da Secretaria de Turismo (SETUR) \u00e9 apresentar o estado como uma est\u00e2ncia tur\u00edstica e explorar todo o potencial de Santa Catarina. Assim, durante o ver\u00e3o, o programa tem como objetivo mostrar mais escolhas para quem deseja explorar o turismo catarinense. Em 2023, Santa Catarina recebeu 10 premia\u00e7\u00f5es no evento nacional \u201cO Melhor de Viagem e Turismo\u201d, do Grupo Abril, o que mostra o reconhecimento atual em n\u00edvel nacional e deve aumentar o n\u00famero de visitantes no estado.<br>As estimativas para a temporada de ver\u00e3o de 2023\/2024 preveem um aumento de 12% na popula\u00e7\u00e3o flutuante no litoral catarinense, em compara\u00e7\u00e3o com o ver\u00e3o anterior. A estimativa de fluxo a\u00e9reo ter\u00e1 um aumento de 10% em rela\u00e7\u00e3o \u00e0 temporada de ver\u00e3o anterior, com crescimento de cerca de 27% no n\u00famero de passageiros nacionais e 38% nos internacionais, em compara\u00e7\u00e3o ao ano anterior.<\/p>\n<p><i>Com informa\u00e7\u00f5es e fotos da SECOM\/SC.<\/i><\/p>\t\t\t\t\t\t\t\t<\/div>\n\t\t\t\t<\/div>\n\t\t\t\t\t<\/div>\n\t\t<\/div>\n\t\t\t\t\t<\/div>\n\t\t<\/section>\n\t\t\t\t<\/div>\n\t\t","protected":false},"excerpt":{"rendered":"<p>Esta\u00e7\u00e3o Ver\u00e3o: Pol\u00edcia Civil participa do lan\u00e7amento da a\u00e7\u00e3o do Governo de SC que refor\u00e7ar\u00e1 a presen\u00e7a de guarda-vidas, aumentar\u00e1 o policiamento e ampliar\u00e1 a\u00e7\u00f5es para garantir balneabilidade das praias neste ver\u00e3o Nesta sexta-feira (15), o Governo de Santa Catarina lan\u00e7ou oficialmente um extenso pacote de a\u00e7\u00f5es para a Esta\u00e7\u00e3o Ver\u00e3o na temporada 2023\/2024. A [&hellip;]<\/p>\n","protected":false},"author":5,"featured_media":16037,"comment_status":"closed","ping_status":"open","sticky":false,"template":"","format":"standard","meta":{"_monsterinsights_skip_tracking":false,"_monsterinsights_sitenote_active":false,"_monsterinsights_sitenote_note":"","_monsterinsights_sitenote_category":0,"footnotes":""},"categories":[1],"tags":[],"class_list":["post-16035","post","type-post","status-publish","format-standard","has-post-thumbnail","hentry","category-sem-categoria"],"_links":{"self":[{"href":"https:\/\/pc.sc.gov.br\/index.php?rest_route=\/wp\/v2\/posts\/16035","targetHints":{"allow":["GET"]}}],"collection":[{"href":"https:\/\/pc.sc.gov.br\/index.php?rest_route=\/wp\/v2\/posts"}],"about":[{"href":"https:\/\/pc.sc.gov.br\/index.php?rest_route=\/wp\/v2\/types\/post"}],"author":[{"embeddable":true,"href":"https:\/\/pc.sc.gov.br\/index.php?rest_route=\/wp\/v2\/users\/5"}],"replies":[{"embeddable":true,"href":"https:\/\/pc.sc.gov.br\/index.php?rest_route=%2Fwp%2Fv2%2Fcomments&post=16035"}],"version-history":[{"count":7,"href":"https:\/\/pc.sc.gov.br\/index.php?rest_route=\/wp\/v2\/posts\/16035\/revisions"}],"predecessor-version":[{"id":16044,"href":"https:\/\/pc.sc.gov.br\/index.php?rest_route=\/wp\/v2\/posts\/16035\/revisions\/16044"}],"wp:featuredmedia":[{"embeddable":true,"href":"https:\/\/pc.sc.gov.br\/index.php?rest_route=\/wp\/v2\/media\/16037"}],"wp:attachment":[{"href":"https:\/\/pc.sc.gov.br\/index.php?rest_route=%2Fwp%2Fv2%2Fmedia&parent=16035"}],"wp:term":[{"taxonomy":"category","embeddable":true,"href":"https:\/\/pc.sc.gov.br\/index.php?rest_route=%2Fwp%2Fv2%2Fcategories&post=16035"},{"taxonomy":"post_tag","embeddable":true,"href":"https:\/\/pc.sc.gov.br\/index.php?rest_route=%2Fwp%2Fv2%2Ftags&post=16035"}],"curies":[{"name":"wp","href":"https:\/\/api.w.org\/{rel}","templated":true}]}}