{"id":16048,"date":"2023-12-15T13:45:06","date_gmt":"2023-12-15T16:45:06","guid":{"rendered":"https:\/\/pc.sc.gov.br\/?p=16048"},"modified":"2023-12-15T13:46:03","modified_gmt":"2023-12-15T16:46:03","slug":"policia-civil-deflagra-2a-fase-da-operacao-fentanil-2-e-prende-mais-tres-pessoas-nos-estados-de-minas-gerais-e-sao-paulo","status":"publish","type":"post","link":"https:\/\/pc.sc.gov.br\/?p=16048","title":{"rendered":"Pol\u00edcia Civil deflagra 2\u00aa fase da opera\u00e7\u00e3o \u201cFentanil 2\u201d e prende mais tr\u00eas pessoas nos estados de Minas Gerais e S\u00e3o Paulo"},"content":{"rendered":"\t\t<div data-elementor-type=\"wp-post\" data-elementor-id=\"16048\" class=\"elementor elementor-16048\" data-elementor-post-type=\"post\">\n\t\t\t\t\t\t<section class=\"elementor-section elementor-top-section elementor-element elementor-element-670e2bf elementor-section-boxed elementor-section-height-default elementor-section-height-default\" data-id=\"670e2bf\" data-element_type=\"section\">\n\t\t\t\t\t\t<div class=\"elementor-container elementor-column-gap-default\">\n\t\t\t\t\t<div class=\"elementor-column elementor-col-100 elementor-top-column elementor-element elementor-element-0e49271\" data-id=\"0e49271\" data-element_type=\"column\">\n\t\t\t<div class=\"elementor-widget-wrap elementor-element-populated\">\n\t\t\t\t\t\t<div class=\"elementor-element elementor-element-62a78c1 elementor-widget elementor-widget-heading\" data-id=\"62a78c1\" data-element_type=\"widget\" data-widget_type=\"heading.default\">\n\t\t\t\t<div class=\"elementor-widget-container\">\n\t\t\t\t\t<h2 class=\"elementor-heading-title elementor-size-default\">Pol\u00edcia Civil deflagra 2\u00aa fase da opera\u00e7\u00e3o \u201cFentanil 2\u201d e prende mais tr\u00eas pessoas nos estados de Minas Gerais e S\u00e3o Paulo<\/h2>\t\t\t\t<\/div>\n\t\t\t\t<\/div>\n\t\t\t\t\t<\/div>\n\t\t<\/div>\n\t\t\t\t\t<\/div>\n\t\t<\/section>\n\t\t\t\t<section class=\"elementor-section elementor-top-section elementor-element elementor-element-cf649f2 elementor-section-boxed elementor-section-height-default elementor-section-height-default\" data-id=\"cf649f2\" data-element_type=\"section\">\n\t\t\t\t\t\t<div class=\"elementor-container elementor-column-gap-default\">\n\t\t\t\t\t<div class=\"elementor-column elementor-col-100 elementor-top-column elementor-element elementor-element-4f04957\" data-id=\"4f04957\" data-element_type=\"column\">\n\t\t\t<div class=\"elementor-widget-wrap elementor-element-populated\">\n\t\t\t\t\t\t<div class=\"elementor-element elementor-element-f133ef3 elementor-widget elementor-widget-image\" data-id=\"f133ef3\" data-element_type=\"widget\" data-widget_type=\"image.default\">\n\t\t\t\t<div class=\"elementor-widget-container\">\n\t\t\t\t\t\t\t\t\t\t\t\t\t\t\t<img fetchpriority=\"high\" decoding=\"async\" width=\"696\" height=\"392\" src=\"https:\/\/pc.sc.gov.br\/\/wp-content\/uploads\/2023\/12\/WhatsApp-Image-2023-12-15-at-09.32.19-1024x576.jpeg\" class=\"attachment-large size-large wp-image-16049\" alt=\"\" srcset=\"https:\/\/pc.sc.gov.br\/\/wp-content\/uploads\/2023\/12\/WhatsApp-Image-2023-12-15-at-09.32.19-1024x576.jpeg 1024w, https:\/\/pc.sc.gov.br\/\/wp-content\/uploads\/2023\/12\/WhatsApp-Image-2023-12-15-at-09.32.19-300x169.jpeg 300w, https:\/\/pc.sc.gov.br\/\/wp-content\/uploads\/2023\/12\/WhatsApp-Image-2023-12-15-at-09.32.19-768x432.jpeg 768w, https:\/\/pc.sc.gov.br\/\/wp-content\/uploads\/2023\/12\/WhatsApp-Image-2023-12-15-at-09.32.19-1536x864.jpeg 1536w, https:\/\/pc.sc.gov.br\/\/wp-content\/uploads\/2023\/12\/WhatsApp-Image-2023-12-15-at-09.32.19.jpeg 1600w\" sizes=\"(max-width: 696px) 100vw, 696px\" \/>\t\t\t\t\t\t\t\t\t\t\t\t\t\t\t<\/div>\n\t\t\t\t<\/div>\n\t\t\t\t\t<\/div>\n\t\t<\/div>\n\t\t\t\t\t<\/div>\n\t\t<\/section>\n\t\t\t\t<section class=\"elementor-section elementor-top-section elementor-element elementor-element-c780557 elementor-section-boxed elementor-section-height-default elementor-section-height-default\" data-id=\"c780557\" data-element_type=\"section\">\n\t\t\t\t\t\t<div class=\"elementor-container elementor-column-gap-default\">\n\t\t\t\t\t<div class=\"elementor-column elementor-col-100 elementor-top-column elementor-element elementor-element-7b8ad38\" data-id=\"7b8ad38\" data-element_type=\"column\">\n\t\t\t<div class=\"elementor-widget-wrap elementor-element-populated\">\n\t\t\t\t\t\t<div class=\"elementor-element elementor-element-a5ec167 elementor-widget elementor-widget-text-editor\" data-id=\"a5ec167\" data-element_type=\"widget\" data-widget_type=\"text-editor.default\">\n\t\t\t\t<div class=\"elementor-widget-container\">\n\t\t\t\t\t\t\t\t\t<p>Nesta sexta-feira (15), a Pol\u00edcia Civil de Santa Catarina, por meio da Divis\u00e3o de Investiga\u00e7\u00f5es Criminais de Lages, com apoio das Pol\u00edcias Civis dos estados de Minas Gerais, S\u00e3o Paulo e Mato Grosso do Sul, cumpriu seis mandados de pris\u00f5es e de busca e apreens\u00e3o nas cidades de Matozinhos (MG), Itaporanga (SP), Sorocaba (SP) e Campo Grande (MS).<br \/>Foram presas, por for\u00e7a de mandados de pris\u00f5es tempor\u00e1rias, expedidos pela 2\u00aa Vara Criminal de Lages\/SC, e auto de pris\u00e3o em flagrante, tr\u00eas pessoas envolvidas nos crimes do tr\u00e1fico de drogas, associa\u00e7\u00e3o para o tr\u00e1fico de drogas, organiza\u00e7\u00e3o criminosa e falsidade ideol\u00f3gica. <br \/>Durante as buscas domiciliares foram apreendidos nas resid\u00eancias dos investigados drogas, balan\u00e7a de precis\u00e3o, rem\u00e9dios ilegais, atestados m\u00e9dicos falsos, p\u00e9s \u201cin natura\u201d de maconha e diversos outros itens de interesse para as investiga\u00e7\u00f5es. <br \/>As investiga\u00e7\u00f5es iniciaram em julho deste ano, ap\u00f3s uma rede nacional de TV aberta noticiar um esquema ilegal de subtra\u00e7\u00e3o e venda de medicamentos (Fentanil) de um Hospital P\u00fablico de Lages.<br \/>No decorrer das investiga\u00e7\u00f5es ficou apurado que foi constitu\u00edda uma organiza\u00e7\u00e3o criminosa de \u00e2mbito nacional especializada na venda e distribui\u00e7\u00e3o de drogas, rem\u00e9dios ilegais, receitas m\u00e9dicas e diversos materiais il\u00edcitos. <br \/>Ao todo, nas duas fases da opera\u00e7\u00e3o, foram identificadas e presas cinco pessoas at\u00e9 o momento, sendo uma pris\u00e3o realizada no munic\u00edpio de Lages, uma no munic\u00edpio de Foz do Igua\u00e7u\/PR, duas no munic\u00edpio de Itaporanga\/SP e uma no munic\u00edpio de Matozinho-MG.<\/p>\t\t\t\t\t\t\t\t<\/div>\n\t\t\t\t<\/div>\n\t\t\t\t\t<\/div>\n\t\t<\/div>\n\t\t\t\t\t<\/div>\n\t\t<\/section>\n\t\t\t\t<\/div>\n\t\t","protected":false},"excerpt":{"rendered":"<p>Pol\u00edcia Civil deflagra 2\u00aa fase da opera\u00e7\u00e3o \u201cFentanil 2\u201d e prende mais tr\u00eas pessoas nos estados de Minas Gerais e S\u00e3o Paulo Nesta sexta-feira (15), a Pol\u00edcia Civil de Santa Catarina, por meio da Divis\u00e3o de Investiga\u00e7\u00f5es Criminais de Lages, com apoio das Pol\u00edcias Civis dos estados de Minas Gerais, S\u00e3o Paulo e Mato Grosso [&hellip;]<\/p>\n","protected":false},"author":5,"featured_media":16049,"comment_status":"closed","ping_status":"open","sticky":false,"template":"","format":"standard","meta":{"_monsterinsights_skip_tracking":false,"_monsterinsights_sitenote_active":false,"_monsterinsights_sitenote_note":"","_monsterinsights_sitenote_category":0,"footnotes":""},"categories":[1],"tags":[],"class_list":["post-16048","post","type-post","status-publish","format-standard","has-post-thumbnail","hentry","category-sem-categoria"],"_links":{"self":[{"href":"https:\/\/pc.sc.gov.br\/index.php?rest_route=\/wp\/v2\/posts\/16048","targetHints":{"allow":["GET"]}}],"collection":[{"href":"https:\/\/pc.sc.gov.br\/index.php?rest_route=\/wp\/v2\/posts"}],"about":[{"href":"https:\/\/pc.sc.gov.br\/index.php?rest_route=\/wp\/v2\/types\/post"}],"author":[{"embeddable":true,"href":"https:\/\/pc.sc.gov.br\/index.php?rest_route=\/wp\/v2\/users\/5"}],"replies":[{"embeddable":true,"href":"https:\/\/pc.sc.gov.br\/index.php?rest_route=%2Fwp%2Fv2%2Fcomments&post=16048"}],"version-history":[{"count":4,"href":"https:\/\/pc.sc.gov.br\/index.php?rest_route=\/wp\/v2\/posts\/16048\/revisions"}],"predecessor-version":[{"id":16053,"href":"https:\/\/pc.sc.gov.br\/index.php?rest_route=\/wp\/v2\/posts\/16048\/revisions\/16053"}],"wp:featuredmedia":[{"embeddable":true,"href":"https:\/\/pc.sc.gov.br\/index.php?rest_route=\/wp\/v2\/media\/16049"}],"wp:attachment":[{"href":"https:\/\/pc.sc.gov.br\/index.php?rest_route=%2Fwp%2Fv2%2Fmedia&parent=16048"}],"wp:term":[{"taxonomy":"category","embeddable":true,"href":"https:\/\/pc.sc.gov.br\/index.php?rest_route=%2Fwp%2Fv2%2Fcategories&post=16048"},{"taxonomy":"post_tag","embeddable":true,"href":"https:\/\/pc.sc.gov.br\/index.php?rest_route=%2Fwp%2Fv2%2Ftags&post=16048"}],"curies":[{"name":"wp","href":"https:\/\/api.w.org\/{rel}","templated":true}]}}