{"id":16071,"date":"2023-12-16T16:48:00","date_gmt":"2023-12-16T19:48:00","guid":{"rendered":"https:\/\/pc.sc.gov.br\/?p=16071"},"modified":"2023-12-16T16:52:22","modified_gmt":"2023-12-16T19:52:22","slug":"delegacia-de-protecao-a-animais-domesticos-conclui-inquerito-policial-e-indicia-11-pessoas-por-maus-tratos-a-animais-e-associacao-criminosa-na-pratica-de-farra-do-boi-no-norte-da-ilha","status":"publish","type":"post","link":"https:\/\/pc.sc.gov.br\/?p=16071","title":{"rendered":"Delegacia de Prote\u00e7\u00e3o a Animais Dom\u00e9sticos conclui inqu\u00e9rito policial e indicia 11 pessoas por maus-tratos a animais e associa\u00e7\u00e3o criminosa na pr\u00e1tica de &#8220;Farra do Boi&#8221; no Norte da Ilha"},"content":{"rendered":"\t\t<div data-elementor-type=\"wp-post\" data-elementor-id=\"16071\" class=\"elementor elementor-16071\" data-elementor-post-type=\"post\">\n\t\t\t\t\t\t<section class=\"elementor-section elementor-top-section elementor-element elementor-element-f1e93fd elementor-section-boxed elementor-section-height-default elementor-section-height-default\" data-id=\"f1e93fd\" data-element_type=\"section\">\n\t\t\t\t\t\t<div class=\"elementor-container elementor-column-gap-default\">\n\t\t\t\t\t<div class=\"elementor-column elementor-col-100 elementor-top-column elementor-element elementor-element-25177bf\" data-id=\"25177bf\" data-element_type=\"column\">\n\t\t\t<div class=\"elementor-widget-wrap elementor-element-populated\">\n\t\t\t\t\t\t<div class=\"elementor-element elementor-element-bf7bb15 elementor-widget elementor-widget-heading\" data-id=\"bf7bb15\" data-element_type=\"widget\" data-widget_type=\"heading.default\">\n\t\t\t\t<div class=\"elementor-widget-container\">\n\t\t\t\t\t<h2 class=\"elementor-heading-title elementor-size-default\">Delegacia de Prote\u00e7\u00e3o a Animais Dom\u00e9sticos conclui inqu\u00e9rito policial e indicia 11 pessoas por maus-tratos a animais e associa\u00e7\u00e3o criminosa na pr\u00e1tica de \"Farra do Boi\" no Norte da Ilha<\/h2>\t\t\t\t<\/div>\n\t\t\t\t<\/div>\n\t\t\t\t\t<\/div>\n\t\t<\/div>\n\t\t\t\t\t<\/div>\n\t\t<\/section>\n\t\t\t\t<section class=\"elementor-section elementor-top-section elementor-element elementor-element-34d7962 elementor-section-boxed elementor-section-height-default elementor-section-height-default\" data-id=\"34d7962\" data-element_type=\"section\">\n\t\t\t\t\t\t<div class=\"elementor-container elementor-column-gap-default\">\n\t\t\t\t\t<div class=\"elementor-column elementor-col-100 elementor-top-column elementor-element elementor-element-7e155ba\" data-id=\"7e155ba\" data-element_type=\"column\">\n\t\t\t<div class=\"elementor-widget-wrap elementor-element-populated\">\n\t\t\t\t\t\t<div class=\"elementor-element elementor-element-0290139 elementor-widget elementor-widget-image\" data-id=\"0290139\" data-element_type=\"widget\" data-widget_type=\"image.default\">\n\t\t\t\t<div class=\"elementor-widget-container\">\n\t\t\t\t\t\t\t\t\t\t\t\t\t\t\t<img fetchpriority=\"high\" decoding=\"async\" width=\"576\" height=\"1024\" src=\"https:\/\/pc.sc.gov.br\/\/wp-content\/uploads\/2023\/12\/WhatsApp-Image-2023-12-15-at-19.29.32-576x1024.jpeg\" class=\"attachment-large size-large wp-image-16072\" alt=\"\" srcset=\"https:\/\/pc.sc.gov.br\/\/wp-content\/uploads\/2023\/12\/WhatsApp-Image-2023-12-15-at-19.29.32-576x1024.jpeg 576w, https:\/\/pc.sc.gov.br\/\/wp-content\/uploads\/2023\/12\/WhatsApp-Image-2023-12-15-at-19.29.32-169x300.jpeg 169w, https:\/\/pc.sc.gov.br\/\/wp-content\/uploads\/2023\/12\/WhatsApp-Image-2023-12-15-at-19.29.32.jpeg 720w\" sizes=\"(max-width: 576px) 100vw, 576px\" \/>\t\t\t\t\t\t\t\t\t\t\t\t\t\t\t<\/div>\n\t\t\t\t<\/div>\n\t\t\t\t\t<\/div>\n\t\t<\/div>\n\t\t\t\t\t<\/div>\n\t\t<\/section>\n\t\t\t\t<section class=\"elementor-section elementor-top-section elementor-element elementor-element-12f6177 elementor-section-boxed elementor-section-height-default elementor-section-height-default\" data-id=\"12f6177\" data-element_type=\"section\">\n\t\t\t\t\t\t<div class=\"elementor-container elementor-column-gap-default\">\n\t\t\t\t\t<div class=\"elementor-column elementor-col-100 elementor-top-column elementor-element elementor-element-64c9d4b\" data-id=\"64c9d4b\" data-element_type=\"column\">\n\t\t\t<div class=\"elementor-widget-wrap elementor-element-populated\">\n\t\t\t\t\t\t<div class=\"elementor-element elementor-element-6d1304d elementor-widget elementor-widget-text-editor\" data-id=\"6d1304d\" data-element_type=\"widget\" data-widget_type=\"text-editor.default\">\n\t\t\t\t<div class=\"elementor-widget-container\">\n\t\t\t\t\t\t\t\t\t<p>A Pol\u00edcia Civil de Santa Catarina, por meio da Delegacia de Prote\u00e7\u00e3o a Animais Dom\u00e9sticos do Departamento de Investiga\u00e7\u00e3o Criminal da Capital (DPA\/DIC), concluiu inqu\u00e9rito policial que apurou os crimes de maus-tratos a animais e de associa\u00e7\u00e3o criminosa, referente \u00e0 pr\u00e1tica da \u201cfarra do boi\u201d ocorrida durante a Opera\u00e7\u00e3o Quaresma, no no bairro Rio Vermelho, em Florian\u00f3polis.<\/p><p>Foram meses de investiga\u00e7\u00e3o, com oitivas de diversas testemunhas e suspeitos, sendo que a colabora\u00e7\u00e3o da popula\u00e7\u00e3o local foi fundamental para a identifica\u00e7\u00e3o dos indiciados, dada a natureza clandestina pela qual delitos desta natureza s\u00e3o praticados. No caso em tela, os fatos ocorreram em im\u00f3vel rural, de pastagem, em local ermo e durante per\u00edodo noturno. Ap\u00f3s diversas dilig\u00eancias investigat\u00f3rias, obteve-se a confirma\u00e7\u00e3o do envolvimento direto dessas pessoas na \u201cfarra do boi\u201d ocorrida durante a Opera\u00e7\u00e3o Quaresma.<br><br>A Pol\u00edcia Civil ressalta que \u201cfarra do boi\u201d configura crime de maus-tratos a animais e, quando pessoas se associam para a pr\u00e1tica, tamb\u00e9m respondem pelo crime de associa\u00e7\u00e3o criminosa, cujas penas m\u00e1ximas somadas s\u00e3o de at\u00e9 04 anos de pris\u00e3o, al\u00e9m de multa.<br><br>Finalizado o procedimento na Delegacia de Prote\u00e7\u00e3o a Animais Dom\u00e9sticos &#8211; DPA, com a colheita de provas e indiciamento de 11 suspeitos, o inqu\u00e9rito policial foi remetido ao Poder Judici\u00e1rio.<\/p>\t\t\t\t\t\t\t\t<\/div>\n\t\t\t\t<\/div>\n\t\t\t\t\t<\/div>\n\t\t<\/div>\n\t\t\t\t\t<\/div>\n\t\t<\/section>\n\t\t\t\t<\/div>\n\t\t","protected":false},"excerpt":{"rendered":"<p>Delegacia de Prote\u00e7\u00e3o a Animais Dom\u00e9sticos conclui inqu\u00e9rito policial e indicia 11 pessoas por maus-tratos a animais e associa\u00e7\u00e3o criminosa na pr\u00e1tica de &#8220;Farra do Boi&#8221; no Norte da Ilha A Pol\u00edcia Civil de Santa Catarina, por meio da Delegacia de Prote\u00e7\u00e3o a Animais Dom\u00e9sticos do Departamento de Investiga\u00e7\u00e3o Criminal da Capital (DPA\/DIC), concluiu inqu\u00e9rito [&hellip;]<\/p>\n","protected":false},"author":5,"featured_media":16072,"comment_status":"closed","ping_status":"open","sticky":false,"template":"","format":"standard","meta":{"_monsterinsights_skip_tracking":false,"_monsterinsights_sitenote_active":false,"_monsterinsights_sitenote_note":"","_monsterinsights_sitenote_category":0,"footnotes":""},"categories":[1],"tags":[],"class_list":["post-16071","post","type-post","status-publish","format-standard","has-post-thumbnail","hentry","category-sem-categoria"],"_links":{"self":[{"href":"https:\/\/pc.sc.gov.br\/index.php?rest_route=\/wp\/v2\/posts\/16071","targetHints":{"allow":["GET"]}}],"collection":[{"href":"https:\/\/pc.sc.gov.br\/index.php?rest_route=\/wp\/v2\/posts"}],"about":[{"href":"https:\/\/pc.sc.gov.br\/index.php?rest_route=\/wp\/v2\/types\/post"}],"author":[{"embeddable":true,"href":"https:\/\/pc.sc.gov.br\/index.php?rest_route=\/wp\/v2\/users\/5"}],"replies":[{"embeddable":true,"href":"https:\/\/pc.sc.gov.br\/index.php?rest_route=%2Fwp%2Fv2%2Fcomments&post=16071"}],"version-history":[{"count":3,"href":"https:\/\/pc.sc.gov.br\/index.php?rest_route=\/wp\/v2\/posts\/16071\/revisions"}],"predecessor-version":[{"id":16075,"href":"https:\/\/pc.sc.gov.br\/index.php?rest_route=\/wp\/v2\/posts\/16071\/revisions\/16075"}],"wp:featuredmedia":[{"embeddable":true,"href":"https:\/\/pc.sc.gov.br\/index.php?rest_route=\/wp\/v2\/media\/16072"}],"wp:attachment":[{"href":"https:\/\/pc.sc.gov.br\/index.php?rest_route=%2Fwp%2Fv2%2Fmedia&parent=16071"}],"wp:term":[{"taxonomy":"category","embeddable":true,"href":"https:\/\/pc.sc.gov.br\/index.php?rest_route=%2Fwp%2Fv2%2Fcategories&post=16071"},{"taxonomy":"post_tag","embeddable":true,"href":"https:\/\/pc.sc.gov.br\/index.php?rest_route=%2Fwp%2Fv2%2Ftags&post=16071"}],"curies":[{"name":"wp","href":"https:\/\/api.w.org\/{rel}","templated":true}]}}