{"id":16084,"date":"2023-12-18T15:12:00","date_gmt":"2023-12-18T18:12:00","guid":{"rendered":"https:\/\/pc.sc.gov.br\/?p=16084"},"modified":"2023-12-18T15:12:58","modified_gmt":"2023-12-18T18:12:58","slug":"policia-civil-prende-homem-por-descumprimento-de-medida-protetiva-em-lebon-regis","status":"publish","type":"post","link":"https:\/\/pc.sc.gov.br\/?p=16084","title":{"rendered":"Pol\u00edcia Civil prende homem por descumprimento de medida protetiva em Lebon R\u00e9gis"},"content":{"rendered":"\t\t<div data-elementor-type=\"wp-post\" data-elementor-id=\"16084\" class=\"elementor elementor-16084\" data-elementor-post-type=\"post\">\n\t\t\t\t\t\t<section class=\"elementor-section elementor-top-section elementor-element elementor-element-771242f elementor-section-boxed elementor-section-height-default elementor-section-height-default\" data-id=\"771242f\" data-element_type=\"section\">\n\t\t\t\t\t\t<div class=\"elementor-container elementor-column-gap-default\">\n\t\t\t\t\t<div class=\"elementor-column elementor-col-100 elementor-top-column elementor-element elementor-element-088396c\" data-id=\"088396c\" data-element_type=\"column\">\n\t\t\t<div class=\"elementor-widget-wrap elementor-element-populated\">\n\t\t\t\t\t\t<div class=\"elementor-element elementor-element-b6c7e75 elementor-widget elementor-widget-heading\" data-id=\"b6c7e75\" data-element_type=\"widget\" data-widget_type=\"heading.default\">\n\t\t\t\t<div class=\"elementor-widget-container\">\n\t\t\t\t\t<h2 class=\"elementor-heading-title elementor-size-default\">Pol\u00edcia Civil prende homem por descumprimento de medida protetiva em Lebon R\u00e9gis<\/h2>\t\t\t\t<\/div>\n\t\t\t\t<\/div>\n\t\t\t\t\t<\/div>\n\t\t<\/div>\n\t\t\t\t\t<\/div>\n\t\t<\/section>\n\t\t\t\t<section class=\"elementor-section elementor-top-section elementor-element elementor-element-00b512e elementor-section-boxed elementor-section-height-default elementor-section-height-default\" data-id=\"00b512e\" data-element_type=\"section\">\n\t\t\t\t\t\t<div class=\"elementor-container elementor-column-gap-default\">\n\t\t\t\t\t<div class=\"elementor-column elementor-col-100 elementor-top-column elementor-element elementor-element-8e831e9\" data-id=\"8e831e9\" data-element_type=\"column\">\n\t\t\t<div class=\"elementor-widget-wrap elementor-element-populated\">\n\t\t\t\t\t\t<div class=\"elementor-element elementor-element-601502d elementor-widget elementor-widget-image\" data-id=\"601502d\" data-element_type=\"widget\" data-widget_type=\"image.default\">\n\t\t\t\t<div class=\"elementor-widget-container\">\n\t\t\t\t\t\t\t\t\t\t\t\t\t\t\t<img fetchpriority=\"high\" decoding=\"async\" width=\"696\" height=\"283\" src=\"https:\/\/pc.sc.gov.br\/\/wp-content\/uploads\/2023\/11\/colegio-fotor-20231030184618-1.jpg\" class=\"attachment-large size-large wp-image-15643\" alt=\"\" srcset=\"https:\/\/pc.sc.gov.br\/\/wp-content\/uploads\/2023\/11\/colegio-fotor-20231030184618-1.jpg 771w, https:\/\/pc.sc.gov.br\/\/wp-content\/uploads\/2023\/11\/colegio-fotor-20231030184618-1-300x122.jpg 300w, https:\/\/pc.sc.gov.br\/\/wp-content\/uploads\/2023\/11\/colegio-fotor-20231030184618-1-768x313.jpg 768w\" sizes=\"(max-width: 696px) 100vw, 696px\" \/>\t\t\t\t\t\t\t\t\t\t\t\t\t\t\t<\/div>\n\t\t\t\t<\/div>\n\t\t\t\t<div class=\"elementor-element elementor-element-bf1b392 elementor-widget elementor-widget-text-editor\" data-id=\"bf1b392\" data-element_type=\"widget\" data-widget_type=\"text-editor.default\">\n\t\t\t\t<div class=\"elementor-widget-container\">\n\t\t\t\t\t\t\t\t\t<p>Na sexta-feira (15), a Pol\u00edcia Civil do Estado de Santa Catarina, por meio do Setor de Investiga\u00e7\u00e3o Criminal da Comarca de Lebon R\u00e9gis, deu cumprimento a um mandado de pris\u00e3o preventiva expedido em desfavor de um homem em raz\u00e3o do descumprimento de medida protetiva de urg\u00eancia. <br \/>Ap\u00f3s realiza\u00e7\u00e3o de dilig\u00eancias investigativas, a Pol\u00edcia Civil logrou \u00eaxito na localiza\u00e7\u00e3o do homem e deu cumprimento ao mandado de pris\u00e3o. Diante dos fatos, a equipe policial conduziu o homem at\u00e9 a Delegacia de Pol\u00edcia para os devidos procedimentos. Na sequ\u00eancia, o homem foi encaminhado ao Pres\u00eddio de Ca\u00e7ador, onde se encontra \u00e0 disposi\u00e7\u00e3o Justi\u00e7a.<\/p>\t\t\t\t\t\t\t\t<\/div>\n\t\t\t\t<\/div>\n\t\t\t\t\t<\/div>\n\t\t<\/div>\n\t\t\t\t\t<\/div>\n\t\t<\/section>\n\t\t\t\t<\/div>\n\t\t","protected":false},"excerpt":{"rendered":"<p>Pol\u00edcia Civil prende homem por descumprimento de medida protetiva em Lebon R\u00e9gis Na sexta-feira (15), a Pol\u00edcia Civil do Estado de Santa Catarina, por meio do Setor de Investiga\u00e7\u00e3o Criminal da Comarca de Lebon R\u00e9gis, deu cumprimento a um mandado de pris\u00e3o preventiva expedido em desfavor de um homem em raz\u00e3o do descumprimento de medida [&hellip;]<\/p>\n","protected":false},"author":5,"featured_media":15643,"comment_status":"closed","ping_status":"open","sticky":false,"template":"","format":"standard","meta":{"_monsterinsights_skip_tracking":false,"_monsterinsights_sitenote_active":false,"_monsterinsights_sitenote_note":"","_monsterinsights_sitenote_category":0,"footnotes":""},"categories":[1],"tags":[],"class_list":["post-16084","post","type-post","status-publish","format-standard","has-post-thumbnail","hentry","category-sem-categoria"],"_links":{"self":[{"href":"https:\/\/pc.sc.gov.br\/index.php?rest_route=\/wp\/v2\/posts\/16084","targetHints":{"allow":["GET"]}}],"collection":[{"href":"https:\/\/pc.sc.gov.br\/index.php?rest_route=\/wp\/v2\/posts"}],"about":[{"href":"https:\/\/pc.sc.gov.br\/index.php?rest_route=\/wp\/v2\/types\/post"}],"author":[{"embeddable":true,"href":"https:\/\/pc.sc.gov.br\/index.php?rest_route=\/wp\/v2\/users\/5"}],"replies":[{"embeddable":true,"href":"https:\/\/pc.sc.gov.br\/index.php?rest_route=%2Fwp%2Fv2%2Fcomments&post=16084"}],"version-history":[{"count":4,"href":"https:\/\/pc.sc.gov.br\/index.php?rest_route=\/wp\/v2\/posts\/16084\/revisions"}],"predecessor-version":[{"id":16088,"href":"https:\/\/pc.sc.gov.br\/index.php?rest_route=\/wp\/v2\/posts\/16084\/revisions\/16088"}],"wp:featuredmedia":[{"embeddable":true,"href":"https:\/\/pc.sc.gov.br\/index.php?rest_route=\/wp\/v2\/media\/15643"}],"wp:attachment":[{"href":"https:\/\/pc.sc.gov.br\/index.php?rest_route=%2Fwp%2Fv2%2Fmedia&parent=16084"}],"wp:term":[{"taxonomy":"category","embeddable":true,"href":"https:\/\/pc.sc.gov.br\/index.php?rest_route=%2Fwp%2Fv2%2Fcategories&post=16084"},{"taxonomy":"post_tag","embeddable":true,"href":"https:\/\/pc.sc.gov.br\/index.php?rest_route=%2Fwp%2Fv2%2Ftags&post=16084"}],"curies":[{"name":"wp","href":"https:\/\/api.w.org\/{rel}","templated":true}]}}