{"id":16089,"date":"2023-12-18T15:21:01","date_gmt":"2023-12-18T18:21:01","guid":{"rendered":"https:\/\/pc.sc.gov.br\/?p=16089"},"modified":"2023-12-18T15:22:18","modified_gmt":"2023-12-18T18:22:18","slug":"divisao-de-investigacao-criminal-de-itajai-prende-foragido-do-maranhao-condenado-por-duplo-homicidio-em-navegantes","status":"publish","type":"post","link":"https:\/\/pc.sc.gov.br\/?p=16089","title":{"rendered":"Divis\u00e3o de Investiga\u00e7\u00e3o Criminal de Itaja\u00ed prende foragido do Maranh\u00e3o condenado por duplo homic\u00eddio em Navegantes"},"content":{"rendered":"\t\t<div data-elementor-type=\"wp-post\" data-elementor-id=\"16089\" class=\"elementor elementor-16089\" data-elementor-post-type=\"post\">\n\t\t\t\t\t\t<section class=\"elementor-section elementor-top-section elementor-element elementor-element-540e383 elementor-section-boxed elementor-section-height-default elementor-section-height-default\" data-id=\"540e383\" data-element_type=\"section\">\n\t\t\t\t\t\t<div class=\"elementor-container elementor-column-gap-default\">\n\t\t\t\t\t<div class=\"elementor-column elementor-col-100 elementor-top-column elementor-element elementor-element-c65186d\" data-id=\"c65186d\" data-element_type=\"column\">\n\t\t\t<div class=\"elementor-widget-wrap elementor-element-populated\">\n\t\t\t\t\t\t<div class=\"elementor-element elementor-element-3b3697d elementor-widget elementor-widget-heading\" data-id=\"3b3697d\" data-element_type=\"widget\" data-widget_type=\"heading.default\">\n\t\t\t\t<div class=\"elementor-widget-container\">\n\t\t\t\t\t<h2 class=\"elementor-heading-title elementor-size-default\">Divis\u00e3o de Investiga\u00e7\u00e3o Criminal de Itaja\u00ed prende foragido do Maranh\u00e3o condenado por duplo homic\u00eddio em Navegantes<\/h2>\t\t\t\t<\/div>\n\t\t\t\t<\/div>\n\t\t\t\t\t<\/div>\n\t\t<\/div>\n\t\t\t\t\t<\/div>\n\t\t<\/section>\n\t\t\t\t<section class=\"elementor-section elementor-top-section elementor-element elementor-element-7764ddb elementor-section-boxed elementor-section-height-default elementor-section-height-default\" data-id=\"7764ddb\" data-element_type=\"section\">\n\t\t\t\t\t\t<div class=\"elementor-container elementor-column-gap-default\">\n\t\t\t\t\t<div class=\"elementor-column elementor-col-100 elementor-top-column elementor-element elementor-element-f9620a3\" data-id=\"f9620a3\" data-element_type=\"column\">\n\t\t\t<div class=\"elementor-widget-wrap elementor-element-populated\">\n\t\t\t\t\t\t<div class=\"elementor-element elementor-element-0f76e49 elementor-widget elementor-widget-image\" data-id=\"0f76e49\" data-element_type=\"widget\" data-widget_type=\"image.default\">\n\t\t\t\t<div class=\"elementor-widget-container\">\n\t\t\t\t\t\t\t\t\t\t\t\t\t\t\t<img fetchpriority=\"high\" decoding=\"async\" width=\"696\" height=\"583\" src=\"https:\/\/pc.sc.gov.br\/\/wp-content\/uploads\/2023\/05\/DIC_-VIATURA002-2.jpg\" class=\"attachment-large size-large wp-image-9847\" alt=\"\" srcset=\"https:\/\/pc.sc.gov.br\/\/wp-content\/uploads\/2023\/05\/DIC_-VIATURA002-2.jpg 940w, https:\/\/pc.sc.gov.br\/\/wp-content\/uploads\/2023\/05\/DIC_-VIATURA002-2-300x251.jpg 300w, https:\/\/pc.sc.gov.br\/\/wp-content\/uploads\/2023\/05\/DIC_-VIATURA002-2-768x644.jpg 768w\" sizes=\"(max-width: 696px) 100vw, 696px\" \/>\t\t\t\t\t\t\t\t\t\t\t\t\t\t\t<\/div>\n\t\t\t\t<\/div>\n\t\t\t\t\t<\/div>\n\t\t<\/div>\n\t\t\t\t\t<\/div>\n\t\t<\/section>\n\t\t\t\t<section class=\"elementor-section elementor-top-section elementor-element elementor-element-ddc2061 elementor-section-boxed elementor-section-height-default elementor-section-height-default\" data-id=\"ddc2061\" data-element_type=\"section\">\n\t\t\t\t\t\t<div class=\"elementor-container elementor-column-gap-default\">\n\t\t\t\t\t<div class=\"elementor-column elementor-col-100 elementor-top-column elementor-element elementor-element-a6e06eb\" data-id=\"a6e06eb\" data-element_type=\"column\">\n\t\t\t<div class=\"elementor-widget-wrap elementor-element-populated\">\n\t\t\t\t\t\t<div class=\"elementor-element elementor-element-9de0496 elementor-widget elementor-widget-text-editor\" data-id=\"9de0496\" data-element_type=\"widget\" data-widget_type=\"text-editor.default\">\n\t\t\t\t<div class=\"elementor-widget-container\">\n\t\t\t\t\t\t\t\t\t<p>Na sexta-feira (15), a Pol\u00edcia Civil de Santa Catarina, por meio da Divis\u00e3o de Investiga\u00e7\u00e3o Criminal de Itaja\u00ed, deu cumprimento a mandado de pris\u00e3o decorrente de senten\u00e7a condenat\u00f3ria em desfavor de um homem condenado por duplo homic\u00eddio. <br \/>Segundo apurado, em julho de 20111, ele e outro indiv\u00edduo teriam matado a tiros um homem e sua filha, ent\u00e3o com 7 anos de idade, por vingan\u00e7a em raz\u00e3o de uma briga de fam\u00edlia, na cidade de S\u00e3o Luiz, capital do estado do Maranh\u00e3o. Devido ao crime, o homem foi condenado a pena de 43 anos e 9 meses em regime fechado pelos dois crimes de homic\u00eddio qualificado.<br \/>O homem foi capturado na empresa em que vinha trabalhando no munic\u00edpio de Navegantes. O preso foi encaminhado ao Sistema Penitenci\u00e1rio, onde permanece \u00e0 disposi\u00e7\u00e3o da Justi\u00e7a.<\/p><p>\u00a0<\/p>\t\t\t\t\t\t\t\t<\/div>\n\t\t\t\t<\/div>\n\t\t\t\t\t<\/div>\n\t\t<\/div>\n\t\t\t\t\t<\/div>\n\t\t<\/section>\n\t\t\t\t<\/div>\n\t\t","protected":false},"excerpt":{"rendered":"<p>Divis\u00e3o de Investiga\u00e7\u00e3o Criminal de Itaja\u00ed prende foragido do Maranh\u00e3o condenado por duplo homic\u00eddio em Navegantes Na sexta-feira (15), a Pol\u00edcia Civil de Santa Catarina, por meio da Divis\u00e3o de Investiga\u00e7\u00e3o Criminal de Itaja\u00ed, deu cumprimento a mandado de pris\u00e3o decorrente de senten\u00e7a condenat\u00f3ria em desfavor de um homem condenado por duplo homic\u00eddio. Segundo apurado, [&hellip;]<\/p>\n","protected":false},"author":5,"featured_media":9847,"comment_status":"closed","ping_status":"open","sticky":false,"template":"","format":"standard","meta":{"_monsterinsights_skip_tracking":false,"_monsterinsights_sitenote_active":false,"_monsterinsights_sitenote_note":"","_monsterinsights_sitenote_category":0,"footnotes":""},"categories":[1],"tags":[],"class_list":["post-16089","post","type-post","status-publish","format-standard","has-post-thumbnail","hentry","category-sem-categoria"],"_links":{"self":[{"href":"https:\/\/pc.sc.gov.br\/index.php?rest_route=\/wp\/v2\/posts\/16089","targetHints":{"allow":["GET"]}}],"collection":[{"href":"https:\/\/pc.sc.gov.br\/index.php?rest_route=\/wp\/v2\/posts"}],"about":[{"href":"https:\/\/pc.sc.gov.br\/index.php?rest_route=\/wp\/v2\/types\/post"}],"author":[{"embeddable":true,"href":"https:\/\/pc.sc.gov.br\/index.php?rest_route=\/wp\/v2\/users\/5"}],"replies":[{"embeddable":true,"href":"https:\/\/pc.sc.gov.br\/index.php?rest_route=%2Fwp%2Fv2%2Fcomments&post=16089"}],"version-history":[{"count":4,"href":"https:\/\/pc.sc.gov.br\/index.php?rest_route=\/wp\/v2\/posts\/16089\/revisions"}],"predecessor-version":[{"id":16093,"href":"https:\/\/pc.sc.gov.br\/index.php?rest_route=\/wp\/v2\/posts\/16089\/revisions\/16093"}],"wp:featuredmedia":[{"embeddable":true,"href":"https:\/\/pc.sc.gov.br\/index.php?rest_route=\/wp\/v2\/media\/9847"}],"wp:attachment":[{"href":"https:\/\/pc.sc.gov.br\/index.php?rest_route=%2Fwp%2Fv2%2Fmedia&parent=16089"}],"wp:term":[{"taxonomy":"category","embeddable":true,"href":"https:\/\/pc.sc.gov.br\/index.php?rest_route=%2Fwp%2Fv2%2Fcategories&post=16089"},{"taxonomy":"post_tag","embeddable":true,"href":"https:\/\/pc.sc.gov.br\/index.php?rest_route=%2Fwp%2Fv2%2Ftags&post=16089"}],"curies":[{"name":"wp","href":"https:\/\/api.w.org\/{rel}","templated":true}]}}