{"id":16099,"date":"2023-12-18T17:17:15","date_gmt":"2023-12-18T20:17:15","guid":{"rendered":"https:\/\/pc.sc.gov.br\/?p=16099"},"modified":"2023-12-18T17:18:51","modified_gmt":"2023-12-18T20:18:51","slug":"delegacia-de-homicidios-da-capital-prende-duas-pessoas-e-apreende-drogas-no-norte-da-ilha","status":"publish","type":"post","link":"https:\/\/pc.sc.gov.br\/?p=16099","title":{"rendered":"Delegacia de Homic\u00eddios da Capital prende duas pessoas e apreende drogas no norte da Ilha"},"content":{"rendered":"\t\t<div data-elementor-type=\"wp-post\" data-elementor-id=\"16099\" class=\"elementor elementor-16099\" data-elementor-post-type=\"post\">\n\t\t\t\t\t\t<section class=\"elementor-section elementor-top-section elementor-element elementor-element-534aa75 elementor-section-boxed elementor-section-height-default elementor-section-height-default\" data-id=\"534aa75\" data-element_type=\"section\">\n\t\t\t\t\t\t<div class=\"elementor-container elementor-column-gap-default\">\n\t\t\t\t\t<div class=\"elementor-column elementor-col-100 elementor-top-column elementor-element elementor-element-ac6426d\" data-id=\"ac6426d\" data-element_type=\"column\">\n\t\t\t<div class=\"elementor-widget-wrap elementor-element-populated\">\n\t\t\t\t\t\t<div class=\"elementor-element elementor-element-2fb96b2 elementor-widget elementor-widget-heading\" data-id=\"2fb96b2\" data-element_type=\"widget\" data-widget_type=\"heading.default\">\n\t\t\t\t<div class=\"elementor-widget-container\">\n\t\t\t\t\t<h2 class=\"elementor-heading-title elementor-size-default\">Delegacia de Homic\u00eddios da Capital prende duas pessoas e apreende drogas no norte da Ilha<\/h2>\t\t\t\t<\/div>\n\t\t\t\t<\/div>\n\t\t\t\t\t<\/div>\n\t\t<\/div>\n\t\t\t\t\t<\/div>\n\t\t<\/section>\n\t\t\t\t<section class=\"elementor-section elementor-top-section elementor-element elementor-element-e436548 elementor-section-boxed elementor-section-height-default elementor-section-height-default\" data-id=\"e436548\" data-element_type=\"section\">\n\t\t\t\t\t\t<div class=\"elementor-container elementor-column-gap-default\">\n\t\t\t\t\t<div class=\"elementor-column elementor-col-100 elementor-top-column elementor-element elementor-element-8df4bfc\" data-id=\"8df4bfc\" data-element_type=\"column\">\n\t\t\t<div class=\"elementor-widget-wrap elementor-element-populated\">\n\t\t\t\t\t\t<div class=\"elementor-element elementor-element-d2c75e8 elementor-widget elementor-widget-image\" data-id=\"d2c75e8\" data-element_type=\"widget\" data-widget_type=\"image.default\">\n\t\t\t\t<div class=\"elementor-widget-container\">\n\t\t\t\t\t\t\t\t\t\t\t\t\t\t\t<img fetchpriority=\"high\" decoding=\"async\" width=\"696\" height=\"928\" src=\"https:\/\/pc.sc.gov.br\/\/wp-content\/uploads\/2023\/12\/WhatsApp-Image-2023-12-18-at-14.54.20-768x1024.jpeg\" class=\"attachment-large size-large wp-image-16101\" alt=\"\" srcset=\"https:\/\/pc.sc.gov.br\/\/wp-content\/uploads\/2023\/12\/WhatsApp-Image-2023-12-18-at-14.54.20-768x1024.jpeg 768w, https:\/\/pc.sc.gov.br\/\/wp-content\/uploads\/2023\/12\/WhatsApp-Image-2023-12-18-at-14.54.20-225x300.jpeg 225w, https:\/\/pc.sc.gov.br\/\/wp-content\/uploads\/2023\/12\/WhatsApp-Image-2023-12-18-at-14.54.20-1152x1536.jpeg 1152w, https:\/\/pc.sc.gov.br\/\/wp-content\/uploads\/2023\/12\/WhatsApp-Image-2023-12-18-at-14.54.20.jpeg 1200w\" sizes=\"(max-width: 696px) 100vw, 696px\" \/>\t\t\t\t\t\t\t\t\t\t\t\t\t\t\t<\/div>\n\t\t\t\t<\/div>\n\t\t\t\t\t<\/div>\n\t\t<\/div>\n\t\t\t\t\t<\/div>\n\t\t<\/section>\n\t\t\t\t<section class=\"elementor-section elementor-top-section elementor-element elementor-element-8af4cd1 elementor-section-boxed elementor-section-height-default elementor-section-height-default\" data-id=\"8af4cd1\" data-element_type=\"section\">\n\t\t\t\t\t\t<div class=\"elementor-container elementor-column-gap-default\">\n\t\t\t\t\t<div class=\"elementor-column elementor-col-100 elementor-top-column elementor-element elementor-element-80e27e5\" data-id=\"80e27e5\" data-element_type=\"column\">\n\t\t\t<div class=\"elementor-widget-wrap elementor-element-populated\">\n\t\t\t\t\t\t<div class=\"elementor-element elementor-element-085514c elementor-widget elementor-widget-text-editor\" data-id=\"085514c\" data-element_type=\"widget\" data-widget_type=\"text-editor.default\">\n\t\t\t\t<div class=\"elementor-widget-container\">\n\t\t\t\t\t\t\t\t\t<p>Nesta segunda-feira (18), a Pol\u00edcia Civil de Santa Catarina, por meio da Delegacia de Homic\u00eddios da Capital, com o apoio da Coordenadoria de Opera\u00e7\u00f5es Policiais com C\u00e3es, cumpriu mandados de busca e apreens\u00e3o e de pris\u00e3o tempor\u00e1ria nos bairros Rio Vermelho, Ingleses e Canasvieiras, na Capital. As ordens judiciais s\u00e3o decorrentes de investiga\u00e7\u00e3o de crime de homic\u00eddio, ocorrido em 10 de novembro de 2023, na praia de Canasvieiras. <br \/>As buscas resultaram no cumprimento da pris\u00e3o tempor\u00e1ria de uma pessoa e de pris\u00e3o em flagrante de outra pela pr\u00e1tica dos crimes de posse irregular de arma de fogo de uso restrito e posse irregular de muni\u00e7\u00e3o ou acess\u00f3rio de uso restrito. <br \/>Durante as buscas ainda ocorreu a apreens\u00e3o de aproximadamente 24 quilos de maconha divididos em tabletes, 153 gramas de skunk, 422 comprimidos de ecstasy, 11 por\u00e7\u00f5es de coca\u00edna\/pasta base pesando em torno de 325 gramas, tr\u00eas balan\u00e7as de precis\u00e3o e rolos de papel filme e pl\u00e1sticos para embalar drogas. As buscas resultaram tamb\u00e9m em importante material e informa\u00e7\u00f5es a respeito do homic\u00eddio investigado.<\/p>\t\t\t\t\t\t\t\t<\/div>\n\t\t\t\t<\/div>\n\t\t\t\t\t<\/div>\n\t\t<\/div>\n\t\t\t\t\t<\/div>\n\t\t<\/section>\n\t\t\t\t<\/div>\n\t\t","protected":false},"excerpt":{"rendered":"<p>Delegacia de Homic\u00eddios da Capital prende duas pessoas e apreende drogas no norte da Ilha Nesta segunda-feira (18), a Pol\u00edcia Civil de Santa Catarina, por meio da Delegacia de Homic\u00eddios da Capital, com o apoio da Coordenadoria de Opera\u00e7\u00f5es Policiais com C\u00e3es, cumpriu mandados de busca e apreens\u00e3o e de pris\u00e3o tempor\u00e1ria nos bairros Rio [&hellip;]<\/p>\n","protected":false},"author":5,"featured_media":16101,"comment_status":"closed","ping_status":"open","sticky":false,"template":"","format":"standard","meta":{"_monsterinsights_skip_tracking":false,"_monsterinsights_sitenote_active":false,"_monsterinsights_sitenote_note":"","_monsterinsights_sitenote_category":0,"footnotes":""},"categories":[1],"tags":[],"class_list":["post-16099","post","type-post","status-publish","format-standard","has-post-thumbnail","hentry","category-sem-categoria"],"_links":{"self":[{"href":"https:\/\/pc.sc.gov.br\/index.php?rest_route=\/wp\/v2\/posts\/16099","targetHints":{"allow":["GET"]}}],"collection":[{"href":"https:\/\/pc.sc.gov.br\/index.php?rest_route=\/wp\/v2\/posts"}],"about":[{"href":"https:\/\/pc.sc.gov.br\/index.php?rest_route=\/wp\/v2\/types\/post"}],"author":[{"embeddable":true,"href":"https:\/\/pc.sc.gov.br\/index.php?rest_route=\/wp\/v2\/users\/5"}],"replies":[{"embeddable":true,"href":"https:\/\/pc.sc.gov.br\/index.php?rest_route=%2Fwp%2Fv2%2Fcomments&post=16099"}],"version-history":[{"count":4,"href":"https:\/\/pc.sc.gov.br\/index.php?rest_route=\/wp\/v2\/posts\/16099\/revisions"}],"predecessor-version":[{"id":16104,"href":"https:\/\/pc.sc.gov.br\/index.php?rest_route=\/wp\/v2\/posts\/16099\/revisions\/16104"}],"wp:featuredmedia":[{"embeddable":true,"href":"https:\/\/pc.sc.gov.br\/index.php?rest_route=\/wp\/v2\/media\/16101"}],"wp:attachment":[{"href":"https:\/\/pc.sc.gov.br\/index.php?rest_route=%2Fwp%2Fv2%2Fmedia&parent=16099"}],"wp:term":[{"taxonomy":"category","embeddable":true,"href":"https:\/\/pc.sc.gov.br\/index.php?rest_route=%2Fwp%2Fv2%2Fcategories&post=16099"},{"taxonomy":"post_tag","embeddable":true,"href":"https:\/\/pc.sc.gov.br\/index.php?rest_route=%2Fwp%2Fv2%2Ftags&post=16099"}],"curies":[{"name":"wp","href":"https:\/\/api.w.org\/{rel}","templated":true}]}}