{"id":16105,"date":"2023-12-18T19:04:17","date_gmt":"2023-12-18T22:04:17","guid":{"rendered":"https:\/\/pc.sc.gov.br\/?p=16105"},"modified":"2023-12-18T19:05:38","modified_gmt":"2023-12-18T22:05:38","slug":"policia-civil-prende-homem-investigado-por-duplo-homicidio-em-joinville","status":"publish","type":"post","link":"https:\/\/pc.sc.gov.br\/?p=16105","title":{"rendered":"Pol\u00edcia Civil prende homem investigado por duplo homic\u00eddio em Joinville"},"content":{"rendered":"\t\t<div data-elementor-type=\"wp-post\" data-elementor-id=\"16105\" class=\"elementor elementor-16105\" data-elementor-post-type=\"post\">\n\t\t\t\t\t\t<section class=\"elementor-section elementor-top-section elementor-element elementor-element-cad8eea elementor-section-boxed elementor-section-height-default elementor-section-height-default\" data-id=\"cad8eea\" data-element_type=\"section\">\n\t\t\t\t\t\t<div class=\"elementor-container elementor-column-gap-default\">\n\t\t\t\t\t<div class=\"elementor-column elementor-col-100 elementor-top-column elementor-element elementor-element-1bebde3\" data-id=\"1bebde3\" data-element_type=\"column\">\n\t\t\t<div class=\"elementor-widget-wrap elementor-element-populated\">\n\t\t\t\t\t\t<div class=\"elementor-element elementor-element-4acfab9 elementor-widget elementor-widget-heading\" data-id=\"4acfab9\" data-element_type=\"widget\" data-widget_type=\"heading.default\">\n\t\t\t\t<div class=\"elementor-widget-container\">\n\t\t\t\t\t<h2 class=\"elementor-heading-title elementor-size-default\">Pol\u00edcia Civil prende homem investigado por duplo homic\u00eddio em Joinville<\/h2>\t\t\t\t<\/div>\n\t\t\t\t<\/div>\n\t\t\t\t\t<\/div>\n\t\t<\/div>\n\t\t\t\t\t<\/div>\n\t\t<\/section>\n\t\t\t\t<section class=\"elementor-section elementor-top-section elementor-element elementor-element-bb861c6 elementor-section-boxed elementor-section-height-default elementor-section-height-default\" data-id=\"bb861c6\" data-element_type=\"section\">\n\t\t\t\t\t\t<div class=\"elementor-container elementor-column-gap-default\">\n\t\t\t\t\t<div class=\"elementor-column elementor-col-100 elementor-top-column elementor-element elementor-element-fae21f0\" data-id=\"fae21f0\" data-element_type=\"column\">\n\t\t\t<div class=\"elementor-widget-wrap elementor-element-populated\">\n\t\t\t\t\t\t<div class=\"elementor-element elementor-element-e2ea51a elementor-widget elementor-widget-image\" data-id=\"e2ea51a\" data-element_type=\"widget\" data-widget_type=\"image.default\">\n\t\t\t\t<div class=\"elementor-widget-container\">\n\t\t\t\t\t\t\t\t\t\t\t\t\t\t\t<img fetchpriority=\"high\" decoding=\"async\" width=\"696\" height=\"1004\" src=\"https:\/\/pc.sc.gov.br\/\/wp-content\/uploads\/2023\/06\/VIATURA_000000000028-1-e1755803154189-710x1024.jpg\" class=\"attachment-large size-large wp-image-10113\" alt=\"\" srcset=\"https:\/\/pc.sc.gov.br\/\/wp-content\/uploads\/2023\/06\/VIATURA_000000000028-1-e1755803154189-710x1024.jpg 710w, https:\/\/pc.sc.gov.br\/\/wp-content\/uploads\/2023\/06\/VIATURA_000000000028-1-e1755803154189-208x300.jpg 208w, https:\/\/pc.sc.gov.br\/\/wp-content\/uploads\/2023\/06\/VIATURA_000000000028-1-e1755803154189.jpg 720w\" sizes=\"(max-width: 696px) 100vw, 696px\" \/>\t\t\t\t\t\t\t\t\t\t\t\t\t\t\t<\/div>\n\t\t\t\t<\/div>\n\t\t\t\t\t<\/div>\n\t\t<\/div>\n\t\t\t\t\t<\/div>\n\t\t<\/section>\n\t\t\t\t<section class=\"elementor-section elementor-top-section elementor-element elementor-element-0683c2c elementor-section-boxed elementor-section-height-default elementor-section-height-default\" data-id=\"0683c2c\" data-element_type=\"section\">\n\t\t\t\t\t\t<div class=\"elementor-container elementor-column-gap-default\">\n\t\t\t\t\t<div class=\"elementor-column elementor-col-100 elementor-top-column elementor-element elementor-element-8b82643\" data-id=\"8b82643\" data-element_type=\"column\">\n\t\t\t<div class=\"elementor-widget-wrap elementor-element-populated\">\n\t\t\t\t\t\t<div class=\"elementor-element elementor-element-b680e23 elementor-widget elementor-widget-text-editor\" data-id=\"b680e23\" data-element_type=\"widget\" data-widget_type=\"text-editor.default\">\n\t\t\t\t<div class=\"elementor-widget-container\">\n\t\t\t\t\t\t\t\t\t<p>Nesta segunda-feira (18), a Pol\u00edcia Civil de Santa Catarina, por meio da Delegacia de Homic\u00eddios de Joinville e da 1\u00aa Delegacia de Pol\u00edcia de Joinville, deflagrou opera\u00e7\u00e3o que culminou no cumprimento de mandado de pris\u00e3o de investigado pelo crime de homic\u00eddio. <br>O in\u00edcio da opera\u00e7\u00e3o se deu pelo recebimento de informa\u00e7\u00e3o do paradeiro do alvo pelo Setor de Investiga\u00e7\u00e3o da 1\u00aa DP de Joinville, o qual compartilhou a informa\u00e7\u00e3o com Delegacia de Homic\u00eddios. Por meio de trabalho conjunto de levantamento e monitoramento, efetuou-se a execu\u00e7\u00e3o da ordem judicial. <br><br><b>Entenda o caso<br><\/b>O homem preso hoje \u00e9 um dos investigados pelo duplo homic\u00eddio ocorrido no dia 31 de janeiro deste ano em bairro da zona norte de Joinville, quando um bando de criminosos, ao terminar \u00e0 execu\u00e7\u00e3o dos desafetos, deparou-se com uma viatura da Pol\u00edcia Militar e para garantir a impunidade do grupo efetuaram disparos contra a guarni\u00e7\u00e3o.<br>Ap\u00f3s o fato o investigado empreendeu fuga para o Paran\u00e1. O presente autor foi identificado durante o inqu\u00e9rito policial com aux\u00edlio de Policiais Federais que j\u00e1 o investigavam por outros delitos.<\/p>\n<p><\/p>\t\t\t\t\t\t\t\t<\/div>\n\t\t\t\t<\/div>\n\t\t\t\t\t<\/div>\n\t\t<\/div>\n\t\t\t\t\t<\/div>\n\t\t<\/section>\n\t\t\t\t<\/div>\n\t\t","protected":false},"excerpt":{"rendered":"<p>Pol\u00edcia Civil prende homem investigado por duplo homic\u00eddio em Joinville Nesta segunda-feira (18), a Pol\u00edcia Civil de Santa Catarina, por meio da Delegacia de Homic\u00eddios de Joinville e da 1\u00aa Delegacia de Pol\u00edcia de Joinville, deflagrou opera\u00e7\u00e3o que culminou no cumprimento de mandado de pris\u00e3o de investigado pelo crime de homic\u00eddio. O in\u00edcio da opera\u00e7\u00e3o [&hellip;]<\/p>\n","protected":false},"author":5,"featured_media":10112,"comment_status":"closed","ping_status":"open","sticky":false,"template":"","format":"standard","meta":{"_monsterinsights_skip_tracking":false,"_monsterinsights_sitenote_active":false,"_monsterinsights_sitenote_note":"","_monsterinsights_sitenote_category":0,"footnotes":""},"categories":[1],"tags":[],"class_list":["post-16105","post","type-post","status-publish","format-standard","has-post-thumbnail","hentry","category-sem-categoria"],"_links":{"self":[{"href":"https:\/\/pc.sc.gov.br\/index.php?rest_route=\/wp\/v2\/posts\/16105","targetHints":{"allow":["GET"]}}],"collection":[{"href":"https:\/\/pc.sc.gov.br\/index.php?rest_route=\/wp\/v2\/posts"}],"about":[{"href":"https:\/\/pc.sc.gov.br\/index.php?rest_route=\/wp\/v2\/types\/post"}],"author":[{"embeddable":true,"href":"https:\/\/pc.sc.gov.br\/index.php?rest_route=\/wp\/v2\/users\/5"}],"replies":[{"embeddable":true,"href":"https:\/\/pc.sc.gov.br\/index.php?rest_route=%2Fwp%2Fv2%2Fcomments&post=16105"}],"version-history":[{"count":4,"href":"https:\/\/pc.sc.gov.br\/index.php?rest_route=\/wp\/v2\/posts\/16105\/revisions"}],"predecessor-version":[{"id":16109,"href":"https:\/\/pc.sc.gov.br\/index.php?rest_route=\/wp\/v2\/posts\/16105\/revisions\/16109"}],"wp:featuredmedia":[{"embeddable":true,"href":"https:\/\/pc.sc.gov.br\/index.php?rest_route=\/wp\/v2\/media\/10112"}],"wp:attachment":[{"href":"https:\/\/pc.sc.gov.br\/index.php?rest_route=%2Fwp%2Fv2%2Fmedia&parent=16105"}],"wp:term":[{"taxonomy":"category","embeddable":true,"href":"https:\/\/pc.sc.gov.br\/index.php?rest_route=%2Fwp%2Fv2%2Fcategories&post=16105"},{"taxonomy":"post_tag","embeddable":true,"href":"https:\/\/pc.sc.gov.br\/index.php?rest_route=%2Fwp%2Fv2%2Ftags&post=16105"}],"curies":[{"name":"wp","href":"https:\/\/api.w.org\/{rel}","templated":true}]}}