{"id":16110,"date":"2023-12-18T19:17:25","date_gmt":"2023-12-18T22:17:25","guid":{"rendered":"https:\/\/pc.sc.gov.br\/?p=16110"},"modified":"2023-12-18T19:19:58","modified_gmt":"2023-12-18T22:19:58","slug":"divisao-de-investigacao-criminal-de-joinville-e-a-unidade-que-mais-efetuou-prisoes-no-ano","status":"publish","type":"post","link":"https:\/\/pc.sc.gov.br\/?p=16110","title":{"rendered":"Divis\u00e3o de Investiga\u00e7\u00e3o Criminal de Joinville \u00e9 a unidade que mais efetuou pris\u00f5es no ano"},"content":{"rendered":"\t\t<div data-elementor-type=\"wp-post\" data-elementor-id=\"16110\" class=\"elementor elementor-16110\" data-elementor-post-type=\"post\">\n\t\t\t\t\t\t<section class=\"elementor-section elementor-top-section elementor-element elementor-element-124c6aa elementor-section-boxed elementor-section-height-default elementor-section-height-default\" data-id=\"124c6aa\" data-element_type=\"section\">\n\t\t\t\t\t\t<div class=\"elementor-container elementor-column-gap-default\">\n\t\t\t\t\t<div class=\"elementor-column elementor-col-100 elementor-top-column elementor-element elementor-element-a9c95bc\" data-id=\"a9c95bc\" data-element_type=\"column\">\n\t\t\t<div class=\"elementor-widget-wrap elementor-element-populated\">\n\t\t\t\t\t\t<div class=\"elementor-element elementor-element-3b990f7 elementor-widget elementor-widget-heading\" data-id=\"3b990f7\" data-element_type=\"widget\" data-widget_type=\"heading.default\">\n\t\t\t\t<div class=\"elementor-widget-container\">\n\t\t\t\t\t<h2 class=\"elementor-heading-title elementor-size-default\">Divis\u00e3o de Investiga\u00e7\u00e3o Criminal de Joinville \u00e9 a unidade que mais efetuou pris\u00f5es no ano <\/h2>\t\t\t\t<\/div>\n\t\t\t\t<\/div>\n\t\t\t\t\t<\/div>\n\t\t<\/div>\n\t\t\t\t\t<\/div>\n\t\t<\/section>\n\t\t\t\t<section class=\"elementor-section elementor-top-section elementor-element elementor-element-139c8a6 elementor-section-boxed elementor-section-height-default elementor-section-height-default\" data-id=\"139c8a6\" data-element_type=\"section\">\n\t\t\t\t\t\t<div class=\"elementor-container elementor-column-gap-default\">\n\t\t\t\t\t<div class=\"elementor-column elementor-col-100 elementor-top-column elementor-element elementor-element-66a54ed\" data-id=\"66a54ed\" data-element_type=\"column\">\n\t\t\t<div class=\"elementor-widget-wrap elementor-element-populated\">\n\t\t\t\t\t\t<div class=\"elementor-element elementor-element-68b6c37 elementor-widget elementor-widget-image\" data-id=\"68b6c37\" data-element_type=\"widget\" data-widget_type=\"image.default\">\n\t\t\t\t<div class=\"elementor-widget-container\">\n\t\t\t\t\t\t\t\t\t\t\t\t\t\t\t<img fetchpriority=\"high\" decoding=\"async\" width=\"338\" height=\"148\" src=\"https:\/\/pc.sc.gov.br\/\/wp-content\/uploads\/2023\/12\/WhatsApp-Image-2023-12-11-at-17.02.53.jpeg\" class=\"attachment-large size-large wp-image-15928\" alt=\"\" srcset=\"https:\/\/pc.sc.gov.br\/\/wp-content\/uploads\/2023\/12\/WhatsApp-Image-2023-12-11-at-17.02.53.jpeg 338w, https:\/\/pc.sc.gov.br\/\/wp-content\/uploads\/2023\/12\/WhatsApp-Image-2023-12-11-at-17.02.53-300x131.jpeg 300w\" sizes=\"(max-width: 338px) 100vw, 338px\" \/>\t\t\t\t\t\t\t\t\t\t\t\t\t\t\t<\/div>\n\t\t\t\t<\/div>\n\t\t\t\t\t<\/div>\n\t\t<\/div>\n\t\t\t\t\t<\/div>\n\t\t<\/section>\n\t\t\t\t<section class=\"elementor-section elementor-top-section elementor-element elementor-element-297f033 elementor-section-boxed elementor-section-height-default elementor-section-height-default\" data-id=\"297f033\" data-element_type=\"section\">\n\t\t\t\t\t\t<div class=\"elementor-container elementor-column-gap-default\">\n\t\t\t\t\t<div class=\"elementor-column elementor-col-100 elementor-top-column elementor-element elementor-element-993c191\" data-id=\"993c191\" data-element_type=\"column\">\n\t\t\t<div class=\"elementor-widget-wrap elementor-element-populated\">\n\t\t\t\t\t\t<div class=\"elementor-element elementor-element-993f76e elementor-widget elementor-widget-text-editor\" data-id=\"993f76e\" data-element_type=\"widget\" data-widget_type=\"text-editor.default\">\n\t\t\t\t<div class=\"elementor-widget-container\">\n\t\t\t\t\t\t\t\t\t<p>A Divis\u00e3o de Investiga\u00e7\u00e3o Criminal de Joinville divulgou balan\u00e7o das opera\u00e7\u00f5es e investiga\u00e7\u00f5es desencadeadas neste ano. Pelo 5\u00ba ano consecutivo, a DIC de Joinville bate recordes de produtividade em Santa Catarina. Ao todo, 325 mandados de pris\u00e3o criminal foram cumpridos, al\u00e9m de 314 mandados de busca e apreens\u00e3o. Em rela\u00e7\u00e3o \u00e0s pessoas presas em flagrante, a Divis\u00e3o de Investiga\u00e7\u00e3o Criminal de Joinville\/SC tamb\u00e9m foi a delegacia que mais prendeu criminosos.<br>Vale salientar que a Divis\u00e3o de Investiga\u00e7\u00e3o Criminal conta com um efetivo de quatro delegados de pol\u00edcia e vinte policiais civis, entre agentes e escriv\u00e3es, coordenados pela Delegada T\u00e2nia Harada. O resultado \u00e9 atribu\u00eddo ao comprometimento dos policiais civis que trabalham nesta especializada.<span style=\"font-family: var( --e-global-typography-primary-font-family ), Sans-serif; font-size: var( --e-global-typography-primary-font-size ); font-weight: var( --e-global-typography-primary-font-weight ); letter-spacing: var( --e-global-typography-primary-letter-spacing );\">&nbsp;<\/span><\/p><p><b>O delegado Murillo Batalha fala sobre os \u00f3timos resultados no v\u00eddeo:<\/b><\/p>\t\t\t\t\t\t\t\t<\/div>\n\t\t\t\t<\/div>\n\t\t\t\t\t<\/div>\n\t\t<\/div>\n\t\t\t\t\t<\/div>\n\t\t<\/section>\n\t\t\t\t<section class=\"elementor-section elementor-top-section elementor-element elementor-element-13fc950 elementor-section-boxed elementor-section-height-default elementor-section-height-default\" data-id=\"13fc950\" data-element_type=\"section\">\n\t\t\t\t\t\t<div class=\"elementor-container elementor-column-gap-default\">\n\t\t\t\t\t<div class=\"elementor-column elementor-col-100 elementor-top-column elementor-element elementor-element-2c9e3d0\" data-id=\"2c9e3d0\" data-element_type=\"column\">\n\t\t\t<div class=\"elementor-widget-wrap elementor-element-populated\">\n\t\t\t\t\t\t<div class=\"elementor-element elementor-element-5fb7c68 elementor-widget__width-auto elementor-widget elementor-widget-video\" data-id=\"5fb7c68\" data-element_type=\"widget\" data-settings=\"{&quot;video_type&quot;:&quot;hosted&quot;,&quot;controls&quot;:&quot;yes&quot;}\" data-widget_type=\"video.default\">\n\t\t\t\t<div class=\"elementor-widget-container\">\n\t\t\t\t\t\t\t<div class=\"e-hosted-video elementor-wrapper elementor-open-inline\">\n\t\t\t\t\t<video class=\"elementor-video\" src=\"https:\/\/pc.sc.gov.br\/wp-content\/uploads\/2023\/12\/WhatsApp-Video-2023-12-18-at-18.57.55.mp4\" controls=\"\" preload=\"metadata\"><\/video>\n\t\t\t\t<\/div>\n\t\t\t\t\t\t<\/div>\n\t\t\t\t<\/div>\n\t\t\t\t\t<\/div>\n\t\t<\/div>\n\t\t\t\t\t<\/div>\n\t\t<\/section>\n\t\t\t\t<\/div>\n\t\t","protected":false},"excerpt":{"rendered":"<p>Divis\u00e3o de Investiga\u00e7\u00e3o Criminal de Joinville \u00e9 a unidade que mais efetuou pris\u00f5es no ano A Divis\u00e3o de Investiga\u00e7\u00e3o Criminal de Joinville divulgou balan\u00e7o das opera\u00e7\u00f5es e investiga\u00e7\u00f5es desencadeadas neste ano. Pelo 5\u00ba ano consecutivo, a DIC de Joinville bate recordes de produtividade em Santa Catarina. Ao todo, 325 mandados de pris\u00e3o criminal foram cumpridos, [&hellip;]<\/p>\n","protected":false},"author":5,"featured_media":15928,"comment_status":"closed","ping_status":"open","sticky":false,"template":"","format":"standard","meta":{"_monsterinsights_skip_tracking":false,"_monsterinsights_sitenote_active":false,"_monsterinsights_sitenote_note":"","_monsterinsights_sitenote_category":0,"footnotes":""},"categories":[1],"tags":[],"class_list":["post-16110","post","type-post","status-publish","format-standard","has-post-thumbnail","hentry","category-sem-categoria"],"_links":{"self":[{"href":"https:\/\/pc.sc.gov.br\/index.php?rest_route=\/wp\/v2\/posts\/16110","targetHints":{"allow":["GET"]}}],"collection":[{"href":"https:\/\/pc.sc.gov.br\/index.php?rest_route=\/wp\/v2\/posts"}],"about":[{"href":"https:\/\/pc.sc.gov.br\/index.php?rest_route=\/wp\/v2\/types\/post"}],"author":[{"embeddable":true,"href":"https:\/\/pc.sc.gov.br\/index.php?rest_route=\/wp\/v2\/users\/5"}],"replies":[{"embeddable":true,"href":"https:\/\/pc.sc.gov.br\/index.php?rest_route=%2Fwp%2Fv2%2Fcomments&post=16110"}],"version-history":[{"count":4,"href":"https:\/\/pc.sc.gov.br\/index.php?rest_route=\/wp\/v2\/posts\/16110\/revisions"}],"predecessor-version":[{"id":16115,"href":"https:\/\/pc.sc.gov.br\/index.php?rest_route=\/wp\/v2\/posts\/16110\/revisions\/16115"}],"wp:featuredmedia":[{"embeddable":true,"href":"https:\/\/pc.sc.gov.br\/index.php?rest_route=\/wp\/v2\/media\/15928"}],"wp:attachment":[{"href":"https:\/\/pc.sc.gov.br\/index.php?rest_route=%2Fwp%2Fv2%2Fmedia&parent=16110"}],"wp:term":[{"taxonomy":"category","embeddable":true,"href":"https:\/\/pc.sc.gov.br\/index.php?rest_route=%2Fwp%2Fv2%2Fcategories&post=16110"},{"taxonomy":"post_tag","embeddable":true,"href":"https:\/\/pc.sc.gov.br\/index.php?rest_route=%2Fwp%2Fv2%2Ftags&post=16110"}],"curies":[{"name":"wp","href":"https:\/\/api.w.org\/{rel}","templated":true}]}}