{"id":16116,"date":"2023-12-19T14:55:48","date_gmt":"2023-12-19T17:55:48","guid":{"rendered":"https:\/\/pc.sc.gov.br\/?p=16116"},"modified":"2023-12-19T15:18:54","modified_gmt":"2023-12-19T18:18:54","slug":"policia-civil-desenvolve-protocolo-presente-uma-resposta-rapida-para-casos-criticos-especialmente-ataques-as-escolas","status":"publish","type":"post","link":"https:\/\/pc.sc.gov.br\/?p=16116","title":{"rendered":"Pol\u00edcia Civil desenvolve \u201cProtocolo Presente\u201d, uma resposta r\u00e1pida para casos cr\u00edticos, especialmente ataques \u00e0s escolas"},"content":{"rendered":"\t\t<div data-elementor-type=\"wp-post\" data-elementor-id=\"16116\" class=\"elementor elementor-16116\" data-elementor-post-type=\"post\">\n\t\t\t\t\t\t<section class=\"elementor-section elementor-top-section elementor-element elementor-element-2b9ff26 elementor-section-boxed elementor-section-height-default elementor-section-height-default\" data-id=\"2b9ff26\" data-element_type=\"section\">\n\t\t\t\t\t\t<div class=\"elementor-container elementor-column-gap-default\">\n\t\t\t\t\t<div class=\"elementor-column elementor-col-100 elementor-top-column elementor-element elementor-element-ea8a372\" data-id=\"ea8a372\" data-element_type=\"column\">\n\t\t\t<div class=\"elementor-widget-wrap elementor-element-populated\">\n\t\t\t\t\t\t<div class=\"elementor-element elementor-element-674f126 elementor-widget elementor-widget-heading\" data-id=\"674f126\" data-element_type=\"widget\" data-widget_type=\"heading.default\">\n\t\t\t\t<div class=\"elementor-widget-container\">\n\t\t\t\t\t<h2 class=\"elementor-heading-title elementor-size-default\">Pol\u00edcia Civil desenvolve \u201cProtocolo Presente\u201d, uma resposta r\u00e1pida para casos cr\u00edticos, especialmente ataques \u00e0s escolas<\/h2>\t\t\t\t<\/div>\n\t\t\t\t<\/div>\n\t\t\t\t\t<\/div>\n\t\t<\/div>\n\t\t\t\t\t<\/div>\n\t\t<\/section>\n\t\t\t\t<section class=\"elementor-section elementor-top-section elementor-element elementor-element-71ebbcc elementor-section-boxed elementor-section-height-default elementor-section-height-default\" data-id=\"71ebbcc\" data-element_type=\"section\">\n\t\t\t\t\t\t<div class=\"elementor-container elementor-column-gap-default\">\n\t\t\t\t\t<div class=\"elementor-column elementor-col-100 elementor-top-column elementor-element elementor-element-ab02e35\" data-id=\"ab02e35\" data-element_type=\"column\">\n\t\t\t<div class=\"elementor-widget-wrap elementor-element-populated\">\n\t\t\t\t\t\t<div class=\"elementor-element elementor-element-b8001ee elementor-widget elementor-widget-image\" data-id=\"b8001ee\" data-element_type=\"widget\" data-widget_type=\"image.default\">\n\t\t\t\t<div class=\"elementor-widget-container\">\n\t\t\t\t\t\t\t\t\t\t\t\t\t\t\t<img fetchpriority=\"high\" decoding=\"async\" width=\"696\" height=\"795\" src=\"https:\/\/pc.sc.gov.br\/\/wp-content\/uploads\/2023\/12\/WhatsApp-Image-2023-12-19-at-14.52.52.jpeg\" class=\"attachment-large size-large wp-image-16117\" alt=\"\" srcset=\"https:\/\/pc.sc.gov.br\/\/wp-content\/uploads\/2023\/12\/WhatsApp-Image-2023-12-19-at-14.52.52.jpeg 896w, https:\/\/pc.sc.gov.br\/\/wp-content\/uploads\/2023\/12\/WhatsApp-Image-2023-12-19-at-14.52.52-263x300.jpeg 263w, https:\/\/pc.sc.gov.br\/\/wp-content\/uploads\/2023\/12\/WhatsApp-Image-2023-12-19-at-14.52.52-768x878.jpeg 768w\" sizes=\"(max-width: 696px) 100vw, 696px\" \/>\t\t\t\t\t\t\t\t\t\t\t\t\t\t\t<\/div>\n\t\t\t\t<\/div>\n\t\t\t\t\t<\/div>\n\t\t<\/div>\n\t\t\t\t\t<\/div>\n\t\t<\/section>\n\t\t\t\t<section class=\"elementor-section elementor-top-section elementor-element elementor-element-80a687b elementor-section-boxed elementor-section-height-default elementor-section-height-default\" data-id=\"80a687b\" data-element_type=\"section\">\n\t\t\t\t\t\t<div class=\"elementor-container elementor-column-gap-default\">\n\t\t\t\t\t<div class=\"elementor-column elementor-col-100 elementor-top-column elementor-element elementor-element-d3c1380\" data-id=\"d3c1380\" data-element_type=\"column\">\n\t\t\t<div class=\"elementor-widget-wrap elementor-element-populated\">\n\t\t\t\t\t\t<div class=\"elementor-element elementor-element-4e9b8e4 elementor-widget elementor-widget-text-editor\" data-id=\"4e9b8e4\" data-element_type=\"widget\" data-widget_type=\"text-editor.default\">\n\t\t\t\t<div class=\"elementor-widget-container\">\n\t\t\t\t\t\t\t\t\t<p>Para refor\u00e7ar a seguran\u00e7a da comunidade escolar, a Pol\u00edcia Civil de Santa Catarina desenvolveu nos \u00faltimos meses o Protocolo Presente, resposta imediata para casos cr\u00edticos, especialmente ataques a escolas. A importante ferramenta est\u00e1 sendo desenvolvida em parceria com as secretarias estaduais da educa\u00e7\u00e3o e da sa\u00fade e deve ser lan\u00e7ada at\u00e9 o come\u00e7o do ano letivo.<\/p><p>\u201cVamos capacitar 1800 policiais civis para atender nas escolas pr\u00f3ximas do trabalho deles e das resid\u00eancias, em articula\u00e7\u00e3o com as secretarias da Sa\u00fade e da Educa\u00e7\u00e3o, visando cessar a agress\u00e3o\u201d, anunciou o delegado-geral Ulisses Gabriel.\u00a0 Ele destacou que o protocolo foi desenvolvido a partir dos conhecimentos adquiridos pelos policiais civis que participaram do Curso da SWAT, em agosto deste ano.<\/p><p>O protocolo prev\u00ea o mapeamento das institui\u00e7\u00f5es de ensino, adapta\u00e7\u00e3o das t\u00e9cnicas de defesa de acordo com a \u00e1rea a ser resguardada e treinamento te\u00f3rico e pr\u00e1tico das equipes de policiais que poder\u00e3o atender em caso de ataques.<\/p><p><strong>Atua\u00e7\u00e3o interestadual do Ciberlab<\/strong><\/p><p>Al\u00e9m da resposta r\u00e1pida a um fato, outro foco do trabalho da PCSC \u00e9 detectar e combater qualquer tipo de amea\u00e7a que envolva risco aos estudantes e professores catarinenses. A Pol\u00edcia Civil por meio da Diretoria de Intelig\u00eancia (DIPC) e do Ciberlab, mant\u00e9m uma vigil\u00e2ncia ampla e constante de poss\u00edveis amea\u00e7as \u00e0s institui\u00e7\u00f5es de ensino, disseminadas por redes sociais.<\/p><p>Ao longo de 2023, foram registradas e investigadas 129 ocorr\u00eancias envolvendo algum tipo de amea\u00e7a \u00e0 unidade escolar. Essas apura\u00e7\u00f5es resultadas na condu\u00e7\u00e3o de 63 pessoas \u00e0s delegacias. As investiga\u00e7\u00f5es levaram os policiais a solicitar e obter do Poder Judici\u00e1rio autoriza\u00e7\u00e3o para a realiza\u00e7\u00e3o de 44 mandados de busca e apreens\u00e3o de 29 adolescentes. O saldo desse trabalho \u00e9 que n\u00e3o houve nenhuma tentativa de ataque ou ataque efetivo.\u00a0\u00a0<\/p><p>\u201cA atua\u00e7\u00e3o do Ciberlab neste ano foi fundamental para garantir a seguran\u00e7a da popula\u00e7\u00e3o catarinense. Al\u00e9m disso, essa unidade da PCSC apoia tamb\u00e9m outros estados e at\u00e9 outros pa\u00edses\u201d, destacou o delegado-geral da PCSC.<\/p><p>Em 2023, foram 39 relat\u00f3rios de intelig\u00eancia e t\u00e9cnicos emitidos pelo Cyberlab, sendo 23 deles para Santa Catarina, 15 para outros estados da federa\u00e7\u00e3o e um para o M\u00e9xico. Desse total, 26 relat\u00f3rios eram sobre casos envolvendo amea\u00e7as a escolas.<\/p><p><strong>Santa Catarina, Presente!<\/strong><\/p><p>Outro dado que demonstra a preocupa\u00e7\u00e3o da PCSC e do governador Jorginho Mello \u00e9 a realiza\u00e7\u00e3o de exerc\u00edcio integrados envolvendo todas as for\u00e7as de seguran\u00e7a. Na opera\u00e7\u00e3o \u201cSanta Catarina, Presente!\u201d realizada nos dias 10 e 11 de outubro, 1.632 escolas foram visitadas por equipes das for\u00e7as de seguran\u00e7a envolvendo 542.537 alunos. O exerc\u00edcio integrado teve como foco refor\u00e7ar os protocolos de seguran\u00e7a nas escolas, garantindo assim a tranquilidade de estudantes, professores e alunos.<\/p>\t\t\t\t\t\t\t\t<\/div>\n\t\t\t\t<\/div>\n\t\t\t\t\t<\/div>\n\t\t<\/div>\n\t\t\t\t\t<\/div>\n\t\t<\/section>\n\t\t\t\t<\/div>\n\t\t","protected":false},"excerpt":{"rendered":"<p>Pol\u00edcia Civil desenvolve \u201cProtocolo Presente\u201d, uma resposta r\u00e1pida para casos cr\u00edticos, especialmente ataques \u00e0s escolas Para refor\u00e7ar a seguran\u00e7a da comunidade escolar, a Pol\u00edcia Civil de Santa Catarina desenvolveu nos \u00faltimos meses o Protocolo Presente, resposta imediata para casos cr\u00edticos, especialmente ataques a escolas. A importante ferramenta est\u00e1 sendo desenvolvida em parceria com as secretarias [&hellip;]<\/p>\n","protected":false},"author":5,"featured_media":16122,"comment_status":"closed","ping_status":"open","sticky":false,"template":"","format":"standard","meta":{"_monsterinsights_skip_tracking":false,"_monsterinsights_sitenote_active":false,"_monsterinsights_sitenote_note":"","_monsterinsights_sitenote_category":0,"footnotes":""},"categories":[1],"tags":[],"class_list":["post-16116","post","type-post","status-publish","format-standard","has-post-thumbnail","hentry","category-sem-categoria"],"_links":{"self":[{"href":"https:\/\/pc.sc.gov.br\/index.php?rest_route=\/wp\/v2\/posts\/16116","targetHints":{"allow":["GET"]}}],"collection":[{"href":"https:\/\/pc.sc.gov.br\/index.php?rest_route=\/wp\/v2\/posts"}],"about":[{"href":"https:\/\/pc.sc.gov.br\/index.php?rest_route=\/wp\/v2\/types\/post"}],"author":[{"embeddable":true,"href":"https:\/\/pc.sc.gov.br\/index.php?rest_route=\/wp\/v2\/users\/5"}],"replies":[{"embeddable":true,"href":"https:\/\/pc.sc.gov.br\/index.php?rest_route=%2Fwp%2Fv2%2Fcomments&post=16116"}],"version-history":[{"count":4,"href":"https:\/\/pc.sc.gov.br\/index.php?rest_route=\/wp\/v2\/posts\/16116\/revisions"}],"predecessor-version":[{"id":16121,"href":"https:\/\/pc.sc.gov.br\/index.php?rest_route=\/wp\/v2\/posts\/16116\/revisions\/16121"}],"wp:featuredmedia":[{"embeddable":true,"href":"https:\/\/pc.sc.gov.br\/index.php?rest_route=\/wp\/v2\/media\/16122"}],"wp:attachment":[{"href":"https:\/\/pc.sc.gov.br\/index.php?rest_route=%2Fwp%2Fv2%2Fmedia&parent=16116"}],"wp:term":[{"taxonomy":"category","embeddable":true,"href":"https:\/\/pc.sc.gov.br\/index.php?rest_route=%2Fwp%2Fv2%2Fcategories&post=16116"},{"taxonomy":"post_tag","embeddable":true,"href":"https:\/\/pc.sc.gov.br\/index.php?rest_route=%2Fwp%2Fv2%2Ftags&post=16116"}],"curies":[{"name":"wp","href":"https:\/\/api.w.org\/{rel}","templated":true}]}}