{"id":16123,"date":"2023-12-19T16:17:11","date_gmt":"2023-12-19T19:17:11","guid":{"rendered":"https:\/\/pc.sc.gov.br\/?p=16123"},"modified":"2023-12-19T16:18:25","modified_gmt":"2023-12-19T19:18:25","slug":"policia-civil-esclarece-desaparecimento-de-mulher-em-sao-joaquim-e-prende-os-investigados-pelo-crime","status":"publish","type":"post","link":"https:\/\/pc.sc.gov.br\/?p=16123","title":{"rendered":"Pol\u00edcia Civil esclarece desaparecimento de mulher em S\u00e3o Joaquim e prende os investigados pelo crime"},"content":{"rendered":"\t\t<div data-elementor-type=\"wp-post\" data-elementor-id=\"16123\" class=\"elementor elementor-16123\" data-elementor-post-type=\"post\">\n\t\t\t\t\t\t<section class=\"elementor-section elementor-top-section elementor-element elementor-element-2fc1885 elementor-section-boxed elementor-section-height-default elementor-section-height-default\" data-id=\"2fc1885\" data-element_type=\"section\">\n\t\t\t\t\t\t<div class=\"elementor-container elementor-column-gap-default\">\n\t\t\t\t\t<div class=\"elementor-column elementor-col-100 elementor-top-column elementor-element elementor-element-fa74394\" data-id=\"fa74394\" data-element_type=\"column\">\n\t\t\t<div class=\"elementor-widget-wrap elementor-element-populated\">\n\t\t\t\t\t\t<div class=\"elementor-element elementor-element-a5570bf elementor-widget elementor-widget-heading\" data-id=\"a5570bf\" data-element_type=\"widget\" data-widget_type=\"heading.default\">\n\t\t\t\t<div class=\"elementor-widget-container\">\n\t\t\t\t\t<h2 class=\"elementor-heading-title elementor-size-default\">Pol\u00edcia Civil esclarece desaparecimento de mulher em S\u00e3o Joaquim e prende os investigados pelo crime<\/h2>\t\t\t\t<\/div>\n\t\t\t\t<\/div>\n\t\t\t\t\t<\/div>\n\t\t<\/div>\n\t\t\t\t\t<\/div>\n\t\t<\/section>\n\t\t\t\t<section class=\"elementor-section elementor-top-section elementor-element elementor-element-0e4b1f7 elementor-section-boxed elementor-section-height-default elementor-section-height-default\" data-id=\"0e4b1f7\" data-element_type=\"section\">\n\t\t\t\t\t\t<div class=\"elementor-container elementor-column-gap-default\">\n\t\t\t\t\t<div class=\"elementor-column elementor-col-100 elementor-top-column elementor-element elementor-element-209ab67\" data-id=\"209ab67\" data-element_type=\"column\">\n\t\t\t<div class=\"elementor-widget-wrap elementor-element-populated\">\n\t\t\t\t\t\t<div class=\"elementor-element elementor-element-c7dc85e elementor-widget elementor-widget-image\" data-id=\"c7dc85e\" data-element_type=\"widget\" data-widget_type=\"image.default\">\n\t\t\t\t<div class=\"elementor-widget-container\">\n\t\t\t\t\t\t\t\t\t\t\t\t\t\t\t<img fetchpriority=\"high\" decoding=\"async\" width=\"696\" height=\"522\" src=\"https:\/\/pc.sc.gov.br\/\/wp-content\/uploads\/2023\/11\/CARRO-VIATUIRA-SIRENE-NOITE-POLICIA-CIVIL-PCSC-1-1024x768.jpg\" class=\"attachment-large size-large wp-image-15332\" alt=\"\" srcset=\"https:\/\/pc.sc.gov.br\/\/wp-content\/uploads\/2023\/11\/CARRO-VIATUIRA-SIRENE-NOITE-POLICIA-CIVIL-PCSC-1-1024x768.jpg 1024w, https:\/\/pc.sc.gov.br\/\/wp-content\/uploads\/2023\/11\/CARRO-VIATUIRA-SIRENE-NOITE-POLICIA-CIVIL-PCSC-1-300x225.jpg 300w, https:\/\/pc.sc.gov.br\/\/wp-content\/uploads\/2023\/11\/CARRO-VIATUIRA-SIRENE-NOITE-POLICIA-CIVIL-PCSC-1-768x576.jpg 768w, https:\/\/pc.sc.gov.br\/\/wp-content\/uploads\/2023\/11\/CARRO-VIATUIRA-SIRENE-NOITE-POLICIA-CIVIL-PCSC-1.jpg 1280w\" sizes=\"(max-width: 696px) 100vw, 696px\" \/>\t\t\t\t\t\t\t\t\t\t\t\t\t\t\t<\/div>\n\t\t\t\t<\/div>\n\t\t\t\t\t<\/div>\n\t\t<\/div>\n\t\t\t\t\t<\/div>\n\t\t<\/section>\n\t\t\t\t<section class=\"elementor-section elementor-top-section elementor-element elementor-element-0216426 elementor-section-boxed elementor-section-height-default elementor-section-height-default\" data-id=\"0216426\" data-element_type=\"section\">\n\t\t\t\t\t\t<div class=\"elementor-container elementor-column-gap-default\">\n\t\t\t\t\t<div class=\"elementor-column elementor-col-100 elementor-top-column elementor-element elementor-element-b07aa6b\" data-id=\"b07aa6b\" data-element_type=\"column\">\n\t\t\t<div class=\"elementor-widget-wrap elementor-element-populated\">\n\t\t\t\t\t\t<div class=\"elementor-element elementor-element-9f539b2 elementor-widget elementor-widget-text-editor\" data-id=\"9f539b2\" data-element_type=\"widget\" data-widget_type=\"text-editor.default\">\n\t\t\t\t<div class=\"elementor-widget-container\">\n\t\t\t\t\t\t\t\t\t<p>Nesta ter\u00e7a-feira (19), a Pol\u00edcia Civil de Santa Catarina, por meio da Divis\u00e3o de Investiga\u00e7\u00f5es Criminais de S\u00e3o Joaquim, deu cumprimento a seis mandados de pris\u00e3o e de busca e apreens\u00e3o decorrentes de investiga\u00e7\u00e3o de homic\u00eddio doloso qualificado e oculta\u00e7\u00e3o de cad\u00e1ver de uma mulher em S\u00e3o Joaquim.<br>A a\u00e7\u00e3o contou com o apoio de policiais civis das delegacias da comarca de S\u00e3o Joaquim e Urubici e da Delegacia de Prote\u00e7\u00e3o \u00e0 Crian\u00e7a, ao Adolescente, \u00e0 Mulher e ao Idoso de S\u00e3o Joaquim. No mesmo contexto, em raz\u00e3o do encontro de subst\u00e2ncias entorpecentes e valores em dinheiro tamb\u00e9m houve a lavratura de um Auto de Pris\u00e3o em Flagrante por tr\u00e1fico de drogas.<\/p><p><b>Dos fatos e da investiga\u00e7\u00e3o<br><\/b><br>No dia 4 de fevereiro deste ano, a v\u00edtima desapareceu na cidade de S\u00e3o Joaquim e n\u00e3o foi mais sendo encontrada, nem se teve mais noticias sobre o seu paradeiro. Diante disto, a Pol\u00edcia Civil passou a apurar o fato, coletando, durante o per\u00edodo da investiga\u00e7\u00e3o, diversos elementos informativos que apontaram seguramente o envolvimento de seis pessoas, vinculadas a uma fac\u00e7\u00e3o criminosa, no cometimento do homic\u00eddio doloso qualificado e da oculta\u00e7\u00e3o de cad\u00e1ver.<br>Os elementos indicaram que o decreto da morte da mulher, que era usu\u00e1ria de entorpecente, adveio de uma d\u00edvida que a mesma teria com a fac\u00e7\u00e3o. Por isso, a fac\u00e7\u00e3o determinou a execu\u00e7\u00e3o e o desaparecimento da v\u00edtima, ordem que foi cumprida integralmente, eis que at\u00e9 o momento o corpo dela n\u00e3o foi encontrado. Destaca-se que execu\u00e7\u00f5es como essa, com o respectivo desaparecimento de suas v\u00edtimas, tem sido um procedimento recorrente adotado pelas fac\u00e7\u00f5es.<br>Assim sendo, diante da exist\u00eancia farta de provas, angariadas atrav\u00e9s de oitivas e das m\u00faltiplas medidas cautelares que foram pugnadas na intercorr\u00eancia da investiga\u00e7\u00e3o, as quais demonstraram o vinculo dos investigados com os fatos criminosos, representou-se pelas pris\u00f5es dos investigados, bem como, pelas buscas e apreens\u00f5es.<br>Com lastro nos elementos carreados nos autos, o Poder Judici\u00e1rio decretou a execu\u00e7\u00e3o das medidas, as quais foram cumpridas na manh\u00e3 desta ter\u00e7a-feira (19). Dessa forma, a Pol\u00edcia Civil concluiu a investiga\u00e7\u00e3o. Os presos, ap\u00f3s a execu\u00e7\u00e3o dos mandados, foram encaminhados \u00e0 unidade prisional, ficando \u00e0 disposi\u00e7\u00e3o da Justi\u00e7a.<\/p>\t\t\t\t\t\t\t\t<\/div>\n\t\t\t\t<\/div>\n\t\t\t\t\t<\/div>\n\t\t<\/div>\n\t\t\t\t\t<\/div>\n\t\t<\/section>\n\t\t\t\t<\/div>\n\t\t","protected":false},"excerpt":{"rendered":"<p>Pol\u00edcia Civil esclarece desaparecimento de mulher em S\u00e3o Joaquim e prende os investigados pelo crime Nesta ter\u00e7a-feira (19), a Pol\u00edcia Civil de Santa Catarina, por meio da Divis\u00e3o de Investiga\u00e7\u00f5es Criminais de S\u00e3o Joaquim, deu cumprimento a seis mandados de pris\u00e3o e de busca e apreens\u00e3o decorrentes de investiga\u00e7\u00e3o de homic\u00eddio doloso qualificado e oculta\u00e7\u00e3o [&hellip;]<\/p>\n","protected":false},"author":5,"featured_media":15215,"comment_status":"closed","ping_status":"open","sticky":false,"template":"","format":"standard","meta":{"_monsterinsights_skip_tracking":false,"_monsterinsights_sitenote_active":false,"_monsterinsights_sitenote_note":"","_monsterinsights_sitenote_category":0,"footnotes":""},"categories":[1],"tags":[],"class_list":["post-16123","post","type-post","status-publish","format-standard","has-post-thumbnail","hentry","category-sem-categoria"],"_links":{"self":[{"href":"https:\/\/pc.sc.gov.br\/index.php?rest_route=\/wp\/v2\/posts\/16123","targetHints":{"allow":["GET"]}}],"collection":[{"href":"https:\/\/pc.sc.gov.br\/index.php?rest_route=\/wp\/v2\/posts"}],"about":[{"href":"https:\/\/pc.sc.gov.br\/index.php?rest_route=\/wp\/v2\/types\/post"}],"author":[{"embeddable":true,"href":"https:\/\/pc.sc.gov.br\/index.php?rest_route=\/wp\/v2\/users\/5"}],"replies":[{"embeddable":true,"href":"https:\/\/pc.sc.gov.br\/index.php?rest_route=%2Fwp%2Fv2%2Fcomments&post=16123"}],"version-history":[{"count":4,"href":"https:\/\/pc.sc.gov.br\/index.php?rest_route=\/wp\/v2\/posts\/16123\/revisions"}],"predecessor-version":[{"id":16127,"href":"https:\/\/pc.sc.gov.br\/index.php?rest_route=\/wp\/v2\/posts\/16123\/revisions\/16127"}],"wp:featuredmedia":[{"embeddable":true,"href":"https:\/\/pc.sc.gov.br\/index.php?rest_route=\/wp\/v2\/media\/15215"}],"wp:attachment":[{"href":"https:\/\/pc.sc.gov.br\/index.php?rest_route=%2Fwp%2Fv2%2Fmedia&parent=16123"}],"wp:term":[{"taxonomy":"category","embeddable":true,"href":"https:\/\/pc.sc.gov.br\/index.php?rest_route=%2Fwp%2Fv2%2Fcategories&post=16123"},{"taxonomy":"post_tag","embeddable":true,"href":"https:\/\/pc.sc.gov.br\/index.php?rest_route=%2Fwp%2Fv2%2Ftags&post=16123"}],"curies":[{"name":"wp","href":"https:\/\/api.w.org\/{rel}","templated":true}]}}