{"id":16128,"date":"2023-12-19T17:31:21","date_gmt":"2023-12-19T20:31:21","guid":{"rendered":"https:\/\/pc.sc.gov.br\/?p=16128"},"modified":"2023-12-19T17:45:44","modified_gmt":"2023-12-19T20:45:44","slug":"delegacia-de-homicidios-da-capital-prende-dois-investigados-por-homicidio-de-um-homem-no-norte-da-ilha","status":"publish","type":"post","link":"https:\/\/pc.sc.gov.br\/?p=16128","title":{"rendered":"Delegacia de Homic\u00eddios da Capital prende dois investigados por homic\u00eddio de um homem no norte da Ilha"},"content":{"rendered":"\t\t<div data-elementor-type=\"wp-post\" data-elementor-id=\"16128\" class=\"elementor elementor-16128\" data-elementor-post-type=\"post\">\n\t\t\t\t\t\t<section class=\"elementor-section elementor-top-section elementor-element elementor-element-7e8bb6c elementor-section-boxed elementor-section-height-default elementor-section-height-default\" data-id=\"7e8bb6c\" data-element_type=\"section\">\n\t\t\t\t\t\t<div class=\"elementor-container elementor-column-gap-default\">\n\t\t\t\t\t<div class=\"elementor-column elementor-col-100 elementor-top-column elementor-element elementor-element-eab3269\" data-id=\"eab3269\" data-element_type=\"column\">\n\t\t\t<div class=\"elementor-widget-wrap elementor-element-populated\">\n\t\t\t\t\t\t<div class=\"elementor-element elementor-element-0dfdc98 elementor-widget elementor-widget-heading\" data-id=\"0dfdc98\" data-element_type=\"widget\" data-widget_type=\"heading.default\">\n\t\t\t\t<div class=\"elementor-widget-container\">\n\t\t\t\t\t<h2 class=\"elementor-heading-title elementor-size-default\">Delegacia de Homic\u00eddios da Capital prende dois investigados por homic\u00eddio de um homem no norte da Ilha<\/h2>\t\t\t\t<\/div>\n\t\t\t\t<\/div>\n\t\t\t\t\t<\/div>\n\t\t<\/div>\n\t\t\t\t\t<\/div>\n\t\t<\/section>\n\t\t\t\t<section class=\"elementor-section elementor-top-section elementor-element elementor-element-68e115c elementor-section-boxed elementor-section-height-default elementor-section-height-default\" data-id=\"68e115c\" data-element_type=\"section\">\n\t\t\t\t\t\t<div class=\"elementor-container elementor-column-gap-default\">\n\t\t\t\t\t<div class=\"elementor-column elementor-col-100 elementor-top-column elementor-element elementor-element-84ef34d\" data-id=\"84ef34d\" data-element_type=\"column\">\n\t\t\t<div class=\"elementor-widget-wrap elementor-element-populated\">\n\t\t\t\t\t\t<div class=\"elementor-element elementor-element-3c0761e elementor-widget__width-initial elementor-widget elementor-widget-image\" data-id=\"3c0761e\" data-element_type=\"widget\" data-widget_type=\"image.default\">\n\t\t\t\t<div class=\"elementor-widget-container\">\n\t\t\t\t\t\t\t\t\t\t\t\t\t\t\t<img fetchpriority=\"high\" decoding=\"async\" width=\"696\" height=\"928\" src=\"https:\/\/pc.sc.gov.br\/\/wp-content\/uploads\/2023\/12\/WhatsApp-Image-2023-12-19-at-12.57.09-e1703017628967-768x1024.jpeg\" class=\"attachment-large size-large wp-image-16129\" alt=\"\" \/>\t\t\t\t\t\t\t\t\t\t\t\t\t\t\t<\/div>\n\t\t\t\t<\/div>\n\t\t\t\t\t<\/div>\n\t\t<\/div>\n\t\t\t\t\t<\/div>\n\t\t<\/section>\n\t\t\t\t<section class=\"elementor-section elementor-top-section elementor-element elementor-element-61053d1 elementor-section-boxed elementor-section-height-default elementor-section-height-default\" data-id=\"61053d1\" data-element_type=\"section\">\n\t\t\t\t\t\t<div class=\"elementor-container elementor-column-gap-default\">\n\t\t\t\t\t<div class=\"elementor-column elementor-col-100 elementor-top-column elementor-element elementor-element-94e09dd\" data-id=\"94e09dd\" data-element_type=\"column\">\n\t\t\t<div class=\"elementor-widget-wrap elementor-element-populated\">\n\t\t\t\t\t\t<div class=\"elementor-element elementor-element-ec785c9 elementor-widget elementor-widget-text-editor\" data-id=\"ec785c9\" data-element_type=\"widget\" data-widget_type=\"text-editor.default\">\n\t\t\t\t<div class=\"elementor-widget-container\">\n\t\t\t\t\t\t\t\t\t<p>Nesta ter\u00e7a-feira (19), a Pol\u00edcia Civil de Santa Catarina, por meio da Delegacia de Homic\u00eddios da Capital, deflagrou opera\u00e7\u00e3o policial na Comunidade do Siri, no bairro Ingleses, que resultou no cumprimento de dois mandados de pris\u00e3o tempor\u00e1ria de dois investigados pela participa\u00e7\u00e3o em um homic\u00eddio com oculta\u00e7\u00e3o de cad\u00e1ver, ocorrido no m\u00eas de agosto deste ano, na Comunidade do Siri. <br \/>As investiga\u00e7\u00f5es apontam que a v\u00edtima, um homem, foi torturada, morta e enterrada nas dunas da Comunidade do Siri. Apesar de diversas buscas j\u00e1 realizadas naquela localidade, at\u00e9 o momento n\u00e3o foi poss\u00edvel encontrar o corpo da v\u00edtima. A morte ocorreu porque o homem era natural de outro estado e os autores teriam desconfiado de que ele pertencia a uma organiza\u00e7\u00e3o criminosa rival. <br \/>Durante o cumprimento dos mandados, um dos investigados foi preso em flagrante pelo crime de tr\u00e1fico de drogas, sendo encontrados com ele por\u00e7\u00f5es fracionadas de maconha, coca\u00edna, crack, balan\u00e7a de precis\u00e3o e dinheiro \u2013 fruto do com\u00e9rcio de entorpecentes.<\/p>\t\t\t\t\t\t\t\t<\/div>\n\t\t\t\t<\/div>\n\t\t\t\t\t<\/div>\n\t\t<\/div>\n\t\t\t\t\t<\/div>\n\t\t<\/section>\n\t\t\t\t<\/div>\n\t\t","protected":false},"excerpt":{"rendered":"<p>Delegacia de Homic\u00eddios da Capital prende dois investigados por homic\u00eddio de um homem no norte da Ilha Nesta ter\u00e7a-feira (19), a Pol\u00edcia Civil de Santa Catarina, por meio da Delegacia de Homic\u00eddios da Capital, deflagrou opera\u00e7\u00e3o policial na Comunidade do Siri, no bairro Ingleses, que resultou no cumprimento de dois mandados de pris\u00e3o tempor\u00e1ria de [&hellip;]<\/p>\n","protected":false},"author":5,"featured_media":16129,"comment_status":"closed","ping_status":"open","sticky":false,"template":"","format":"standard","meta":{"_monsterinsights_skip_tracking":false,"_monsterinsights_sitenote_active":false,"_monsterinsights_sitenote_note":"","_monsterinsights_sitenote_category":0,"footnotes":""},"categories":[1],"tags":[],"class_list":["post-16128","post","type-post","status-publish","format-standard","has-post-thumbnail","hentry","category-sem-categoria"],"_links":{"self":[{"href":"https:\/\/pc.sc.gov.br\/index.php?rest_route=\/wp\/v2\/posts\/16128","targetHints":{"allow":["GET"]}}],"collection":[{"href":"https:\/\/pc.sc.gov.br\/index.php?rest_route=\/wp\/v2\/posts"}],"about":[{"href":"https:\/\/pc.sc.gov.br\/index.php?rest_route=\/wp\/v2\/types\/post"}],"author":[{"embeddable":true,"href":"https:\/\/pc.sc.gov.br\/index.php?rest_route=\/wp\/v2\/users\/5"}],"replies":[{"embeddable":true,"href":"https:\/\/pc.sc.gov.br\/index.php?rest_route=%2Fwp%2Fv2%2Fcomments&post=16128"}],"version-history":[{"count":4,"href":"https:\/\/pc.sc.gov.br\/index.php?rest_route=\/wp\/v2\/posts\/16128\/revisions"}],"predecessor-version":[{"id":16133,"href":"https:\/\/pc.sc.gov.br\/index.php?rest_route=\/wp\/v2\/posts\/16128\/revisions\/16133"}],"wp:featuredmedia":[{"embeddable":true,"href":"https:\/\/pc.sc.gov.br\/index.php?rest_route=\/wp\/v2\/media\/16129"}],"wp:attachment":[{"href":"https:\/\/pc.sc.gov.br\/index.php?rest_route=%2Fwp%2Fv2%2Fmedia&parent=16128"}],"wp:term":[{"taxonomy":"category","embeddable":true,"href":"https:\/\/pc.sc.gov.br\/index.php?rest_route=%2Fwp%2Fv2%2Fcategories&post=16128"},{"taxonomy":"post_tag","embeddable":true,"href":"https:\/\/pc.sc.gov.br\/index.php?rest_route=%2Fwp%2Fv2%2Ftags&post=16128"}],"curies":[{"name":"wp","href":"https:\/\/api.w.org\/{rel}","templated":true}]}}