{"id":16139,"date":"2023-12-20T13:50:27","date_gmt":"2023-12-20T16:50:27","guid":{"rendered":"https:\/\/pc.sc.gov.br\/?p=16139"},"modified":"2023-12-20T13:51:17","modified_gmt":"2023-12-20T16:51:17","slug":"delegacia-de-furtos-e-roubos-de-cargas-da-deic-descobre-esquema-de-desvio-de-carnes-de-empresa-multinacional","status":"publish","type":"post","link":"https:\/\/pc.sc.gov.br\/?p=16139","title":{"rendered":"Delegacia de Furtos e Roubos de Cargas da DEIC descobre esquema de desvio de carnes de empresa multinacional"},"content":{"rendered":"\t\t<div data-elementor-type=\"wp-post\" data-elementor-id=\"16139\" class=\"elementor elementor-16139\" data-elementor-post-type=\"post\">\n\t\t\t\t\t\t<section class=\"elementor-section elementor-top-section elementor-element elementor-element-21f9d47 elementor-section-boxed elementor-section-height-default elementor-section-height-default\" data-id=\"21f9d47\" data-element_type=\"section\">\n\t\t\t\t\t\t<div class=\"elementor-container elementor-column-gap-default\">\n\t\t\t\t\t<div class=\"elementor-column elementor-col-100 elementor-top-column elementor-element elementor-element-9120e01\" data-id=\"9120e01\" data-element_type=\"column\">\n\t\t\t<div class=\"elementor-widget-wrap elementor-element-populated\">\n\t\t\t\t\t\t<div class=\"elementor-element elementor-element-2db61e4 elementor-widget elementor-widget-heading\" data-id=\"2db61e4\" data-element_type=\"widget\" data-widget_type=\"heading.default\">\n\t\t\t\t<div class=\"elementor-widget-container\">\n\t\t\t\t\t<h2 class=\"elementor-heading-title elementor-size-default\">Delegacia de Furtos e Roubos de Cargas da DEIC descobre esquema de desvio de carnes de empresa multinacional <\/h2>\t\t\t\t<\/div>\n\t\t\t\t<\/div>\n\t\t\t\t\t<\/div>\n\t\t<\/div>\n\t\t\t\t\t<\/div>\n\t\t<\/section>\n\t\t\t\t<section class=\"elementor-section elementor-top-section elementor-element elementor-element-5c37389 elementor-section-boxed elementor-section-height-default elementor-section-height-default\" data-id=\"5c37389\" data-element_type=\"section\">\n\t\t\t\t\t\t<div class=\"elementor-container elementor-column-gap-default\">\n\t\t\t\t\t<div class=\"elementor-column elementor-col-100 elementor-top-column elementor-element elementor-element-5a1c207\" data-id=\"5a1c207\" data-element_type=\"column\">\n\t\t\t<div class=\"elementor-widget-wrap elementor-element-populated\">\n\t\t\t\t\t\t<div class=\"elementor-element elementor-element-aaad69f elementor-widget elementor-widget-image\" data-id=\"aaad69f\" data-element_type=\"widget\" data-widget_type=\"image.default\">\n\t\t\t\t<div class=\"elementor-widget-container\">\n\t\t\t\t\t\t\t\t\t\t\t\t\t\t\t<img fetchpriority=\"high\" decoding=\"async\" width=\"696\" height=\"928\" src=\"https:\/\/pc.sc.gov.br\/\/wp-content\/uploads\/2023\/12\/WhatsApp-Image-2023-12-20-at-11.27.04-768x1024.jpeg\" class=\"attachment-large size-large wp-image-16140\" alt=\"\" srcset=\"https:\/\/pc.sc.gov.br\/\/wp-content\/uploads\/2023\/12\/WhatsApp-Image-2023-12-20-at-11.27.04-768x1024.jpeg 768w, https:\/\/pc.sc.gov.br\/\/wp-content\/uploads\/2023\/12\/WhatsApp-Image-2023-12-20-at-11.27.04-225x300.jpeg 225w, https:\/\/pc.sc.gov.br\/\/wp-content\/uploads\/2023\/12\/WhatsApp-Image-2023-12-20-at-11.27.04.jpeg 960w\" sizes=\"(max-width: 696px) 100vw, 696px\" \/>\t\t\t\t\t\t\t\t\t\t\t\t\t\t\t<\/div>\n\t\t\t\t<\/div>\n\t\t\t\t\t<\/div>\n\t\t<\/div>\n\t\t\t\t\t<\/div>\n\t\t<\/section>\n\t\t\t\t<section class=\"elementor-section elementor-top-section elementor-element elementor-element-20620af elementor-section-boxed elementor-section-height-default elementor-section-height-default\" data-id=\"20620af\" data-element_type=\"section\">\n\t\t\t\t\t\t<div class=\"elementor-container elementor-column-gap-default\">\n\t\t\t\t\t<div class=\"elementor-column elementor-col-100 elementor-top-column elementor-element elementor-element-1b6f99a\" data-id=\"1b6f99a\" data-element_type=\"column\">\n\t\t\t<div class=\"elementor-widget-wrap elementor-element-populated\">\n\t\t\t\t\t\t<div class=\"elementor-element elementor-element-be4ec65 elementor-widget elementor-widget-text-editor\" data-id=\"be4ec65\" data-element_type=\"widget\" data-widget_type=\"text-editor.default\">\n\t\t\t\t<div class=\"elementor-widget-container\">\n\t\t\t\t\t\t\t\t\t<p>Nesta quarta-feira (20), a Pol\u00edcia Civil de Santa Catarina, por meio da Delegacia de Furtos e Roubos de Cargas da Diretoria Estadual de Investiga\u00e7\u00f5es Criminais (DFRC\/DEIC), deflagrou opera\u00e7\u00e3o em Itaja\u00ed, em investiga\u00e7\u00e3o que objetivou desarticular um grupo criminoso respons\u00e1vel por v\u00e1rios furtos de cargas em empresas e p\u00e1tios de postos de combust\u00edveis na regi\u00e3o de Brusque.<br \/>Com a an\u00e1lise do material apreendido, a equipe de investiga\u00e7\u00e3o da DFRC\/DEIC identificou esquema de desvio de carnes de empresa multinacional. Foi identificado funcion\u00e1rio de empresa terceirizada, respons\u00e1vel pelas entregas, que diariamente furtava pe\u00e7as de carnes nobres e as revendia por pre\u00e7o muito inferior ao praticado no com\u00e9rcio legal. Para exemplificar, uma pe\u00e7a de fil\u00e9 mignon era comercializada a R$ 50. <br \/>Na manh\u00e3 desta quarta-feira (20), a equipe da DFRC\/DEIC cumpriu mandado de busca e apreens\u00e3o na resid\u00eancia do investigado. Foi localizado um freezer contendo diversos produtos furtados. O local em que as carnes eram acondicionadas era impr\u00f3prio, com m\u00e1 condi\u00e7\u00e3o sanit\u00e1ria e f\u00edsica. O preju\u00edzo causado a empresa est\u00e1 sendo contabilizado, no entanto, a an\u00e1lise preliminar da movimenta\u00e7\u00e3o financeira aponta o valor de R$ 50 mil.<\/p>\t\t\t\t\t\t\t\t<\/div>\n\t\t\t\t<\/div>\n\t\t\t\t\t<\/div>\n\t\t<\/div>\n\t\t\t\t\t<\/div>\n\t\t<\/section>\n\t\t\t\t<\/div>\n\t\t","protected":false},"excerpt":{"rendered":"<p>Delegacia de Furtos e Roubos de Cargas da DEIC descobre esquema de desvio de carnes de empresa multinacional Nesta quarta-feira (20), a Pol\u00edcia Civil de Santa Catarina, por meio da Delegacia de Furtos e Roubos de Cargas da Diretoria Estadual de Investiga\u00e7\u00f5es Criminais (DFRC\/DEIC), deflagrou opera\u00e7\u00e3o em Itaja\u00ed, em investiga\u00e7\u00e3o que objetivou desarticular um grupo [&hellip;]<\/p>\n","protected":false},"author":5,"featured_media":16140,"comment_status":"closed","ping_status":"open","sticky":false,"template":"","format":"standard","meta":{"_monsterinsights_skip_tracking":false,"_monsterinsights_sitenote_active":false,"_monsterinsights_sitenote_note":"","_monsterinsights_sitenote_category":0,"footnotes":""},"categories":[1],"tags":[],"class_list":["post-16139","post","type-post","status-publish","format-standard","has-post-thumbnail","hentry","category-sem-categoria"],"_links":{"self":[{"href":"https:\/\/pc.sc.gov.br\/index.php?rest_route=\/wp\/v2\/posts\/16139","targetHints":{"allow":["GET"]}}],"collection":[{"href":"https:\/\/pc.sc.gov.br\/index.php?rest_route=\/wp\/v2\/posts"}],"about":[{"href":"https:\/\/pc.sc.gov.br\/index.php?rest_route=\/wp\/v2\/types\/post"}],"author":[{"embeddable":true,"href":"https:\/\/pc.sc.gov.br\/index.php?rest_route=\/wp\/v2\/users\/5"}],"replies":[{"embeddable":true,"href":"https:\/\/pc.sc.gov.br\/index.php?rest_route=%2Fwp%2Fv2%2Fcomments&post=16139"}],"version-history":[{"count":4,"href":"https:\/\/pc.sc.gov.br\/index.php?rest_route=\/wp\/v2\/posts\/16139\/revisions"}],"predecessor-version":[{"id":16144,"href":"https:\/\/pc.sc.gov.br\/index.php?rest_route=\/wp\/v2\/posts\/16139\/revisions\/16144"}],"wp:featuredmedia":[{"embeddable":true,"href":"https:\/\/pc.sc.gov.br\/index.php?rest_route=\/wp\/v2\/media\/16140"}],"wp:attachment":[{"href":"https:\/\/pc.sc.gov.br\/index.php?rest_route=%2Fwp%2Fv2%2Fmedia&parent=16139"}],"wp:term":[{"taxonomy":"category","embeddable":true,"href":"https:\/\/pc.sc.gov.br\/index.php?rest_route=%2Fwp%2Fv2%2Fcategories&post=16139"},{"taxonomy":"post_tag","embeddable":true,"href":"https:\/\/pc.sc.gov.br\/index.php?rest_route=%2Fwp%2Fv2%2Ftags&post=16139"}],"curies":[{"name":"wp","href":"https:\/\/api.w.org\/{rel}","templated":true}]}}