{"id":16145,"date":"2023-12-20T14:01:15","date_gmt":"2023-12-20T17:01:15","guid":{"rendered":"https:\/\/pc.sc.gov.br\/?p=16145"},"modified":"2023-12-20T14:02:25","modified_gmt":"2023-12-20T17:02:25","slug":"delegacia-de-protecao-a-animais-domesticos-indicia-homem-por-maus-tratos-contra-gato-que-resultou-na-morte-do-animal-na-capital","status":"publish","type":"post","link":"https:\/\/pc.sc.gov.br\/?p=16145","title":{"rendered":"Delegacia de Prote\u00e7\u00e3o a Animais Dom\u00e9sticos indicia homem por maus-tratos contra gato que resultou na morte do animal na Capital"},"content":{"rendered":"\t\t<div data-elementor-type=\"wp-post\" data-elementor-id=\"16145\" class=\"elementor elementor-16145\" data-elementor-post-type=\"post\">\n\t\t\t\t\t\t<section class=\"elementor-section elementor-top-section elementor-element elementor-element-54959e3 elementor-section-boxed elementor-section-height-default elementor-section-height-default\" data-id=\"54959e3\" data-element_type=\"section\">\n\t\t\t\t\t\t<div class=\"elementor-container elementor-column-gap-default\">\n\t\t\t\t\t<div class=\"elementor-column elementor-col-100 elementor-top-column elementor-element elementor-element-4a1fc94\" data-id=\"4a1fc94\" data-element_type=\"column\">\n\t\t\t<div class=\"elementor-widget-wrap elementor-element-populated\">\n\t\t\t\t\t\t<div class=\"elementor-element elementor-element-906b79b elementor-widget elementor-widget-heading\" data-id=\"906b79b\" data-element_type=\"widget\" data-widget_type=\"heading.default\">\n\t\t\t\t<div class=\"elementor-widget-container\">\n\t\t\t\t\t<h2 class=\"elementor-heading-title elementor-size-default\">Delegacia de Prote\u00e7\u00e3o a Animais Dom\u00e9sticos indicia homem por maus-tratos contra gato que resultou na morte do animal na Capital<\/h2>\t\t\t\t<\/div>\n\t\t\t\t<\/div>\n\t\t\t\t\t<\/div>\n\t\t<\/div>\n\t\t\t\t\t<\/div>\n\t\t<\/section>\n\t\t\t\t<section class=\"elementor-section elementor-top-section elementor-element elementor-element-1161056 elementor-section-boxed elementor-section-height-default elementor-section-height-default\" data-id=\"1161056\" data-element_type=\"section\">\n\t\t\t\t\t\t<div class=\"elementor-container elementor-column-gap-default\">\n\t\t\t\t\t<div class=\"elementor-column elementor-col-100 elementor-top-column elementor-element elementor-element-dfa683f\" data-id=\"dfa683f\" data-element_type=\"column\">\n\t\t\t<div class=\"elementor-widget-wrap elementor-element-populated\">\n\t\t\t\t\t\t<div class=\"elementor-element elementor-element-4c14ef2 elementor-widget elementor-widget-image\" data-id=\"4c14ef2\" data-element_type=\"widget\" data-widget_type=\"image.default\">\n\t\t\t\t<div class=\"elementor-widget-container\">\n\t\t\t\t\t\t\t\t\t\t\t\t\t\t\t<img fetchpriority=\"high\" decoding=\"async\" width=\"696\" height=\"927\" src=\"https:\/\/pc.sc.gov.br\/\/wp-content\/uploads\/2023\/12\/WhatsApp-Image-2023-12-20-at-12.01.17-769x1024.jpeg\" class=\"attachment-large size-large wp-image-16146\" alt=\"\" srcset=\"https:\/\/pc.sc.gov.br\/\/wp-content\/uploads\/2023\/12\/WhatsApp-Image-2023-12-20-at-12.01.17-769x1024.jpeg 769w, https:\/\/pc.sc.gov.br\/\/wp-content\/uploads\/2023\/12\/WhatsApp-Image-2023-12-20-at-12.01.17-225x300.jpeg 225w, https:\/\/pc.sc.gov.br\/\/wp-content\/uploads\/2023\/12\/WhatsApp-Image-2023-12-20-at-12.01.17-768x1023.jpeg 768w, https:\/\/pc.sc.gov.br\/\/wp-content\/uploads\/2023\/12\/WhatsApp-Image-2023-12-20-at-12.01.17-1153x1536.jpeg 1153w, https:\/\/pc.sc.gov.br\/\/wp-content\/uploads\/2023\/12\/WhatsApp-Image-2023-12-20-at-12.01.17.jpeg 1201w\" sizes=\"(max-width: 696px) 100vw, 696px\" \/>\t\t\t\t\t\t\t\t\t\t\t\t\t\t\t<\/div>\n\t\t\t\t<\/div>\n\t\t\t\t\t<\/div>\n\t\t<\/div>\n\t\t\t\t\t<\/div>\n\t\t<\/section>\n\t\t\t\t<section class=\"elementor-section elementor-top-section elementor-element elementor-element-5c0c958 elementor-section-boxed elementor-section-height-default elementor-section-height-default\" data-id=\"5c0c958\" data-element_type=\"section\">\n\t\t\t\t\t\t<div class=\"elementor-container elementor-column-gap-default\">\n\t\t\t\t\t<div class=\"elementor-column elementor-col-100 elementor-top-column elementor-element elementor-element-5f8ee9e\" data-id=\"5f8ee9e\" data-element_type=\"column\">\n\t\t\t<div class=\"elementor-widget-wrap elementor-element-populated\">\n\t\t\t\t\t\t<div class=\"elementor-element elementor-element-c942b8f elementor-widget elementor-widget-text-editor\" data-id=\"c942b8f\" data-element_type=\"widget\" data-widget_type=\"text-editor.default\">\n\t\t\t\t<div class=\"elementor-widget-container\">\n\t\t\t\t\t\t\t\t\t<p>A Pol\u00edcia Civil do Estado de Santa Catarina, por meio da Delegacia de Prote\u00e7\u00e3o a Animais Dom\u00e9sticos do Departamento de Investiga\u00e7\u00e3o Criminal da Capital (DPA\/DIC), concluiu inqu\u00e9rito policial que apurou crime de maus-tratos qualificado contra gato, majorado pela morte do animal, o qual fora v\u00edtima de agress\u00e3o por parte de um vizinho, no bairro Ratones, na Capital.<br \/>Segundo a investiga\u00e7\u00e3o, um homem, incomodado com os gatos da vizinhan\u00e7a, no dia dos fatos, capturou o felino \u201cTom\u201d, levando-o para o interior da sua resid\u00eancia e, minutos ap\u00f3s, voltou com o animal cambaleante, o qual veio a \u00f3bito logo em seguida, com vest\u00edgios de agress\u00e3o.<br \/>Em interrogat\u00f3rio, o acusado alegou que j\u00e1 encontrou o gato sem vida e que n\u00e3o o teria levado para o interior da sua casa, o que foi desmascarado por imagens e relatos obtidos. Al\u00e9m disso, o acusado descartou o animal na lixeira da casa, prejudicando a realiza\u00e7\u00e3o de exame pericial.<br \/>Ap\u00f3s dilig\u00eancias de investiga\u00e7\u00e3o e identifica\u00e7\u00e3o do suspeito, a autoridade policial representou pela pris\u00e3o preventiva do investigado, mas o Minist\u00e9rio P\u00fablico e o Poder Judici\u00e1rio entenderam ausentes requisitos cautelares para que o acusado respondesse preso \u00e0 persecu\u00e7\u00e3o criminal, o que n\u00e3o significa que n\u00e3o poder\u00e1 ser condenado ao final do processo.<br \/>Finalizado o procedimento na Delegacia de Prote\u00e7\u00e3o a Animais Dom\u00e9sticos &#8211; DPA, com a colheita de provas e indiciamento do suspeito, o inqu\u00e9rito policial foi remetido ao Poder Judici\u00e1rio.<\/p>\t\t\t\t\t\t\t\t<\/div>\n\t\t\t\t<\/div>\n\t\t\t\t\t<\/div>\n\t\t<\/div>\n\t\t\t\t\t<\/div>\n\t\t<\/section>\n\t\t\t\t<\/div>\n\t\t","protected":false},"excerpt":{"rendered":"<p>Delegacia de Prote\u00e7\u00e3o a Animais Dom\u00e9sticos indicia homem por maus-tratos contra gato que resultou na morte do animal na Capital A Pol\u00edcia Civil do Estado de Santa Catarina, por meio da Delegacia de Prote\u00e7\u00e3o a Animais Dom\u00e9sticos do Departamento de Investiga\u00e7\u00e3o Criminal da Capital (DPA\/DIC), concluiu inqu\u00e9rito policial que apurou crime de maus-tratos qualificado contra [&hellip;]<\/p>\n","protected":false},"author":5,"featured_media":16146,"comment_status":"closed","ping_status":"open","sticky":false,"template":"","format":"standard","meta":{"_monsterinsights_skip_tracking":false,"_monsterinsights_sitenote_active":false,"_monsterinsights_sitenote_note":"","_monsterinsights_sitenote_category":0,"footnotes":""},"categories":[1],"tags":[],"class_list":["post-16145","post","type-post","status-publish","format-standard","has-post-thumbnail","hentry","category-sem-categoria"],"_links":{"self":[{"href":"https:\/\/pc.sc.gov.br\/index.php?rest_route=\/wp\/v2\/posts\/16145","targetHints":{"allow":["GET"]}}],"collection":[{"href":"https:\/\/pc.sc.gov.br\/index.php?rest_route=\/wp\/v2\/posts"}],"about":[{"href":"https:\/\/pc.sc.gov.br\/index.php?rest_route=\/wp\/v2\/types\/post"}],"author":[{"embeddable":true,"href":"https:\/\/pc.sc.gov.br\/index.php?rest_route=\/wp\/v2\/users\/5"}],"replies":[{"embeddable":true,"href":"https:\/\/pc.sc.gov.br\/index.php?rest_route=%2Fwp%2Fv2%2Fcomments&post=16145"}],"version-history":[{"count":4,"href":"https:\/\/pc.sc.gov.br\/index.php?rest_route=\/wp\/v2\/posts\/16145\/revisions"}],"predecessor-version":[{"id":16150,"href":"https:\/\/pc.sc.gov.br\/index.php?rest_route=\/wp\/v2\/posts\/16145\/revisions\/16150"}],"wp:featuredmedia":[{"embeddable":true,"href":"https:\/\/pc.sc.gov.br\/index.php?rest_route=\/wp\/v2\/media\/16146"}],"wp:attachment":[{"href":"https:\/\/pc.sc.gov.br\/index.php?rest_route=%2Fwp%2Fv2%2Fmedia&parent=16145"}],"wp:term":[{"taxonomy":"category","embeddable":true,"href":"https:\/\/pc.sc.gov.br\/index.php?rest_route=%2Fwp%2Fv2%2Fcategories&post=16145"},{"taxonomy":"post_tag","embeddable":true,"href":"https:\/\/pc.sc.gov.br\/index.php?rest_route=%2Fwp%2Fv2%2Ftags&post=16145"}],"curies":[{"name":"wp","href":"https:\/\/api.w.org\/{rel}","templated":true}]}}