{"id":16156,"date":"2023-12-20T14:40:13","date_gmt":"2023-12-20T17:40:13","guid":{"rendered":"https:\/\/pc.sc.gov.br\/?p=16156"},"modified":"2023-12-20T14:41:20","modified_gmt":"2023-12-20T17:41:20","slug":"policias-civis-de-santa-catarina-e-parana-capturam-foragido-de-curitibanos-que-estava-escondido-no-parana","status":"publish","type":"post","link":"https:\/\/pc.sc.gov.br\/?p=16156","title":{"rendered":"Pol\u00edcias Civis de Santa Catarina e Paran\u00e1 capturam foragido de Curitibanos que estava escondido no Paran\u00e1"},"content":{"rendered":"\t\t<div data-elementor-type=\"wp-post\" data-elementor-id=\"16156\" class=\"elementor elementor-16156\" data-elementor-post-type=\"post\">\n\t\t\t\t\t\t<section class=\"elementor-section elementor-top-section elementor-element elementor-element-77af4a2 elementor-section-boxed elementor-section-height-default elementor-section-height-default\" data-id=\"77af4a2\" data-element_type=\"section\">\n\t\t\t\t\t\t<div class=\"elementor-container elementor-column-gap-default\">\n\t\t\t\t\t<div class=\"elementor-column elementor-col-100 elementor-top-column elementor-element elementor-element-dd0dd30\" data-id=\"dd0dd30\" data-element_type=\"column\">\n\t\t\t<div class=\"elementor-widget-wrap elementor-element-populated\">\n\t\t\t\t\t\t<div class=\"elementor-element elementor-element-1b84765 elementor-widget elementor-widget-heading\" data-id=\"1b84765\" data-element_type=\"widget\" data-widget_type=\"heading.default\">\n\t\t\t\t<div class=\"elementor-widget-container\">\n\t\t\t\t\t<h2 class=\"elementor-heading-title elementor-size-default\">Pol\u00edcias Civis de Santa Catarina e Paran\u00e1 capturam foragido de Curitibanos que estava escondido no Paran\u00e1<\/h2>\t\t\t\t<\/div>\n\t\t\t\t<\/div>\n\t\t\t\t\t<\/div>\n\t\t<\/div>\n\t\t\t\t\t<\/div>\n\t\t<\/section>\n\t\t\t\t<section class=\"elementor-section elementor-top-section elementor-element elementor-element-41d43b2 elementor-section-boxed elementor-section-height-default elementor-section-height-default\" data-id=\"41d43b2\" data-element_type=\"section\">\n\t\t\t\t\t\t<div class=\"elementor-container elementor-column-gap-default\">\n\t\t\t\t\t<div class=\"elementor-column elementor-col-100 elementor-top-column elementor-element elementor-element-47df619\" data-id=\"47df619\" data-element_type=\"column\">\n\t\t\t<div class=\"elementor-widget-wrap elementor-element-populated\">\n\t\t\t\t\t\t<div class=\"elementor-element elementor-element-4606c26 elementor-widget elementor-widget-image\" data-id=\"4606c26\" data-element_type=\"widget\" data-widget_type=\"image.default\">\n\t\t\t\t<div class=\"elementor-widget-container\">\n\t\t\t\t\t\t\t\t\t\t\t\t\t\t\t<img fetchpriority=\"high\" decoding=\"async\" width=\"696\" height=\"479\" src=\"https:\/\/pc.sc.gov.br\/\/wp-content\/uploads\/2023\/08\/dic-joinville-1.jpg\" class=\"attachment-large size-large wp-image-12199\" alt=\"\" srcset=\"https:\/\/pc.sc.gov.br\/\/wp-content\/uploads\/2023\/08\/dic-joinville-1.jpg 768w, https:\/\/pc.sc.gov.br\/\/wp-content\/uploads\/2023\/08\/dic-joinville-1-300x207.jpg 300w\" sizes=\"(max-width: 696px) 100vw, 696px\" \/>\t\t\t\t\t\t\t\t\t\t\t\t\t\t\t<\/div>\n\t\t\t\t<\/div>\n\t\t\t\t\t<\/div>\n\t\t<\/div>\n\t\t\t\t\t<\/div>\n\t\t<\/section>\n\t\t\t\t<section class=\"elementor-section elementor-top-section elementor-element elementor-element-8527f46 elementor-section-boxed elementor-section-height-default elementor-section-height-default\" data-id=\"8527f46\" data-element_type=\"section\">\n\t\t\t\t\t\t<div class=\"elementor-container elementor-column-gap-default\">\n\t\t\t\t\t<div class=\"elementor-column elementor-col-100 elementor-top-column elementor-element elementor-element-6cfec72\" data-id=\"6cfec72\" data-element_type=\"column\">\n\t\t\t<div class=\"elementor-widget-wrap elementor-element-populated\">\n\t\t\t\t\t\t<div class=\"elementor-element elementor-element-50e0b2e elementor-widget elementor-widget-text-editor\" data-id=\"50e0b2e\" data-element_type=\"widget\" data-widget_type=\"text-editor.default\">\n\t\t\t\t<div class=\"elementor-widget-container\">\n\t\t\t\t\t\t\t\t\t<p>Nesta quarta-feira (20), a Pol\u00edcia Civil de Santa Catarina, por meio da Divis\u00e3o de Investiga\u00e7\u00e3o Criminal de Curitibanos, em a\u00e7\u00e3o conjunta com a Pol\u00edcia Civil de Paran\u00e1, por meio da 58\u00aa Delegacia Regional de Pol\u00edcia de Santo Ant\u00f4nio do Sudoeste, capturaram um homem que, residindo em Curitibanos, havia rompido sua tornozeleira eletr\u00f4nica meses antes. Mesmo com mandado de pris\u00e3o em aberto e estando foragido da Justi\u00e7a, ele ainda amea\u00e7ava e perseguia v\u00e1rias pessoas.<br \/>Ap\u00f3s v\u00e1rias dilig\u00eancias investigativas por parte das equipes policiais dos dois estados, o homem foi localizado em uma cidade pr\u00f3xima \u00e0 Argentina, em Santo Ant\u00f4nio do Sudoeste, no Paran\u00e1. Agora, o homem, que possui mais de 40 boletins de ocorr\u00eancia em Santa Catarina, encontra-se preso e \u00e0 disposi\u00e7\u00e3o da Justi\u00e7a. <\/p>\t\t\t\t\t\t\t\t<\/div>\n\t\t\t\t<\/div>\n\t\t\t\t\t<\/div>\n\t\t<\/div>\n\t\t\t\t\t<\/div>\n\t\t<\/section>\n\t\t\t\t<\/div>\n\t\t","protected":false},"excerpt":{"rendered":"<p>Pol\u00edcias Civis de Santa Catarina e Paran\u00e1 capturam foragido de Curitibanos que estava escondido no Paran\u00e1 Nesta quarta-feira (20), a Pol\u00edcia Civil de Santa Catarina, por meio da Divis\u00e3o de Investiga\u00e7\u00e3o Criminal de Curitibanos, em a\u00e7\u00e3o conjunta com a Pol\u00edcia Civil de Paran\u00e1, por meio da 58\u00aa Delegacia Regional de Pol\u00edcia de Santo Ant\u00f4nio do [&hellip;]<\/p>\n","protected":false},"author":5,"featured_media":11300,"comment_status":"closed","ping_status":"open","sticky":false,"template":"","format":"standard","meta":{"_monsterinsights_skip_tracking":false,"_monsterinsights_sitenote_active":false,"_monsterinsights_sitenote_note":"","_monsterinsights_sitenote_category":0,"footnotes":""},"categories":[1],"tags":[],"class_list":["post-16156","post","type-post","status-publish","format-standard","has-post-thumbnail","hentry","category-sem-categoria"],"_links":{"self":[{"href":"https:\/\/pc.sc.gov.br\/index.php?rest_route=\/wp\/v2\/posts\/16156","targetHints":{"allow":["GET"]}}],"collection":[{"href":"https:\/\/pc.sc.gov.br\/index.php?rest_route=\/wp\/v2\/posts"}],"about":[{"href":"https:\/\/pc.sc.gov.br\/index.php?rest_route=\/wp\/v2\/types\/post"}],"author":[{"embeddable":true,"href":"https:\/\/pc.sc.gov.br\/index.php?rest_route=\/wp\/v2\/users\/5"}],"replies":[{"embeddable":true,"href":"https:\/\/pc.sc.gov.br\/index.php?rest_route=%2Fwp%2Fv2%2Fcomments&post=16156"}],"version-history":[{"count":4,"href":"https:\/\/pc.sc.gov.br\/index.php?rest_route=\/wp\/v2\/posts\/16156\/revisions"}],"predecessor-version":[{"id":16160,"href":"https:\/\/pc.sc.gov.br\/index.php?rest_route=\/wp\/v2\/posts\/16156\/revisions\/16160"}],"wp:featuredmedia":[{"embeddable":true,"href":"https:\/\/pc.sc.gov.br\/index.php?rest_route=\/wp\/v2\/media\/11300"}],"wp:attachment":[{"href":"https:\/\/pc.sc.gov.br\/index.php?rest_route=%2Fwp%2Fv2%2Fmedia&parent=16156"}],"wp:term":[{"taxonomy":"category","embeddable":true,"href":"https:\/\/pc.sc.gov.br\/index.php?rest_route=%2Fwp%2Fv2%2Fcategories&post=16156"},{"taxonomy":"post_tag","embeddable":true,"href":"https:\/\/pc.sc.gov.br\/index.php?rest_route=%2Fwp%2Fv2%2Ftags&post=16156"}],"curies":[{"name":"wp","href":"https:\/\/api.w.org\/{rel}","templated":true}]}}