{"id":16167,"date":"2023-12-20T16:25:23","date_gmt":"2023-12-20T19:25:23","guid":{"rendered":"https:\/\/pc.sc.gov.br\/?p=16167"},"modified":"2023-12-20T16:26:30","modified_gmt":"2023-12-20T19:26:30","slug":"delegacia-de-furtos-e-roubos-de-cargas-da-deic-prende-empresario-apontado-como-receptador-de-cargas-furtadas-em-itajai","status":"publish","type":"post","link":"https:\/\/pc.sc.gov.br\/?p=16167","title":{"rendered":"Delegacia de Furtos e Roubos de Cargas da DEIC prende empres\u00e1rio apontado como receptador de cargas furtadas em Itaja\u00ed"},"content":{"rendered":"\t\t<div data-elementor-type=\"wp-post\" data-elementor-id=\"16167\" class=\"elementor elementor-16167\" data-elementor-post-type=\"post\">\n\t\t\t\t\t\t<section class=\"elementor-section elementor-top-section elementor-element elementor-element-a676748 elementor-section-boxed elementor-section-height-default elementor-section-height-default\" data-id=\"a676748\" data-element_type=\"section\">\n\t\t\t\t\t\t<div class=\"elementor-container elementor-column-gap-default\">\n\t\t\t\t\t<div class=\"elementor-column elementor-col-100 elementor-top-column elementor-element elementor-element-723af84\" data-id=\"723af84\" data-element_type=\"column\">\n\t\t\t<div class=\"elementor-widget-wrap elementor-element-populated\">\n\t\t\t\t\t\t<div class=\"elementor-element elementor-element-bd042b8 elementor-widget elementor-widget-heading\" data-id=\"bd042b8\" data-element_type=\"widget\" data-widget_type=\"heading.default\">\n\t\t\t\t<div class=\"elementor-widget-container\">\n\t\t\t\t\t<h2 class=\"elementor-heading-title elementor-size-default\">Delegacia de Furtos e Roubos de Cargas da DEIC prende empres\u00e1rio apontado como receptador de cargas furtadas em Itaja\u00ed <\/h2>\t\t\t\t<\/div>\n\t\t\t\t<\/div>\n\t\t\t\t\t<\/div>\n\t\t<\/div>\n\t\t\t\t\t<\/div>\n\t\t<\/section>\n\t\t\t\t<section class=\"elementor-section elementor-top-section elementor-element elementor-element-c54588e elementor-section-boxed elementor-section-height-default elementor-section-height-default\" data-id=\"c54588e\" data-element_type=\"section\">\n\t\t\t\t\t\t<div class=\"elementor-container elementor-column-gap-default\">\n\t\t\t\t\t<div class=\"elementor-column elementor-col-100 elementor-top-column elementor-element elementor-element-ebefae4\" data-id=\"ebefae4\" data-element_type=\"column\">\n\t\t\t<div class=\"elementor-widget-wrap elementor-element-populated\">\n\t\t\t\t\t\t<div class=\"elementor-element elementor-element-59afbe6 elementor-widget elementor-widget-image\" data-id=\"59afbe6\" data-element_type=\"widget\" data-widget_type=\"image.default\">\n\t\t\t\t<div class=\"elementor-widget-container\">\n\t\t\t\t\t\t\t\t\t\t\t\t\t\t\t<img fetchpriority=\"high\" decoding=\"async\" width=\"696\" height=\"863\" src=\"https:\/\/pc.sc.gov.br\/\/wp-content\/uploads\/2023\/12\/WhatsApp-Image-2023-12-20-at-15.51.46-826x1024.jpeg\" class=\"attachment-large size-large wp-image-16168\" alt=\"\" srcset=\"https:\/\/pc.sc.gov.br\/\/wp-content\/uploads\/2023\/12\/WhatsApp-Image-2023-12-20-at-15.51.46-826x1024.jpeg 826w, https:\/\/pc.sc.gov.br\/\/wp-content\/uploads\/2023\/12\/WhatsApp-Image-2023-12-20-at-15.51.46-242x300.jpeg 242w, https:\/\/pc.sc.gov.br\/\/wp-content\/uploads\/2023\/12\/WhatsApp-Image-2023-12-20-at-15.51.46-768x953.jpeg 768w, https:\/\/pc.sc.gov.br\/\/wp-content\/uploads\/2023\/12\/WhatsApp-Image-2023-12-20-at-15.51.46-1238x1536.jpeg 1238w, https:\/\/pc.sc.gov.br\/\/wp-content\/uploads\/2023\/12\/WhatsApp-Image-2023-12-20-at-15.51.46.jpeg 1290w\" sizes=\"(max-width: 696px) 100vw, 696px\" \/>\t\t\t\t\t\t\t\t\t\t\t\t\t\t\t<\/div>\n\t\t\t\t<\/div>\n\t\t\t\t\t<\/div>\n\t\t<\/div>\n\t\t\t\t\t<\/div>\n\t\t<\/section>\n\t\t\t\t<section class=\"elementor-section elementor-top-section elementor-element elementor-element-cf7029d elementor-section-boxed elementor-section-height-default elementor-section-height-default\" data-id=\"cf7029d\" data-element_type=\"section\">\n\t\t\t\t\t\t<div class=\"elementor-container elementor-column-gap-default\">\n\t\t\t\t\t<div class=\"elementor-column elementor-col-100 elementor-top-column elementor-element elementor-element-d8a40c7\" data-id=\"d8a40c7\" data-element_type=\"column\">\n\t\t\t<div class=\"elementor-widget-wrap elementor-element-populated\">\n\t\t\t\t\t\t<div class=\"elementor-element elementor-element-3cb1177 elementor-widget elementor-widget-text-editor\" data-id=\"3cb1177\" data-element_type=\"widget\" data-widget_type=\"text-editor.default\">\n\t\t\t\t<div class=\"elementor-widget-container\">\n\t\t\t\t\t\t\t\t\t<p>Na quarta-feira (20), a Pol\u00edcia Civil de Santa Catarina, por meio da Delegacia de Furtos e Roubos de Cargas da Diretoria Estadual de Investiga\u00e7\u00f5es Criminais (DFRC\/DEIC), deflagrou opera\u00e7\u00e3o policial e cumpriu mandado de busca e apreens\u00e3o em uma loja de materiais de constru\u00e7\u00e3o, localizada no bairro Santa Regina, na cidade de Itaja\u00ed, e na resid\u00eancia de um homem investigado por ser receptor de cargas furtadas. <br>Foram apreendidos documentos, dispositivos eletr\u00f4nicos e uma pistola e muni\u00e7\u00f5es. A arma havia sido furtada em 2020 no bairro Praia Brava, Itaja\u00ed. O empres\u00e1rio foi preso em flagrante delito pelos crimes de resist\u00eancia, recepta\u00e7\u00e3o e porte ilegal de arma de fogo.<br><br><b>Entenda o caso<\/b><br>Ap\u00f3s identificar e responsabilizar criminalmente os autores do furto de carga de produtos sanit\u00e1rios ocorrido no dia 20 de mar\u00e7o deste ano, na cidade de Joinville, a DFRC\/DEIC identificou o receptador da carga. <br>Trata-se de um empres\u00e1rio do ramo de Materiais Constru\u00e7\u00e3o. A carga furtada est\u00e1 avaliada em R$ 112.000,00. Ap\u00f3s a deflagra\u00e7\u00e3o da primeira fase da opera\u00e7\u00e3o, em julho de 2023, o receptador, na tentativa de eximir-se da sua responsabilidade, vendeu a carga de primeira linha para uma empresa de reciclagem.<br>O titular da DFRC\/DEIC, delegado Osnei Valdir de Oliveira, destaca a import\u00e2ncia da atividade da Pol\u00edcia Civil no enfrentamento a furtos e roubos de cargas. \u201cA equipe de investiga\u00e7\u00e3o da DFRC analisa minuciosamente cada documento e dispositivo apreendido. Somente com uma investiga\u00e7\u00e3o robusta e t\u00e9cnica \u00e9 poss\u00edvel atingir toda a cadeia criminosa, do autor do furto ao receptador da carga. No combate ao roubo de carga todos os envolvidos devem ser identificados e responsabilizados criminalmente. Essa \u00e9 a resposta que o setor do Transporte Rodovi\u00e1rio de Cargas merece\u201d, destaca o delegado.<br>Den\u00fancias e informa\u00e7\u00f5es relacionadas a Roubo de Cargas podem ser encaminhadas para o e-mail _deic-dfrc@pc.sc.gov.br, sendo garantido o anonimato.<\/p>\t\t\t\t\t\t\t\t<\/div>\n\t\t\t\t<\/div>\n\t\t\t\t\t<\/div>\n\t\t<\/div>\n\t\t\t\t\t<\/div>\n\t\t<\/section>\n\t\t\t\t<\/div>\n\t\t","protected":false},"excerpt":{"rendered":"<p>Delegacia de Furtos e Roubos de Cargas da DEIC prende empres\u00e1rio apontado como receptador de cargas furtadas em Itaja\u00ed Na quarta-feira (20), a Pol\u00edcia Civil de Santa Catarina, por meio da Delegacia de Furtos e Roubos de Cargas da Diretoria Estadual de Investiga\u00e7\u00f5es Criminais (DFRC\/DEIC), deflagrou opera\u00e7\u00e3o policial e cumpriu mandado de busca e apreens\u00e3o [&hellip;]<\/p>\n","protected":false},"author":5,"featured_media":16168,"comment_status":"closed","ping_status":"open","sticky":false,"template":"","format":"standard","meta":{"_monsterinsights_skip_tracking":false,"_monsterinsights_sitenote_active":false,"_monsterinsights_sitenote_note":"","_monsterinsights_sitenote_category":0,"footnotes":""},"categories":[1],"tags":[],"class_list":["post-16167","post","type-post","status-publish","format-standard","has-post-thumbnail","hentry","category-sem-categoria"],"_links":{"self":[{"href":"https:\/\/pc.sc.gov.br\/index.php?rest_route=\/wp\/v2\/posts\/16167","targetHints":{"allow":["GET"]}}],"collection":[{"href":"https:\/\/pc.sc.gov.br\/index.php?rest_route=\/wp\/v2\/posts"}],"about":[{"href":"https:\/\/pc.sc.gov.br\/index.php?rest_route=\/wp\/v2\/types\/post"}],"author":[{"embeddable":true,"href":"https:\/\/pc.sc.gov.br\/index.php?rest_route=\/wp\/v2\/users\/5"}],"replies":[{"embeddable":true,"href":"https:\/\/pc.sc.gov.br\/index.php?rest_route=%2Fwp%2Fv2%2Fcomments&post=16167"}],"version-history":[{"count":4,"href":"https:\/\/pc.sc.gov.br\/index.php?rest_route=\/wp\/v2\/posts\/16167\/revisions"}],"predecessor-version":[{"id":16172,"href":"https:\/\/pc.sc.gov.br\/index.php?rest_route=\/wp\/v2\/posts\/16167\/revisions\/16172"}],"wp:featuredmedia":[{"embeddable":true,"href":"https:\/\/pc.sc.gov.br\/index.php?rest_route=\/wp\/v2\/media\/16168"}],"wp:attachment":[{"href":"https:\/\/pc.sc.gov.br\/index.php?rest_route=%2Fwp%2Fv2%2Fmedia&parent=16167"}],"wp:term":[{"taxonomy":"category","embeddable":true,"href":"https:\/\/pc.sc.gov.br\/index.php?rest_route=%2Fwp%2Fv2%2Fcategories&post=16167"},{"taxonomy":"post_tag","embeddable":true,"href":"https:\/\/pc.sc.gov.br\/index.php?rest_route=%2Fwp%2Fv2%2Ftags&post=16167"}],"curies":[{"name":"wp","href":"https:\/\/api.w.org\/{rel}","templated":true}]}}