{"id":16173,"date":"2023-12-20T18:01:40","date_gmt":"2023-12-20T21:01:40","guid":{"rendered":"https:\/\/pc.sc.gov.br\/?p=16173"},"modified":"2023-12-20T18:06:34","modified_gmt":"2023-12-20T21:06:34","slug":"governo-de-sc-autoriza-contratacoes-de-policiais-aposentados-para-reforcar-efetivo-da-policia-civil","status":"publish","type":"post","link":"https:\/\/pc.sc.gov.br\/?p=16173","title":{"rendered":"Governo de SC autoriza contrata\u00e7\u00f5es de policiais aposentados para refor\u00e7ar efetivo da Pol\u00edcia Civil"},"content":{"rendered":"\t\t<div data-elementor-type=\"wp-post\" data-elementor-id=\"16173\" class=\"elementor elementor-16173\" data-elementor-post-type=\"post\">\n\t\t\t\t\t\t<section class=\"elementor-section elementor-top-section elementor-element elementor-element-12c7674 elementor-section-boxed elementor-section-height-default elementor-section-height-default\" data-id=\"12c7674\" data-element_type=\"section\">\n\t\t\t\t\t\t<div class=\"elementor-container elementor-column-gap-default\">\n\t\t\t\t\t<div class=\"elementor-column elementor-col-100 elementor-top-column elementor-element elementor-element-b61e26c\" data-id=\"b61e26c\" data-element_type=\"column\">\n\t\t\t<div class=\"elementor-widget-wrap elementor-element-populated\">\n\t\t\t\t\t\t<div class=\"elementor-element elementor-element-e26cf81 elementor-widget elementor-widget-heading\" data-id=\"e26cf81\" data-element_type=\"widget\" data-widget_type=\"heading.default\">\n\t\t\t\t<div class=\"elementor-widget-container\">\n\t\t\t\t\t<h2 class=\"elementor-heading-title elementor-size-default\">Governo de SC autoriza contrata\u00e7\u00f5es de policiais aposentados para refor\u00e7ar efetivo da Pol\u00edcia Civil <\/h2>\t\t\t\t<\/div>\n\t\t\t\t<\/div>\n\t\t\t\t\t<\/div>\n\t\t<\/div>\n\t\t\t\t\t<\/div>\n\t\t<\/section>\n\t\t\t\t<section class=\"elementor-section elementor-top-section elementor-element elementor-element-5be4734 elementor-section-boxed elementor-section-height-default elementor-section-height-default\" data-id=\"5be4734\" data-element_type=\"section\">\n\t\t\t\t\t\t<div class=\"elementor-container elementor-column-gap-default\">\n\t\t\t\t\t<div class=\"elementor-column elementor-col-100 elementor-top-column elementor-element elementor-element-082bdc9\" data-id=\"082bdc9\" data-element_type=\"column\">\n\t\t\t<div class=\"elementor-widget-wrap\">\n\t\t\t\t\t\t\t<\/div>\n\t\t<\/div>\n\t\t\t\t\t<\/div>\n\t\t<\/section>\n\t\t\t\t<section class=\"elementor-section elementor-top-section elementor-element elementor-element-fd01395 elementor-section-boxed elementor-section-height-default elementor-section-height-default\" data-id=\"fd01395\" data-element_type=\"section\">\n\t\t\t\t\t\t<div class=\"elementor-container elementor-column-gap-default\">\n\t\t\t\t\t<div class=\"elementor-column elementor-col-100 elementor-top-column elementor-element elementor-element-e27c688\" data-id=\"e27c688\" data-element_type=\"column\">\n\t\t\t<div class=\"elementor-widget-wrap elementor-element-populated\">\n\t\t\t\t\t\t<div class=\"elementor-element elementor-element-0914103 elementor-widget elementor-widget-image\" data-id=\"0914103\" data-element_type=\"widget\" data-widget_type=\"image.default\">\n\t\t\t\t<div class=\"elementor-widget-container\">\n\t\t\t\t\t\t\t\t\t\t\t\t\t\t\t<img fetchpriority=\"high\" decoding=\"async\" width=\"696\" height=\"522\" src=\"https:\/\/pc.sc.gov.br\/\/wp-content\/uploads\/2023\/12\/WhatsApp-Image-2023-10-25-at-13.08.01-1.jpeg\" class=\"attachment-large size-large wp-image-16179\" alt=\"\" srcset=\"https:\/\/pc.sc.gov.br\/\/wp-content\/uploads\/2023\/12\/WhatsApp-Image-2023-10-25-at-13.08.01-1.jpeg 1024w, https:\/\/pc.sc.gov.br\/\/wp-content\/uploads\/2023\/12\/WhatsApp-Image-2023-10-25-at-13.08.01-1-300x225.jpeg 300w, https:\/\/pc.sc.gov.br\/\/wp-content\/uploads\/2023\/12\/WhatsApp-Image-2023-10-25-at-13.08.01-1-768x576.jpeg 768w\" sizes=\"(max-width: 696px) 100vw, 696px\" \/>\t\t\t\t\t\t\t\t\t\t\t\t\t\t\t<\/div>\n\t\t\t\t<\/div>\n\t\t\t\t<div class=\"elementor-element elementor-element-5b4ec30 elementor-widget elementor-widget-text-editor\" data-id=\"5b4ec30\" data-element_type=\"widget\" data-widget_type=\"text-editor.default\">\n\t\t\t\t<div class=\"elementor-widget-container\">\n\t\t\t\t\t\t\t\t\t<p>Nesta semana, o governador Jorginho Mello autorizou refor\u00e7os para o efetivo da Pol\u00edcia Civil de Santa Catarina. A medida visa \u00e0 contrata\u00e7\u00e3o de policiais civis aposentados para as Delegacias de Pol\u00edcia de forma tempor\u00e1ria. Esses profissionais ser\u00e3o distribu\u00eddos de forma proporcional entre as unidades interessadas e atuar\u00e3o especialmente nas \u00e1reas administrativas. Tal medida tem por objetivo suprir a falta de efetivo at\u00e9 o concurso para agentes e escriv\u00e3es.<br \/>O delegado-geral da PCSC, Ulisses Gabriel, destaca que desde 2017 n\u00e3o se autorizava esse tipo de contrata\u00e7\u00e3o. \u201cEssa medida vai permitir que os policiais civis mais jovens possam ir para a linha de frente, combater \u00e0 criminalidade\u201d, explica. <br \/>A medida veio em boa hora, pois com o deslocamento do efetivo policial para a opera\u00e7\u00e3o \u201cEsta\u00e7\u00e3o Ver\u00e3o\u201d, os policiais aposentados ser\u00e3o importantes para suprir \u00e0 demanda no interior do estado, n\u00e3o causando preju\u00edzo aos cidad\u00e3os que ficam nessas cidades.<br \/>\u201cCom o concurso p\u00fablico deste ano para delegados e psic\u00f3logos policiais e a previs\u00e3o de outro edital em 2024, dessa vez para agentes e escriv\u00e3es, teremos uma grande evolu\u00e7\u00e3o no efetivo da Pol\u00edcia Civil de Santa Catarina\u201d, comemora o delegado-geral.<\/p>\t\t\t\t\t\t\t\t<\/div>\n\t\t\t\t<\/div>\n\t\t\t\t\t<\/div>\n\t\t<\/div>\n\t\t\t\t\t<\/div>\n\t\t<\/section>\n\t\t\t\t<\/div>\n\t\t","protected":false},"excerpt":{"rendered":"<p>Governo de SC autoriza contrata\u00e7\u00f5es de policiais aposentados para refor\u00e7ar efetivo da Pol\u00edcia Civil Nesta semana, o governador Jorginho Mello autorizou refor\u00e7os para o efetivo da Pol\u00edcia Civil de Santa Catarina. A medida visa \u00e0 contrata\u00e7\u00e3o de policiais civis aposentados para as Delegacias de Pol\u00edcia de forma tempor\u00e1ria. Esses profissionais ser\u00e3o distribu\u00eddos de forma proporcional [&hellip;]<\/p>\n","protected":false},"author":5,"featured_media":16179,"comment_status":"closed","ping_status":"open","sticky":false,"template":"","format":"standard","meta":{"_monsterinsights_skip_tracking":false,"_monsterinsights_sitenote_active":false,"_monsterinsights_sitenote_note":"","_monsterinsights_sitenote_category":0,"footnotes":""},"categories":[1],"tags":[],"class_list":["post-16173","post","type-post","status-publish","format-standard","has-post-thumbnail","hentry","category-sem-categoria"],"_links":{"self":[{"href":"https:\/\/pc.sc.gov.br\/index.php?rest_route=\/wp\/v2\/posts\/16173","targetHints":{"allow":["GET"]}}],"collection":[{"href":"https:\/\/pc.sc.gov.br\/index.php?rest_route=\/wp\/v2\/posts"}],"about":[{"href":"https:\/\/pc.sc.gov.br\/index.php?rest_route=\/wp\/v2\/types\/post"}],"author":[{"embeddable":true,"href":"https:\/\/pc.sc.gov.br\/index.php?rest_route=\/wp\/v2\/users\/5"}],"replies":[{"embeddable":true,"href":"https:\/\/pc.sc.gov.br\/index.php?rest_route=%2Fwp%2Fv2%2Fcomments&post=16173"}],"version-history":[{"count":7,"href":"https:\/\/pc.sc.gov.br\/index.php?rest_route=\/wp\/v2\/posts\/16173\/revisions"}],"predecessor-version":[{"id":16182,"href":"https:\/\/pc.sc.gov.br\/index.php?rest_route=\/wp\/v2\/posts\/16173\/revisions\/16182"}],"wp:featuredmedia":[{"embeddable":true,"href":"https:\/\/pc.sc.gov.br\/index.php?rest_route=\/wp\/v2\/media\/16179"}],"wp:attachment":[{"href":"https:\/\/pc.sc.gov.br\/index.php?rest_route=%2Fwp%2Fv2%2Fmedia&parent=16173"}],"wp:term":[{"taxonomy":"category","embeddable":true,"href":"https:\/\/pc.sc.gov.br\/index.php?rest_route=%2Fwp%2Fv2%2Fcategories&post=16173"},{"taxonomy":"post_tag","embeddable":true,"href":"https:\/\/pc.sc.gov.br\/index.php?rest_route=%2Fwp%2Fv2%2Ftags&post=16173"}],"curies":[{"name":"wp","href":"https:\/\/api.w.org\/{rel}","templated":true}]}}